{"id":8966,"date":"2018-03-14T13:10:25","date_gmt":"2018-03-14T12:10:25","guid":{"rendered":"http:\/\/serveiseducatius.xtec.cat\/badalona\/?p=8966"},"modified":"2018-03-14T14:49:17","modified_gmt":"2018-03-14T13:49:17","slug":"linstitut-barres-i-ones-de-badalona-acull-la-cloenda-del-projecte-al-baix-besos-el-catala-amb-ritme","status":"publish","type":"post","link":"https:\/\/serveiseducatius.xtec.cat\/badalona\/portada\/linstitut-barres-i-ones-de-badalona-acull-la-cloenda-del-projecte-al-baix-besos-el-catala-amb-ritme\/","title":{"rendered":"L\u2019Institut Barres i Ones de Badalona acull la cloenda del projecte \u201cAl Baix Bes\u00f2s, el catal\u00e0 amb ritme!\u201d"},"content":{"rendered":"<p><img loading=\"lazy\" decoding=\"async\" class=\" alignleft\" src=\"http:\/\/barresiones.com\/web\/wp-content\/uploads\/2012\/11\/logobarres1.png\" width=\"340\" height=\"69\" \/>L\u2019acte, promogut per la <a href=\"https:\/\/www.plataforma-llengua.cat\/\" target=\"_blank\" rel=\"noopener noreferrer\">Plataforma per la Llengua<\/a>, comptar\u00e0 amb la pres\u00e8ncia de l\u2019alcaldessa de Badalona.<\/p>\n<p>L\u2019<a href=\"http:\/\/barresiones.com\/\" target=\"_blank\" rel=\"noopener noreferrer\"><strong>Institut Barres i Ones<\/strong><\/a> de Badalona (ctra. Antiga de Val\u00e8ncia, 95) acull aquest dijous, 15 de mar\u00e7, a partir de les 9.30 hores, el projecte \u201c<strong>Al Baix Bes\u00f2s, el catal\u00e0 amb ritme!<\/strong>\u201d. Es tracta d\u2019una iniciativa pedag\u00f2gica de la Plataforma per la Llengua que s\u2019ha desenvolupat durant aquest curs a les aules d\u2019ESO de diferents instituts de Badalona, Santa Coloma de Gramenet i Dosrius.<\/p>\n<p>L\u2019acte comptar\u00e0 amb la pres\u00e8ncia de l\u2019alcaldessa de Badalona, <a href=\"https:\/\/twitter.com\/mariadolorsa?lang=ca\" target=\"_blank\" rel=\"noopener noreferrer\">Dolors Sabater<\/a>, el diputat d\u2019Educaci\u00f3 de la Diputaci\u00f3 de Barcelona, <a href=\"https:\/\/twitter.com\/rafahomet?lang=ca\" target=\"_blank\" rel=\"noopener noreferrer\">Rafael Homet<\/a>, i la directora de la Plataforma per la Llengua, <a href=\"https:\/\/twitter.com\/neusmestres?lang=ca\" target=\"_blank\" rel=\"noopener noreferrer\">Neus Mestres<\/a>, que participaran a les activitats de glosa i al desenvolupament dels \u00faltims tallers.<br \/>El projecte \u201cAl Baix Bes\u00f2s, el catal\u00e0 amb ritme!\u201d \u00e9s una activitat que fa la Plataforma per la Llengua per fomentar l&#8217;\u00fas del catal\u00e0 com a eina de cohesi\u00f3 social i s&#8217;ha dut a terme amb la col\u00b7laboraci\u00f3 de la Diputaci\u00f3 de Barcelona, la Generalitat de Catalunya i l\u2019Ajuntament de Badalona.<\/p>\n<p>Font: Servei d&#8217;Atenci\u00f3 al Ciutad\u00e0 de l&#8217;Ajuntament de Badalona<\/p>\n","protected":false},"excerpt":{"rendered":"<p>L\u2019acte, promogut per la Plataforma per la Llengua, comptar\u00e0 amb la pres\u00e8ncia de l\u2019alcaldessa de Badalona. L\u2019Institut Barres i Ones [&hellip;]<\/p>\n","protected":false},"author":1,"featured_media":8970,"comment_status":"closed","ping_status":"closed","sticky":false,"template":"","format":"standard","meta":{"_bbp_topic_count":0,"_bbp_reply_count":0,"_bbp_total_topic_count":0,"_bbp_total_reply_count":0,"_bbp_voice_count":0,"_bbp_anonymous_reply_count":0,"_bbp_topic_count_hidden":0,"_bbp_reply_count_hidden":0,"_bbp_forum_subforum_count":0,"site-sidebar-layout":"default","site-content-layout":"","ast-site-content-layout":"","site-content-style":"default","site-sidebar-style":"default","ast-global-header-display":"","ast-banner-title-visibility":"","ast-main-header-display":"","ast-hfb-above-header-display":"","ast-hfb-below-header-display":"","ast-hfb-mobile-header-display":"","site-post-title":"","ast-breadcrumbs-content":"","ast-featured-img":"","footer-sml-layout":"","theme-transparent-header-meta":"","adv-header-id-meta":"","stick-header-meta":"","header-above-stick-meta":"","header-main-stick-meta":"","header-below-stick-meta":"","astra-migrate-meta-layouts":"default","ast-page-background-enabled":"default","ast-page-background-meta":{"desktop":{"background-color":"var(--ast-global-color-4)","background-image":"","background-repeat":"repeat","background-position":"center center","background-size":"auto","background-attachment":"scroll","background-type":"","background-media":"","overlay-type":"","overlay-color":"","overlay-opacity":"","overlay-gradient":""},"tablet":{"background-color":"","background-image":"","background-repeat":"repeat","background-position":"center center","background-size":"auto","background-attachment":"scroll","background-type":"","background-media":"","overlay-type":"","overlay-color":"","overlay-opacity":"","overlay-gradient":""},"mobile":{"background-color":"","background-image":"","background-repeat":"repeat","background-position":"center center","background-size":"auto","background-attachment":"scroll","background-type":"","background-media":"","overlay-type":"","overlay-color":"","overlay-opacity":"","overlay-gradient":""}},"ast-content-background-meta":{"desktop":{"background-color":"var(--ast-global-color-5)","background-image":"","background-repeat":"repeat","background-position":"center center","background-size":"auto","background-attachment":"scroll","background-type":"","background-media":"","overlay-type":"","overlay-color":"","overlay-opacity":"","overlay-gradient":""},"tablet":{"background-color":"var(--ast-global-color-5)","background-image":"","background-repeat":"repeat","background-position":"center center","background-size":"auto","background-attachment":"scroll","background-type":"","background-media":"","overlay-type":"","overlay-color":"","overlay-opacity":"","overlay-gradient":""},"mobile":{"background-color":"var(--ast-global-color-5)","background-image":"","background-repeat":"repeat","background-position":"center center","background-size":"auto","background-attachment":"scroll","background-type":"","background-media":"","overlay-type":"","overlay-color":"","overlay-opacity":"","overlay-gradient":""}},"footnotes":""},"categories":[29],"tags":[393,897,442,359,896],"class_list":["post-8966","post","type-post","status-publish","format-standard","has-post-thumbnail","hentry","category-portada","tag-ajuntament-de-badalona","tag-diputacio-de-barcelona","tag-glosa","tag-llengua","tag-plataforma-per-la-llengua"],"post_mailing_queue_ids":[],"_links":{"self":[{"href":"https:\/\/serveiseducatius.xtec.cat\/badalona\/wp-json\/wp\/v2\/posts\/8966","targetHints":{"allow":["GET"]}}],"collection":[{"href":"https:\/\/serveiseducatius.xtec.cat\/badalona\/wp-json\/wp\/v2\/posts"}],"about":[{"href":"https:\/\/serveiseducatius.xtec.cat\/badalona\/wp-json\/wp\/v2\/types\/post"}],"author":[{"embeddable":true,"href":"https:\/\/serveiseducatius.xtec.cat\/badalona\/wp-json\/wp\/v2\/users\/1"}],"replies":[{"embeddable":true,"href":"https:\/\/serveiseducatius.xtec.cat\/badalona\/wp-json\/wp\/v2\/comments?post=8966"}],"version-history":[{"count":3,"href":"https:\/\/serveiseducatius.xtec.cat\/badalona\/wp-json\/wp\/v2\/posts\/8966\/revisions"}],"predecessor-version":[{"id":8971,"href":"https:\/\/serveiseducatius.xtec.cat\/badalona\/wp-json\/wp\/v2\/posts\/8966\/revisions\/8971"}],"wp:featuredmedia":[{"embeddable":true,"href":"https:\/\/serveiseducatius.xtec.cat\/badalona\/wp-json\/wp\/v2\/media\/8970"}],"wp:attachment":[{"href":"https:\/\/serveiseducatius.xtec.cat\/badalona\/wp-json\/wp\/v2\/media?parent=8966"}],"wp:term":[{"taxonomy":"category","embeddable":true,"href":"https:\/\/serveiseducatius.xtec.cat\/badalona\/wp-json\/wp\/v2\/categories?post=8966"},{"taxonomy":"post_tag","embeddable":true,"href":"https:\/\/serveiseducatius.xtec.cat\/badalona\/wp-json\/wp\/v2\/tags?post=8966"}],"curies":[{"name":"wp","href":"https:\/\/api.w.org\/{rel}","templated":true}]}}