{"id":8951,"date":"2018-03-13T14:07:00","date_gmt":"2018-03-13T13:07:00","guid":{"rendered":"http:\/\/serveiseducatius.xtec.cat\/badalona\/?p=8951"},"modified":"2018-10-26T19:29:53","modified_gmt":"2018-10-26T17:29:53","slug":"21-de-marc-dia-mundial-de-la-poesia-2","status":"publish","type":"post","link":"https:\/\/serveiseducatius.xtec.cat\/badalona\/portada\/21-de-marc-dia-mundial-de-la-poesia-2\/","title":{"rendered":"21 de mar\u00e7: Dia Mundial de la Poesia"},"content":{"rendered":"<p><img loading=\"lazy\" decoding=\"async\" class=\" alignleft\" src=\"http:\/\/www.lletrescatalanes.cat\/images\/moduls\/postal_marc_granell.jpg\" width=\"131\" height=\"197\" \/><span style=\"font-family: verdana, geneva, sans-serif; font-size: 10pt;\">Per celebrar aquesta diada,\u00a0<a href=\"http:\/\/www.lletrescatalanes.cat\/ca\/index-d-autors\/item\/granell-marc\" target=\"_blank\" rel=\"noopener noreferrer\">Marc Granell\u00a0<\/a>ha estat l\u2019autor escollit per fer el poema commemoratiu del 2018:\u00a0<a href=\"http:\/\/www.lletrescatalanes.cat\/images\/documentacio\/Fullet%20DMP%202018%2014FEB18.pdf\" target=\"_blank\" rel=\"noopener noreferrer\">La poesia<\/a>. Aquest poema es tradueix a nombroses lleng\u00fces per mostrar\u00a0la diversitat ling\u00fc\u00edstica a trav\u00e9s de l\u2019expressi\u00f3 po\u00e8tica.<\/span><\/p>\n<p><a href=\"http:\/\/www.lletrescatalanes.cat\/ca\/programes\/dia-mundial-de-la-poesia\" target=\"_blank\" rel=\"noopener noreferrer\"><img loading=\"lazy\" decoding=\"async\" class=\" wp-image-8953 alignleft\" src=\"http:\/\/serveiseducatius.xtec.cat\/badalona\/wp-content\/uploads\/usu1088\/2018\/03\/dia_mundial_de_la_poesia_header_2018.jpg\" alt=\"\" width=\"295\" height=\"99\" srcset=\"https:\/\/serveiseducatius.xtec.cat\/badalona\/wp-content\/uploads\/usu1088\/2018\/03\/dia_mundial_de_la_poesia_header_2018.jpg 650w, https:\/\/serveiseducatius.xtec.cat\/badalona\/wp-content\/uploads\/usu1088\/2018\/03\/dia_mundial_de_la_poesia_header_2018-300x101.jpg 300w\" sizes=\"auto, (max-width: 295px) 100vw, 295px\" \/><\/a><\/p>\n<p>&nbsp;<\/p>\n<p><a href=\"https:\/\/www.scoop.it\/t\/poesia-a-l-aula\" target=\"_blank\" rel=\"noopener noreferrer\"><img loading=\"lazy\" decoding=\"async\" class=\"alignleft  wp-image-8952\" src=\"http:\/\/serveiseducatius.xtec.cat\/badalona\/wp-content\/uploads\/usu1088\/2018\/03\/poesia-a-alaula.png\" alt=\"\" width=\"616\" height=\"96\" srcset=\"https:\/\/serveiseducatius.xtec.cat\/badalona\/wp-content\/uploads\/usu1088\/2018\/03\/poesia-a-alaula.png 843w, https:\/\/serveiseducatius.xtec.cat\/badalona\/wp-content\/uploads\/usu1088\/2018\/03\/poesia-a-alaula-300x47.png 300w, https:\/\/serveiseducatius.xtec.cat\/badalona\/wp-content\/uploads\/usu1088\/2018\/03\/poesia-a-alaula-768x120.png 768w\" sizes=\"auto, (max-width: 616px) 100vw, 616px\" \/><\/a><br \/>\n<!--more--><\/p>\n<p><span style=\"font-size: 10pt; font-family: verdana, geneva, sans-serif;\"><strong>M\u00e9s recursos:<\/strong><\/span><\/p>\n<p><span style=\"font-size: 10pt; font-family: verdana, geneva, sans-serif;\"><a href=\"http:\/\/www.lletrescatalanes.cat\/ca\/lletres-2-0\/noticies\/item\/2012-totes-les-postals-de-la-ilc-disponibles-a-la-xarxa\" target=\"_blank\" rel=\"noopener noreferrer\">Totes les postals de la Instituci\u00f3 de les Lletres Catalanes: &#8220;Tens una cita amb les lletres&#8221;<\/a><\/span><\/p>\n","protected":false},"excerpt":{"rendered":"<p>21 de mar\u00e7: Dia Mundial de la Poesia<br \/>\nRecursos educatius<\/p>\n","protected":false},"author":9,"featured_media":8954,"comment_status":"closed","ping_status":"closed","sticky":false,"template":"","format":"standard","meta":{"_bbp_topic_count":0,"_bbp_reply_count":0,"_bbp_total_topic_count":0,"_bbp_total_reply_count":0,"_bbp_voice_count":0,"_bbp_anonymous_reply_count":0,"_bbp_topic_count_hidden":0,"_bbp_reply_count_hidden":0,"_bbp_forum_subforum_count":0,"site-sidebar-layout":"default","site-content-layout":"","ast-site-content-layout":"","site-content-style":"default","site-sidebar-style":"default","ast-global-header-display":"","ast-banner-title-visibility":"","ast-main-header-display":"","ast-hfb-above-header-display":"","ast-hfb-below-header-display":"","ast-hfb-mobile-header-display":"","site-post-title":"","ast-breadcrumbs-content":"","ast-featured-img":"","footer-sml-layout":"","theme-transparent-header-meta":"","adv-header-id-meta":"","stick-header-meta":"","header-above-stick-meta":"","header-main-stick-meta":"","header-below-stick-meta":"","astra-migrate-meta-layouts":"default","ast-page-background-enabled":"default","ast-page-background-meta":{"desktop":{"background-color":"var(--ast-global-color-4)","background-image":"","background-repeat":"repeat","background-position":"center center","background-size":"auto","background-attachment":"scroll","background-type":"","background-media":"","overlay-type":"","overlay-color":"","overlay-opacity":"","overlay-gradient":""},"tablet":{"background-color":"","background-image":"","background-repeat":"repeat","background-position":"center center","background-size":"auto","background-attachment":"scroll","background-type":"","background-media":"","overlay-type":"","overlay-color":"","overlay-opacity":"","overlay-gradient":""},"mobile":{"background-color":"","background-image":"","background-repeat":"repeat","background-position":"center center","background-size":"auto","background-attachment":"scroll","background-type":"","background-media":"","overlay-type":"","overlay-color":"","overlay-opacity":"","overlay-gradient":""}},"ast-content-background-meta":{"desktop":{"background-color":"var(--ast-global-color-5)","background-image":"","background-repeat":"repeat","background-position":"center center","background-size":"auto","background-attachment":"scroll","background-type":"","background-media":"","overlay-type":"","overlay-color":"","overlay-opacity":"","overlay-gradient":""},"tablet":{"background-color":"var(--ast-global-color-5)","background-image":"","background-repeat":"repeat","background-position":"center center","background-size":"auto","background-attachment":"scroll","background-type":"","background-media":"","overlay-type":"","overlay-color":"","overlay-opacity":"","overlay-gradient":""},"mobile":{"background-color":"var(--ast-global-color-5)","background-image":"","background-repeat":"repeat","background-position":"center center","background-size":"auto","background-attachment":"scroll","background-type":"","background-media":"","overlay-type":"","overlay-color":"","overlay-opacity":"","overlay-gradient":""}},"footnotes":""},"categories":[523,81,29],"tags":[894,649,100,183],"class_list":["post-8951","post","type-post","status-publish","format-standard","has-post-thumbnail","hentry","category-biblioteca-escolar-biblioteca-escolar","category-biblioteca-escolar","category-portada","tag-dia-mundial-de-la-poesia","tag-escriptura-creativa","tag-lectura","tag-poesia"],"post_mailing_queue_ids":[],"_links":{"self":[{"href":"https:\/\/serveiseducatius.xtec.cat\/badalona\/wp-json\/wp\/v2\/posts\/8951","targetHints":{"allow":["GET"]}}],"collection":[{"href":"https:\/\/serveiseducatius.xtec.cat\/badalona\/wp-json\/wp\/v2\/posts"}],"about":[{"href":"https:\/\/serveiseducatius.xtec.cat\/badalona\/wp-json\/wp\/v2\/types\/post"}],"author":[{"embeddable":true,"href":"https:\/\/serveiseducatius.xtec.cat\/badalona\/wp-json\/wp\/v2\/users\/9"}],"replies":[{"embeddable":true,"href":"https:\/\/serveiseducatius.xtec.cat\/badalona\/wp-json\/wp\/v2\/comments?post=8951"}],"version-history":[{"count":2,"href":"https:\/\/serveiseducatius.xtec.cat\/badalona\/wp-json\/wp\/v2\/posts\/8951\/revisions"}],"predecessor-version":[{"id":9992,"href":"https:\/\/serveiseducatius.xtec.cat\/badalona\/wp-json\/wp\/v2\/posts\/8951\/revisions\/9992"}],"wp:featuredmedia":[{"embeddable":true,"href":"https:\/\/serveiseducatius.xtec.cat\/badalona\/wp-json\/wp\/v2\/media\/8954"}],"wp:attachment":[{"href":"https:\/\/serveiseducatius.xtec.cat\/badalona\/wp-json\/wp\/v2\/media?parent=8951"}],"wp:term":[{"taxonomy":"category","embeddable":true,"href":"https:\/\/serveiseducatius.xtec.cat\/badalona\/wp-json\/wp\/v2\/categories?post=8951"},{"taxonomy":"post_tag","embeddable":true,"href":"https:\/\/serveiseducatius.xtec.cat\/badalona\/wp-json\/wp\/v2\/tags?post=8951"}],"curies":[{"name":"wp","href":"https:\/\/api.w.org\/{rel}","templated":true}]}}