{"id":8909,"date":"2018-03-09T10:59:47","date_gmt":"2018-03-09T09:59:47","guid":{"rendered":"http:\/\/serveiseducatius.xtec.cat\/badalona\/?p=8909"},"modified":"2018-03-12T13:34:15","modified_gmt":"2018-03-12T12:34:15","slug":"diumenge-11-de-marc-es-posen-en-marxa-un-seguit-ditineraris-guiats-i-activitats-de-natura-per-coneixer-els-valors-naturals-de-diversos-parcs-de-badalona","status":"publish","type":"post","link":"https:\/\/serveiseducatius.xtec.cat\/badalona\/portada\/diumenge-11-de-marc-es-posen-en-marxa-un-seguit-ditineraris-guiats-i-activitats-de-natura-per-coneixer-els-valors-naturals-de-diversos-parcs-de-badalona\/","title":{"rendered":"Itineraris guiats i activitats de natura a Badalona"},"content":{"rendered":"<p><img loading=\"lazy\" decoding=\"async\" class=\" alignleft\" src=\"http:\/\/badalona.cat\/portalWeb\/getfile?dID=99891&amp;rendition=AJB_MITJA\" width=\"312\" height=\"235\" \/>Aquest diumenge, <strong>11 de mar\u00e7,<\/strong> es posen en marxa una s\u00e8rie d\u2019itineraris guiats i activitats de natura per con\u00e8ixer els valors naturals dels diversos parcs de Badalona.<!--more--><\/p>\n<p>El primer itinerari que es realitzar\u00e0 es far\u00e0 al parc de la Mediterr\u00e0nia; es tracta d\u2019una de les poques formacions calc\u00e0ries que hi ha a Badalona i on es pot veure la vegetaci\u00f3 mediterr\u00e0nia calc\u00edcola pr\u00f2pia de la zona, com ara les brolles de foixarda (Globularia alypum) i el bruc d\u2019hivern (Erica multiflora).<\/p>\n<p>El parc de la Mediterr\u00e0nia tamb\u00e9 \u00e9s singular des del punt de vista geol\u00f2gic i, en aquest itinerari, es podr\u00e0 con\u00e8ixer de primera m\u00e0 les formacions geol\u00f2giques del tri\u00e0sic que en s\u00f3n pr\u00f2pies.\u00a0L\u2019activitat comen\u00e7ar\u00e0 a les 10.15 hores i durar\u00e0 dues hores aproximadament. La sortida ser\u00e0 a les 10 hores a la cantonada de l\u2019avinguda de Pomar amb el cam\u00ed dels Xiprers al barri de Pomar, des d\u2019on iniciar\u00e0 l\u2019itinerari.<\/p>\n<p>En total s\u2019han programat cinc sortides diferents durant aquest 2018 que permetran con\u00e8ixer els valors naturals del parc de la Mediterr\u00e0nia, el parc de Montigal\u00e0, el parc del Tur\u00f3 d\u2019en Caritg i el parc del Torrent de la Font.<\/p>\n<p>Aquestes s\u00f3n les activitats previstes:<br \/>\u00b7 Diumenge, 11 de mar\u00e7, Vegetaci\u00f3 i itinerari geol\u00f2gic del parc de la Mediterr\u00e0nia (parc de la Mediterr\u00e0nia).<br \/>\u00b7 Diumenge 6 de maig, La vegetaci\u00f3 del parc de Montigal\u00e0 (parc de Montigal\u00e0)<br \/>\u00b7 Diumenge 13 de maig, Els ocells del Tur\u00f3 d\u2019en Caritg i taller de caixes niu (Tur\u00f3 del Caritg).<br \/>\u00b7 Dissabte 15 de setembre, Les papallones nocturnes (parc d\u2019en Tur\u00f3 del Caritg).<br \/>\u00b7 Diumenge 14 d\u2019octubre, Els ocells del Torrent de la Font (parc del Torrent de la Font).<\/p>\n<p>Tots els tallers comen\u00e7aran a les 10 hores i cal fer inscripci\u00f3 pr\u00e8via a l\u2019\u00c0mbit de Badalona Pr\u00f2spera i Sostenible de l\u2019Ajuntament de Badalona, trucant al tel\u00e8fon 93 483 29 89 o b\u00e9 enviant un correu electr\u00f2nic a mediambient@badalona.cat.<\/p>\n<p>En el moment de fer la inscripci\u00f3 es confirmar\u00e0 el punt de trobada de la sortida aix\u00ed com altres informacions d\u2019inter\u00e8s respecte a l\u2019activitat.<br \/>Totes aquestes accions i itineraris van dirigides al p\u00fablic familiar i aniran a c\u00e0rrec de l\u2019Associaci\u00f3 Naturalista ALOC.<\/p>\n<p>L\u2019\u00c0mbit de Badalona Pr\u00f2spera i Sostenible de l\u2019Ajuntament de Badalona treballa amb la finalitat de realitzar activitats a tots els parcs per anar escampant i consolidant l\u2019oferta d\u2019itineraris a tota la ciutat.<br \/>Aquests itineraris i activitats estan organitzats pel Departament d\u2019Educaci\u00f3 Ambiental de l\u2019\u00c0mbit de Badalona Pr\u00f2spera i Sostenible de l\u2019Ajuntament de Badalona i van a c\u00e0rrec de l\u2019Associaci\u00f3 Naturalista ALOC.<\/p>\n<p>Font: Servei d&#8217;Atenci\u00f3 al Ciutad\u00e0 de l&#8217;Ajuntament de Badalona<\/p>\n","protected":false},"excerpt":{"rendered":"<p>Aquest diumenge, 11 de mar\u00e7, es posen en marxa una s\u00e8rie d\u2019itineraris guiats i activitats de natura per con\u00e8ixer els [&hellip;]<\/p>\n","protected":false},"author":1,"featured_media":8923,"comment_status":"closed","ping_status":"closed","sticky":false,"template":"","format":"standard","meta":{"_bbp_topic_count":0,"_bbp_reply_count":0,"_bbp_total_topic_count":0,"_bbp_total_reply_count":0,"_bbp_voice_count":0,"_bbp_anonymous_reply_count":0,"_bbp_topic_count_hidden":0,"_bbp_reply_count_hidden":0,"_bbp_forum_subforum_count":0,"site-sidebar-layout":"default","site-content-layout":"","ast-site-content-layout":"","site-content-style":"default","site-sidebar-style":"default","ast-global-header-display":"","ast-banner-title-visibility":"","ast-main-header-display":"","ast-hfb-above-header-display":"","ast-hfb-below-header-display":"","ast-hfb-mobile-header-display":"","site-post-title":"","ast-breadcrumbs-content":"","ast-featured-img":"","footer-sml-layout":"","theme-transparent-header-meta":"","adv-header-id-meta":"","stick-header-meta":"","header-above-stick-meta":"","header-main-stick-meta":"","header-below-stick-meta":"","astra-migrate-meta-layouts":"default","ast-page-background-enabled":"default","ast-page-background-meta":{"desktop":{"background-color":"var(--ast-global-color-4)","background-image":"","background-repeat":"repeat","background-position":"center center","background-size":"auto","background-attachment":"scroll","background-type":"","background-media":"","overlay-type":"","overlay-color":"","overlay-opacity":"","overlay-gradient":""},"tablet":{"background-color":"","background-image":"","background-repeat":"repeat","background-position":"center center","background-size":"auto","background-attachment":"scroll","background-type":"","background-media":"","overlay-type":"","overlay-color":"","overlay-opacity":"","overlay-gradient":""},"mobile":{"background-color":"","background-image":"","background-repeat":"repeat","background-position":"center center","background-size":"auto","background-attachment":"scroll","background-type":"","background-media":"","overlay-type":"","overlay-color":"","overlay-opacity":"","overlay-gradient":""}},"ast-content-background-meta":{"desktop":{"background-color":"var(--ast-global-color-5)","background-image":"","background-repeat":"repeat","background-position":"center center","background-size":"auto","background-attachment":"scroll","background-type":"","background-media":"","overlay-type":"","overlay-color":"","overlay-opacity":"","overlay-gradient":""},"tablet":{"background-color":"var(--ast-global-color-5)","background-image":"","background-repeat":"repeat","background-position":"center center","background-size":"auto","background-attachment":"scroll","background-type":"","background-media":"","overlay-type":"","overlay-color":"","overlay-opacity":"","overlay-gradient":""},"mobile":{"background-color":"var(--ast-global-color-5)","background-image":"","background-repeat":"repeat","background-position":"center center","background-size":"auto","background-attachment":"scroll","background-type":"","background-media":"","overlay-type":"","overlay-color":"","overlay-opacity":"","overlay-gradient":""}},"footnotes":""},"categories":[153,29],"tags":[393,306,871],"class_list":["post-8909","post","type-post","status-publish","format-standard","has-post-thumbnail","hentry","category-escoles-verdes","category-portada","tag-ajuntament-de-badalona","tag-medi-ambient","tag-medi-natural"],"post_mailing_queue_ids":[],"_links":{"self":[{"href":"https:\/\/serveiseducatius.xtec.cat\/badalona\/wp-json\/wp\/v2\/posts\/8909","targetHints":{"allow":["GET"]}}],"collection":[{"href":"https:\/\/serveiseducatius.xtec.cat\/badalona\/wp-json\/wp\/v2\/posts"}],"about":[{"href":"https:\/\/serveiseducatius.xtec.cat\/badalona\/wp-json\/wp\/v2\/types\/post"}],"author":[{"embeddable":true,"href":"https:\/\/serveiseducatius.xtec.cat\/badalona\/wp-json\/wp\/v2\/users\/1"}],"replies":[{"embeddable":true,"href":"https:\/\/serveiseducatius.xtec.cat\/badalona\/wp-json\/wp\/v2\/comments?post=8909"}],"version-history":[{"count":3,"href":"https:\/\/serveiseducatius.xtec.cat\/badalona\/wp-json\/wp\/v2\/posts\/8909\/revisions"}],"predecessor-version":[{"id":8922,"href":"https:\/\/serveiseducatius.xtec.cat\/badalona\/wp-json\/wp\/v2\/posts\/8909\/revisions\/8922"}],"wp:featuredmedia":[{"embeddable":true,"href":"https:\/\/serveiseducatius.xtec.cat\/badalona\/wp-json\/wp\/v2\/media\/8923"}],"wp:attachment":[{"href":"https:\/\/serveiseducatius.xtec.cat\/badalona\/wp-json\/wp\/v2\/media?parent=8909"}],"wp:term":[{"taxonomy":"category","embeddable":true,"href":"https:\/\/serveiseducatius.xtec.cat\/badalona\/wp-json\/wp\/v2\/categories?post=8909"},{"taxonomy":"post_tag","embeddable":true,"href":"https:\/\/serveiseducatius.xtec.cat\/badalona\/wp-json\/wp\/v2\/tags?post=8909"}],"curies":[{"name":"wp","href":"https:\/\/api.w.org\/{rel}","templated":true}]}}