{"id":8896,"date":"2018-03-08T08:27:48","date_gmt":"2018-03-08T07:27:48","guid":{"rendered":"http:\/\/serveiseducatius.xtec.cat\/badalona\/?p=8896"},"modified":"2018-03-12T13:48:06","modified_gmt":"2018-03-12T12:48:06","slug":"taller-de-fang-el-sol-i-la-terra-al-parc-de-can-solei-i-de-ca-larnus-de-badalona-aquest-diumenge-11-de-marc","status":"publish","type":"post","link":"https:\/\/serveiseducatius.xtec.cat\/badalona\/portada\/taller-de-fang-el-sol-i-la-terra-al-parc-de-can-solei-i-de-ca-larnus-de-badalona-aquest-diumenge-11-de-marc\/","title":{"rendered":"Taller de fang: El sol i la terra al parc de Can Solei i de Ca l\u2019Arn\u00fas"},"content":{"rendered":"<p>L\u2019activitat es fa dins de l\u2019espai de joc i descoberta de la \u2018Jugatecambiental\u2019<\/p>\n<p><img loading=\"lazy\" decoding=\"async\" class=\"alignleft\" src=\"http:\/\/badalona.cat\/portalWeb\/getfile?dID=94992&amp;rendition=AJB_MITJA\" width=\"169\" height=\"225\" \/><\/p>\n<p>Aquest diumenge, 11 de mar\u00e7, d\u201911.30 a 13.30 hores, es far\u00e0 al parc de Can Solei i de Ca l\u2019Arn\u00fas, dins de l\u2019espai de joc i descoberta de la \u2018Jugatecambiental\u2019, el taller de fang El sol i la terra. <!--more-->Es tracta d\u2019un taller participatiu dirigit al p\u00fablic familiar on, a trav\u00e9s d\u2019elements naturals i el fang, es podr\u00e0 observar la incid\u00e8ncia i els efectes del sol sobre la terra. Un cop acabat el taller, a la \u2018Jugatecambiental\u2019, s\u2019explicar\u00e0 el conte Una gota d\u2019aigua.<\/p>\n<p>Recordem que totes les activitats s\u00f3n gratu\u00eftes i no cal inscripci\u00f3 pr\u00e8via. El punt de trobada \u00e9s a la glorieta de la \u2018Jugatecambiental\u2019 a les 11.30 hores.<br \/>Per a m\u00e9s informaci\u00f3 podeu trucar al tel\u00e8fon l\u2019\u00c0mbit de Badalona Pr\u00f2spera i Sostenible de l\u2019Ajuntament de Badalona: 93 483 29 89, o b\u00e9 envieu un correu electr\u00f2nic a: mediambient@badalona.cat.<\/p>\n<p>El projecte de la \u2018Jugatecambiental\u2019 del parc de Can Solei i de Ca l\u2019Arn\u00fas est\u00e0 organitzat per l\u2019Ajuntament de Badalona i l\u2019\u00c0rea Metropolitana de Barcelona, l\u2019estudi d\u2019art l\u2019Obrador de la Riera, l\u2019associaci\u00f3 per l\u2019estudi de la flora i de la fauna ALOC (amb la col\u00b7laboraci\u00f3 de l\u2019Institut Pompeu Fabra) i gestionada per educadors d\u2019entitats del territori.<\/p>\n<p>Font: Servei d&#8217;Atenci\u00f3 al Ciutad\u00e0 de l&#8217;Ajuntament de Badalona<\/p>\n","protected":false},"excerpt":{"rendered":"<p>L\u2019activitat es fa dins de l\u2019espai de joc i descoberta de la \u2018Jugatecambiental\u2019 Aquest diumenge, 11 de mar\u00e7, d\u201911.30 a [&hellip;]<\/p>\n","protected":false},"author":1,"featured_media":8929,"comment_status":"closed","ping_status":"closed","sticky":false,"template":"","format":"standard","meta":{"_bbp_topic_count":0,"_bbp_reply_count":0,"_bbp_total_topic_count":0,"_bbp_total_reply_count":0,"_bbp_voice_count":0,"_bbp_anonymous_reply_count":0,"_bbp_topic_count_hidden":0,"_bbp_reply_count_hidden":0,"_bbp_forum_subforum_count":0,"site-sidebar-layout":"default","site-content-layout":"","ast-site-content-layout":"","site-content-style":"default","site-sidebar-style":"default","ast-global-header-display":"","ast-banner-title-visibility":"","ast-main-header-display":"","ast-hfb-above-header-display":"","ast-hfb-below-header-display":"","ast-hfb-mobile-header-display":"","site-post-title":"","ast-breadcrumbs-content":"","ast-featured-img":"","footer-sml-layout":"","theme-transparent-header-meta":"","adv-header-id-meta":"","stick-header-meta":"","header-above-stick-meta":"","header-main-stick-meta":"","header-below-stick-meta":"","astra-migrate-meta-layouts":"default","ast-page-background-enabled":"default","ast-page-background-meta":{"desktop":{"background-color":"var(--ast-global-color-4)","background-image":"","background-repeat":"repeat","background-position":"center center","background-size":"auto","background-attachment":"scroll","background-type":"","background-media":"","overlay-type":"","overlay-color":"","overlay-opacity":"","overlay-gradient":""},"tablet":{"background-color":"","background-image":"","background-repeat":"repeat","background-position":"center center","background-size":"auto","background-attachment":"scroll","background-type":"","background-media":"","overlay-type":"","overlay-color":"","overlay-opacity":"","overlay-gradient":""},"mobile":{"background-color":"","background-image":"","background-repeat":"repeat","background-position":"center center","background-size":"auto","background-attachment":"scroll","background-type":"","background-media":"","overlay-type":"","overlay-color":"","overlay-opacity":"","overlay-gradient":""}},"ast-content-background-meta":{"desktop":{"background-color":"var(--ast-global-color-5)","background-image":"","background-repeat":"repeat","background-position":"center center","background-size":"auto","background-attachment":"scroll","background-type":"","background-media":"","overlay-type":"","overlay-color":"","overlay-opacity":"","overlay-gradient":""},"tablet":{"background-color":"var(--ast-global-color-5)","background-image":"","background-repeat":"repeat","background-position":"center center","background-size":"auto","background-attachment":"scroll","background-type":"","background-media":"","overlay-type":"","overlay-color":"","overlay-opacity":"","overlay-gradient":""},"mobile":{"background-color":"var(--ast-global-color-5)","background-image":"","background-repeat":"repeat","background-position":"center center","background-size":"auto","background-attachment":"scroll","background-type":"","background-media":"","overlay-type":"","overlay-color":"","overlay-opacity":"","overlay-gradient":""}},"footnotes":""},"categories":[153,29],"tags":[393,890,607,306,189],"class_list":["post-8896","post","type-post","status-publish","format-standard","has-post-thumbnail","hentry","category-escoles-verdes","category-portada","tag-ajuntament-de-badalona","tag-extraescolar","tag-jugateca-ambiental","tag-medi-ambient","tag-taller"],"post_mailing_queue_ids":[],"_links":{"self":[{"href":"https:\/\/serveiseducatius.xtec.cat\/badalona\/wp-json\/wp\/v2\/posts\/8896","targetHints":{"allow":["GET"]}}],"collection":[{"href":"https:\/\/serveiseducatius.xtec.cat\/badalona\/wp-json\/wp\/v2\/posts"}],"about":[{"href":"https:\/\/serveiseducatius.xtec.cat\/badalona\/wp-json\/wp\/v2\/types\/post"}],"author":[{"embeddable":true,"href":"https:\/\/serveiseducatius.xtec.cat\/badalona\/wp-json\/wp\/v2\/users\/1"}],"replies":[{"embeddable":true,"href":"https:\/\/serveiseducatius.xtec.cat\/badalona\/wp-json\/wp\/v2\/comments?post=8896"}],"version-history":[{"count":3,"href":"https:\/\/serveiseducatius.xtec.cat\/badalona\/wp-json\/wp\/v2\/posts\/8896\/revisions"}],"predecessor-version":[{"id":8930,"href":"https:\/\/serveiseducatius.xtec.cat\/badalona\/wp-json\/wp\/v2\/posts\/8896\/revisions\/8930"}],"wp:featuredmedia":[{"embeddable":true,"href":"https:\/\/serveiseducatius.xtec.cat\/badalona\/wp-json\/wp\/v2\/media\/8929"}],"wp:attachment":[{"href":"https:\/\/serveiseducatius.xtec.cat\/badalona\/wp-json\/wp\/v2\/media?parent=8896"}],"wp:term":[{"taxonomy":"category","embeddable":true,"href":"https:\/\/serveiseducatius.xtec.cat\/badalona\/wp-json\/wp\/v2\/categories?post=8896"},{"taxonomy":"post_tag","embeddable":true,"href":"https:\/\/serveiseducatius.xtec.cat\/badalona\/wp-json\/wp\/v2\/tags?post=8896"}],"curies":[{"name":"wp","href":"https:\/\/api.w.org\/{rel}","templated":true}]}}