{"id":8875,"date":"2018-03-07T12:51:04","date_gmt":"2018-03-07T11:51:04","guid":{"rendered":"http:\/\/serveiseducatius.xtec.cat\/badalona\/?p=8875"},"modified":"2018-03-12T13:42:13","modified_gmt":"2018-03-12T12:42:13","slug":"250-alumnes-de-5e-de-les-escoles-alexandre-gali-badalones-joan-coret-llorens-artigas-i-miguel-hernandez-de-badalona-presenten-el-seu-projecte-de-cultura-emprenedora-a-lescola","status":"publish","type":"post","link":"https:\/\/serveiseducatius.xtec.cat\/badalona\/portada\/250-alumnes-de-5e-de-les-escoles-alexandre-gali-badalones-joan-coret-llorens-artigas-i-miguel-hernandez-de-badalona-presenten-el-seu-projecte-de-cultura-emprenedora-a-lescola\/","title":{"rendered":"Cultura emprenedora a l\u2019escola"},"content":{"rendered":"<p><img loading=\"lazy\" decoding=\"async\" class=\"size-full wp-image-8925 alignleft\" src=\"http:\/\/serveiseducatius.xtec.cat\/badalona\/wp-content\/uploads\/usu1088\/2018\/03\/emprenedoria-e1520858495494.png\" alt=\"\" width=\"250\" height=\"67\" \/>250 alumnes de 5\u00e8 de les escoles Alexandre Gal\u00ed, Badalon\u00e8s, Joan Coret, Llorens Artigas i Miguel Hern\u00e1ndez de Badalona presenten el seu projecte de \u201cCultura emprenedora a l\u2019escola\u201d<!--more--><\/p>\n<p>Els infants han creat deu cooperatives per elaborar productes que posaran a la venda el 25 de maig i el 8 de juny als Encants de Montigal\u00e0.<\/p>\n<p>Aquest dimecres, 7 de mar\u00e7, a partir de les 10 hores, al Teatre Principal (carrer de Francesc Layret, 41), els alumnes de les escoles badalonines Alexandre Gal\u00ed, Badalon\u00e8s, Joan Coret, Llorens Artigas i Miguel Hern\u00e1ndez que participen en el projecte \u201cCultura emprenedora a l\u2019escola\u201d, explicaran i presentaran formalment a l\u2019Ajuntament de Badalona els treballs realitzats fins ara a l\u2019hora de crear la seva cooperativa. Els nois i noies seran rebuts, a les 10.30 hores, per diversos representants municipals. Posteriorment els membres de les cooperatives es despla\u00e7aran al registre de la ciutat, situat a l\u2019edifici municipal El Viver, per demanar el perm\u00eds per posar les parades en els Encants de Montigal\u00e0 del divendres 25 de maig i 8 de juny i poder oferir els seus productes.<br \/>Les 10 cooperatives escolars de Badalona s\u00f3n: els 24 artesans, UniversGal\u00ed, Bad@nens, Happymeanlosfive, Kiwatans, Coretking, Junts millor, BadaCoop, Craftkids i Ecoodemih. Les deu pertanyen, per aquest ordre, als grups de 5\u00e8 de les escoles Alexandre Gal\u00ed (2), Badalon\u00e8s (3), Joan Coret (2), Llorens Artigas (2) i Miquel Hern\u00e1ndez (1).<br \/>L\u2019acte comen\u00e7ar\u00e0 amb una comunicaci\u00f3 adre\u00e7ada a tots els i les cooperativistes sobre finan\u00e7ament i banca \u00e8tica, a c\u00e0rrec d\u2019un responsable de Triodos Bank. Continuar\u00e0 amb la presentaci\u00f3 de les cooperatives i finalitzar\u00e0 amb un di\u00e0leg entre una representant de La Sargantana Cooperativa, que des del curs passat s\u2019ha implicat en el projecte com a cooperativa madrina, i els nois i noies de les deu cooperatives.<br \/>L\u2019objectiu d\u2019aquest projecte, impulsat per l\u2019Ajuntament de Badalona i la Diputaci\u00f3 de Barcelona, \u00e9s fomentar la cultura emprenedora entre l\u2019alumnat d\u2019educaci\u00f3 prim\u00e0ria. Comptant les cinc escoles badalonines hi participen un total de 177 escoles de 78 municipis catalans. En aquest sentit, ja est\u00e0 obert el termini de presentaci\u00f3 de sol\u00b7licituds per a la incorporaci\u00f3, el proper curs, d\u2019un nou centre de Badalona, a m\u00e9s dels cinc que ja hi participen actualment.<br \/>La iniciativa consisteix en que els alumnes de 5\u00e8 de prim\u00e0ria d\u2019aquestes centres educatius de Badalona han creat una cooperativa a cada grup classe.<br \/>El proc\u00e9s segueix amb la determinaci\u00f3 dels productes que s\u2019han d\u2019elaborar i acabar\u00e0 amb la seva venda en una parada del mercat dels Encants del parc de Montigal\u00e0 el divendres 25 de maig (8 cooperatives) i 8 de juny (2 cooperatives de l\u2019escola Joan Coret).<br \/>La iniciativa es basa en un treball per projectes i real ja que els participants han de saber com crear, organitzar, gestionar i tancar una cooperativa de fabricaci\u00f3 de productes, amb activitats com sol\u00b7licitar un microcr\u00e8dit o vendre en un mercat local. A m\u00e9s, cada cooperativa ha de decidir si destina, com a bona pr\u00e0ctica de Responsabilitat Social Empresarial, un m\u00ednim del 10% dels seus possibles beneficis a un projecte de desenvolupament local o internacional, a trav\u00e9s d\u2019una ONG. El projecte est\u00e0 integrat en el pla anual del centre i afavoreix el desenvolupament del curr\u00edculum escolar.<br \/>Les deu cooperatives ja han aprovat els seus estatuts, han creat la seva junta directiva; fan un taller sobre la Responsabilitat Social Empresarial amb la col\u00b7laboraci\u00f3 de la Fundaci\u00f3 Ateneu Sant Roc, i altres entitats socials; han treballat la seva imatge corporativa amb l\u2019ajuda dels alumnes de l\u2019Escola d\u2019Art i Superior de Disseny Pau Gargallo, i han demanat la seva inclusi\u00f3 en el registre municipal de cooperatives escolars. Cada cooperativa compta tamb\u00e9 amb el suport de La Sarganta Cooperativa, una empresa cooperativa de la ciutat que els ajuda en el seu proc\u00e9s i en la determinaci\u00f3, en concret, dels productes a elaborar i vendre.<br \/>En el projecte a Badalona hi participen, a m\u00e9s de les cinc escoles esmentades, la cooperativa local La Sarganta Cooperativa de l\u2019Ateneu Cooperatiu del Barcelon\u00e8s Nord; les entitats Fundaci\u00f3 Ateneu Sant Roc, l\u2019Escola d\u2019Art i Superior de Disseny Pau Gargallo, Triodos Bank, i l\u2019Ajuntament de Badalona a trav\u00e9s del Servei d\u2019Educaci\u00f3; de Promoci\u00f3 Econ\u00f2mica, Comer\u00e7, Consum i Turisme; i de l\u2019IMPO. El projecte Cultura emprenedora a l\u2019escola es va iniciar a partir de l\u2019experi\u00e8ncia que desenvolupa la Ciudad Industrial del Valle del Nal\u00f3n, SAO (Valnal\u00f3n), en col\u00b7laboraci\u00f3 amb diversos ajuntaments. A Badalona, l\u2019activitat es va iniciar el curs 2011-2012 a l\u2019escola Planas i Casals, i continua aquest curs a cinc escoles.<br \/>El dimarts 12 de juny est\u00e0 previst fer la cloenda del projecte amb tots els nois, noies, mestres i entitats participants.<\/p>\n<p>Font: Servei d&#8217;Atenci\u00f3 al Ciutad\u00e0 de l&#8217;Ajuntament de Badalona<\/p>\n","protected":false},"excerpt":{"rendered":"<p>250 alumnes de 5\u00e8 de les escoles Alexandre Gal\u00ed, Badalon\u00e8s, Joan Coret, Llorens Artigas i Miguel Hern\u00e1ndez de Badalona presenten [&hellip;]<\/p>\n","protected":false},"author":1,"featured_media":8925,"comment_status":"closed","ping_status":"closed","sticky":false,"template":"","format":"standard","meta":{"_bbp_topic_count":0,"_bbp_reply_count":0,"_bbp_total_topic_count":0,"_bbp_total_reply_count":0,"_bbp_voice_count":0,"_bbp_anonymous_reply_count":0,"_bbp_topic_count_hidden":0,"_bbp_reply_count_hidden":0,"_bbp_forum_subforum_count":0,"site-sidebar-layout":"default","site-content-layout":"","ast-site-content-layout":"","site-content-style":"default","site-sidebar-style":"default","ast-global-header-display":"","ast-banner-title-visibility":"","ast-main-header-display":"","ast-hfb-above-header-display":"","ast-hfb-below-header-display":"","ast-hfb-mobile-header-display":"","site-post-title":"","ast-breadcrumbs-content":"","ast-featured-img":"","footer-sml-layout":"","theme-transparent-header-meta":"","adv-header-id-meta":"","stick-header-meta":"","header-above-stick-meta":"","header-main-stick-meta":"","header-below-stick-meta":"","astra-migrate-meta-layouts":"default","ast-page-background-enabled":"default","ast-page-background-meta":{"desktop":{"background-color":"var(--ast-global-color-4)","background-image":"","background-repeat":"repeat","background-position":"center center","background-size":"auto","background-attachment":"scroll","background-type":"","background-media":"","overlay-type":"","overlay-color":"","overlay-opacity":"","overlay-gradient":""},"tablet":{"background-color":"","background-image":"","background-repeat":"repeat","background-position":"center center","background-size":"auto","background-attachment":"scroll","background-type":"","background-media":"","overlay-type":"","overlay-color":"","overlay-opacity":"","overlay-gradient":""},"mobile":{"background-color":"","background-image":"","background-repeat":"repeat","background-position":"center center","background-size":"auto","background-attachment":"scroll","background-type":"","background-media":"","overlay-type":"","overlay-color":"","overlay-opacity":"","overlay-gradient":""}},"ast-content-background-meta":{"desktop":{"background-color":"var(--ast-global-color-5)","background-image":"","background-repeat":"repeat","background-position":"center center","background-size":"auto","background-attachment":"scroll","background-type":"","background-media":"","overlay-type":"","overlay-color":"","overlay-opacity":"","overlay-gradient":""},"tablet":{"background-color":"var(--ast-global-color-5)","background-image":"","background-repeat":"repeat","background-position":"center center","background-size":"auto","background-attachment":"scroll","background-type":"","background-media":"","overlay-type":"","overlay-color":"","overlay-opacity":"","overlay-gradient":""},"mobile":{"background-color":"var(--ast-global-color-5)","background-image":"","background-repeat":"repeat","background-position":"center center","background-size":"auto","background-attachment":"scroll","background-type":"","background-media":"","overlay-type":"","overlay-color":"","overlay-opacity":"","overlay-gradient":""}},"footnotes":""},"categories":[29],"tags":[393,562,89],"class_list":["post-8875","post","type-post","status-publish","format-standard","has-post-thumbnail","hentry","category-portada","tag-ajuntament-de-badalona","tag-aprenentatge-cooperatiu","tag-emprenedoria"],"post_mailing_queue_ids":[],"_links":{"self":[{"href":"https:\/\/serveiseducatius.xtec.cat\/badalona\/wp-json\/wp\/v2\/posts\/8875","targetHints":{"allow":["GET"]}}],"collection":[{"href":"https:\/\/serveiseducatius.xtec.cat\/badalona\/wp-json\/wp\/v2\/posts"}],"about":[{"href":"https:\/\/serveiseducatius.xtec.cat\/badalona\/wp-json\/wp\/v2\/types\/post"}],"author":[{"embeddable":true,"href":"https:\/\/serveiseducatius.xtec.cat\/badalona\/wp-json\/wp\/v2\/users\/1"}],"replies":[{"embeddable":true,"href":"https:\/\/serveiseducatius.xtec.cat\/badalona\/wp-json\/wp\/v2\/comments?post=8875"}],"version-history":[{"count":3,"href":"https:\/\/serveiseducatius.xtec.cat\/badalona\/wp-json\/wp\/v2\/posts\/8875\/revisions"}],"predecessor-version":[{"id":8927,"href":"https:\/\/serveiseducatius.xtec.cat\/badalona\/wp-json\/wp\/v2\/posts\/8875\/revisions\/8927"}],"wp:featuredmedia":[{"embeddable":true,"href":"https:\/\/serveiseducatius.xtec.cat\/badalona\/wp-json\/wp\/v2\/media\/8925"}],"wp:attachment":[{"href":"https:\/\/serveiseducatius.xtec.cat\/badalona\/wp-json\/wp\/v2\/media?parent=8875"}],"wp:term":[{"taxonomy":"category","embeddable":true,"href":"https:\/\/serveiseducatius.xtec.cat\/badalona\/wp-json\/wp\/v2\/categories?post=8875"},{"taxonomy":"post_tag","embeddable":true,"href":"https:\/\/serveiseducatius.xtec.cat\/badalona\/wp-json\/wp\/v2\/tags?post=8875"}],"curies":[{"name":"wp","href":"https:\/\/api.w.org\/{rel}","templated":true}]}}