{"id":8872,"date":"2018-03-07T12:45:53","date_gmt":"2018-03-07T11:45:53","guid":{"rendered":"http:\/\/serveiseducatius.xtec.cat\/badalona\/?p=8872"},"modified":"2018-03-12T13:49:58","modified_gmt":"2018-03-12T12:49:58","slug":"les-ampa-de-quatre-escoles-publiques-de-badalona-sajunten-per-celebrar-la-segona-trobada-esportiva-al-districte-2","status":"publish","type":"post","link":"https:\/\/serveiseducatius.xtec.cat\/badalona\/portada\/les-ampa-de-quatre-escoles-publiques-de-badalona-sajunten-per-celebrar-la-segona-trobada-esportiva-al-districte-2\/","title":{"rendered":"2a trobada esportiva al Districte 2"},"content":{"rendered":"<p>&nbsp;<\/p>\n<p><img loading=\"lazy\" decoding=\"async\" class=\" alignleft\" src=\"http:\/\/badalona.cat\/portalWeb\/getfile?dID=99854&amp;rendition=AJB_MITJA\" width=\"318\" height=\"150\" \/>El parc de les Muntanyetes, ubicat al barri de Montigal\u00e0, acollir\u00e0 dissabte, 10 de mar\u00e7, a partir de les 10 hores, una trobada esportiva on hi participaran alumnes des de P-3 a 6\u00e8 de prim\u00e0ria, de quatre escoles p\u00fabliques de Badalona, els seus familiars i ve\u00efns i ve\u00efnes dels barris de La Pau, Lloreda, Montigal\u00e0 i Nova Lloreda, que corresponen al Districte 2.<\/p>\n<p>L\u2019objectiu d\u2019aquesta trobada esportiva \u00e9s fer m\u00e9s visible la feina que es fa des de les associacions de mares i pares (AMPA), fomentar la participaci\u00f3 de les fam\u00edlies en les seves escoles i donar a con\u00e8ixer els serveis i les entitats esportives i de lleure ubicades a zona alta del Districte 2 de Badalona.<\/p>\n<p>L\u2019activitat s\u2019iniciar\u00e0 amb curses per edats dins el mateix parc de les Muntanyetes i acabar\u00e0 amb tallers, jocs de pilota (b\u00e0squet i futbol) i exhibicions d\u2019extraescolars com patinatge, arts marcials, dansa i aer\u00f2bic.<br \/>Aquesta trobada esportiva \u00e9s fruit del treball conjunt i la implicaci\u00f3 de les associacions de mares i pares d\u2019alumnes de les escoles Montigal\u00e0, Joan Mir\u00f3, Miguel Hern\u00e1ndez i Pau Picasso, amb la col\u00b7laboraci\u00f3 de diferents entitats com el Club Esportiu Los Planos Skate Pla\u00e7a; l\u2019Associaci\u00f3 Ve\u00efns Montigal\u00e0; l\u2019AMPA de l\u2019Institut Pau Casals; l\u2019esplai Buenoyqu\u00e9&#8230;!; l\u2019Ambulatori de Montigal\u00e0 &#8211; Apenins (BSA); la regidoria del Districte 2, i els t\u00e8cnics del Pla Educatiu d\u2019Entorn (Educaci\u00f3) i del Pla de Desenvolupament Comunitari (Serveis Socials) del districte. Precisament, aquesta activitat s\u2019emmarca dins la Comissi\u00f3 Educativa que est\u00e0 coordinada per t\u00e8cnics d\u2019aquests dos plans.<\/p>\n<p>Font: Servei d&#8217;Atenci\u00f3 al Ciutad\u00e0 de l&#8217;Ajuntament de Badalona<\/p>\n","protected":false},"excerpt":{"rendered":"<p>&nbsp; El parc de les Muntanyetes, ubicat al barri de Montigal\u00e0, acollir\u00e0 dissabte, 10 de mar\u00e7, a partir de les [&hellip;]<\/p>\n","protected":false},"author":1,"featured_media":8931,"comment_status":"closed","ping_status":"closed","sticky":false,"template":"","format":"standard","meta":{"_bbp_topic_count":0,"_bbp_reply_count":0,"_bbp_total_topic_count":0,"_bbp_total_reply_count":0,"_bbp_voice_count":0,"_bbp_anonymous_reply_count":0,"_bbp_topic_count_hidden":0,"_bbp_reply_count_hidden":0,"_bbp_forum_subforum_count":0,"site-sidebar-layout":"default","site-content-layout":"","ast-site-content-layout":"","site-content-style":"default","site-sidebar-style":"default","ast-global-header-display":"","ast-banner-title-visibility":"","ast-main-header-display":"","ast-hfb-above-header-display":"","ast-hfb-below-header-display":"","ast-hfb-mobile-header-display":"","site-post-title":"","ast-breadcrumbs-content":"","ast-featured-img":"","footer-sml-layout":"","theme-transparent-header-meta":"","adv-header-id-meta":"","stick-header-meta":"","header-above-stick-meta":"","header-main-stick-meta":"","header-below-stick-meta":"","astra-migrate-meta-layouts":"default","ast-page-background-enabled":"default","ast-page-background-meta":{"desktop":{"background-color":"var(--ast-global-color-4)","background-image":"","background-repeat":"repeat","background-position":"center center","background-size":"auto","background-attachment":"scroll","background-type":"","background-media":"","overlay-type":"","overlay-color":"","overlay-opacity":"","overlay-gradient":""},"tablet":{"background-color":"","background-image":"","background-repeat":"repeat","background-position":"center center","background-size":"auto","background-attachment":"scroll","background-type":"","background-media":"","overlay-type":"","overlay-color":"","overlay-opacity":"","overlay-gradient":""},"mobile":{"background-color":"","background-image":"","background-repeat":"repeat","background-position":"center center","background-size":"auto","background-attachment":"scroll","background-type":"","background-media":"","overlay-type":"","overlay-color":"","overlay-opacity":"","overlay-gradient":""}},"ast-content-background-meta":{"desktop":{"background-color":"var(--ast-global-color-5)","background-image":"","background-repeat":"repeat","background-position":"center center","background-size":"auto","background-attachment":"scroll","background-type":"","background-media":"","overlay-type":"","overlay-color":"","overlay-opacity":"","overlay-gradient":""},"tablet":{"background-color":"var(--ast-global-color-5)","background-image":"","background-repeat":"repeat","background-position":"center center","background-size":"auto","background-attachment":"scroll","background-type":"","background-media":"","overlay-type":"","overlay-color":"","overlay-opacity":"","overlay-gradient":""},"mobile":{"background-color":"var(--ast-global-color-5)","background-image":"","background-repeat":"repeat","background-position":"center center","background-size":"auto","background-attachment":"scroll","background-type":"","background-media":"","overlay-type":"","overlay-color":"","overlay-opacity":"","overlay-gradient":""}},"footnotes":""},"categories":[153,29],"tags":[393,427,890,626,470],"class_list":["post-8872","post","type-post","status-publish","format-standard","has-post-thumbnail","hentry","category-escoles-verdes","category-portada","tag-ajuntament-de-badalona","tag-ampa","tag-extraescolar","tag-fampas","tag-trobada"],"post_mailing_queue_ids":[],"_links":{"self":[{"href":"https:\/\/serveiseducatius.xtec.cat\/badalona\/wp-json\/wp\/v2\/posts\/8872","targetHints":{"allow":["GET"]}}],"collection":[{"href":"https:\/\/serveiseducatius.xtec.cat\/badalona\/wp-json\/wp\/v2\/posts"}],"about":[{"href":"https:\/\/serveiseducatius.xtec.cat\/badalona\/wp-json\/wp\/v2\/types\/post"}],"author":[{"embeddable":true,"href":"https:\/\/serveiseducatius.xtec.cat\/badalona\/wp-json\/wp\/v2\/users\/1"}],"replies":[{"embeddable":true,"href":"https:\/\/serveiseducatius.xtec.cat\/badalona\/wp-json\/wp\/v2\/comments?post=8872"}],"version-history":[{"count":2,"href":"https:\/\/serveiseducatius.xtec.cat\/badalona\/wp-json\/wp\/v2\/posts\/8872\/revisions"}],"predecessor-version":[{"id":8932,"href":"https:\/\/serveiseducatius.xtec.cat\/badalona\/wp-json\/wp\/v2\/posts\/8872\/revisions\/8932"}],"wp:featuredmedia":[{"embeddable":true,"href":"https:\/\/serveiseducatius.xtec.cat\/badalona\/wp-json\/wp\/v2\/media\/8931"}],"wp:attachment":[{"href":"https:\/\/serveiseducatius.xtec.cat\/badalona\/wp-json\/wp\/v2\/media?parent=8872"}],"wp:term":[{"taxonomy":"category","embeddable":true,"href":"https:\/\/serveiseducatius.xtec.cat\/badalona\/wp-json\/wp\/v2\/categories?post=8872"},{"taxonomy":"post_tag","embeddable":true,"href":"https:\/\/serveiseducatius.xtec.cat\/badalona\/wp-json\/wp\/v2\/tags?post=8872"}],"curies":[{"name":"wp","href":"https:\/\/api.w.org\/{rel}","templated":true}]}}