{"id":8855,"date":"2018-03-05T09:55:21","date_gmt":"2018-03-05T08:55:21","guid":{"rendered":"http:\/\/serveiseducatius.xtec.cat\/badalona\/?p=8855"},"modified":"2018-03-05T09:55:21","modified_gmt":"2018-03-05T08:55:21","slug":"xvii-premi-antoni-quintana-i-mari-per-a-treball-de-recerca-destudiants-densenyament-secundari","status":"publish","type":"post","link":"https:\/\/serveiseducatius.xtec.cat\/badalona\/portada\/xvii-premi-antoni-quintana-i-mari-per-a-treball-de-recerca-destudiants-densenyament-secundari\/","title":{"rendered":"XVII Premi Antoni Quintana i Mar\u00ed per a treball de recerca d&#8217;estudiants d&#8217;ensenyament secundari"},"content":{"rendered":"<p><img loading=\"lazy\" decoding=\"async\" class=\"alignleft  wp-image-8856\" src=\"http:\/\/serveiseducatius.xtec.cat\/badalona\/wp-content\/uploads\/usu1088\/2018\/03\/nodes-5-de-mar\u00e7.png\" alt=\"\" width=\"300\" height=\"345\" srcset=\"https:\/\/serveiseducatius.xtec.cat\/badalona\/wp-content\/uploads\/usu1088\/2018\/03\/nodes-5-de-mar\u00e7.png 522w, https:\/\/serveiseducatius.xtec.cat\/badalona\/wp-content\/uploads\/usu1088\/2018\/03\/nodes-5-de-mar\u00e7-261x300.png 261w\" sizes=\"auto, (max-width: 300px) 100vw, 300px\" \/><\/p>\n<p><span style=\"font-family: verdana, geneva, sans-serif; font-size: 10pt;\">La Societat Catalana d\u2019Hist\u00f2ria de la Ci\u00e8ncia i de la T\u00e8cnica (SCHCT), amb l\u2019objectiu de despertar l\u2019inter\u00e8s per l\u2019estudi i la recerca de la hist\u00f2ria de la ci\u00e8ncia i de la t\u00e8cnica entre els estudiants d\u2019ensenyament secundari, convoca el\u00a0<b>XVII Premi Antoni Quintana i Mar\u00ed.<\/b><\/span><\/p>\n<p><span style=\"font-family: verdana, geneva, sans-serif; font-size: 10pt;\">Consulta les <span style=\"color: #ff0000;\"><strong><a style=\"color: #ff0000;\" href=\"\u00a0http:\/\/blogs.iec.cat\/schct\/premis\/xvi-premi-antoni-quintana-mari-schct\/.\" target=\"_blank\" rel=\"noopener noreferrer\">BASES<\/a><\/strong><\/span><\/span><\/p>\n<p><span style=\"font-family: verdana, geneva, sans-serif; font-size: 10pt;\">El termini de presentaci\u00f3 dels treballs \u00e9s el dia\u00a0<b>30 de juny de 2018<\/b>.<\/span><\/p>\n<p><span style=\"font-family: verdana, geneva, sans-serif; font-size: 10pt;\">Properament s&#8217;anunciaran els enlla\u00e7os i la informaci\u00f3 per presentar els treballs.<\/span><\/p>\n<p>&nbsp;<\/p>\n","protected":false},"excerpt":{"rendered":"<p>La Societat Catalana d\u2019Hist\u00f2ria de la Ci\u00e8ncia i de la T\u00e8cnica (SCHCT), amb l\u2019objectiu de despertar l\u2019inter\u00e8s per l\u2019estudi i la recerca de la hist\u00f2ria de la ci\u00e8ncia i de la t\u00e8cnica entre els estudiants d\u2019ensenyament secundari, convoca el disset\u00e8 Premi Antoni Quintana i Mar\u00ed.<\/p>\n","protected":false},"author":9,"featured_media":8856,"comment_status":"closed","ping_status":"closed","sticky":false,"template":"","format":"standard","meta":{"_bbp_topic_count":0,"_bbp_reply_count":0,"_bbp_total_topic_count":0,"_bbp_total_reply_count":0,"_bbp_voice_count":0,"_bbp_anonymous_reply_count":0,"_bbp_topic_count_hidden":0,"_bbp_reply_count_hidden":0,"_bbp_forum_subforum_count":0,"site-sidebar-layout":"default","site-content-layout":"","ast-site-content-layout":"","site-content-style":"default","site-sidebar-style":"default","ast-global-header-display":"","ast-banner-title-visibility":"","ast-main-header-display":"","ast-hfb-above-header-display":"","ast-hfb-below-header-display":"","ast-hfb-mobile-header-display":"","site-post-title":"","ast-breadcrumbs-content":"","ast-featured-img":"","footer-sml-layout":"","theme-transparent-header-meta":"","adv-header-id-meta":"","stick-header-meta":"","header-above-stick-meta":"","header-main-stick-meta":"","header-below-stick-meta":"","astra-migrate-meta-layouts":"default","ast-page-background-enabled":"default","ast-page-background-meta":{"desktop":{"background-color":"var(--ast-global-color-4)","background-image":"","background-repeat":"repeat","background-position":"center center","background-size":"auto","background-attachment":"scroll","background-type":"","background-media":"","overlay-type":"","overlay-color":"","overlay-opacity":"","overlay-gradient":""},"tablet":{"background-color":"","background-image":"","background-repeat":"repeat","background-position":"center center","background-size":"auto","background-attachment":"scroll","background-type":"","background-media":"","overlay-type":"","overlay-color":"","overlay-opacity":"","overlay-gradient":""},"mobile":{"background-color":"","background-image":"","background-repeat":"repeat","background-position":"center center","background-size":"auto","background-attachment":"scroll","background-type":"","background-media":"","overlay-type":"","overlay-color":"","overlay-opacity":"","overlay-gradient":""}},"ast-content-background-meta":{"desktop":{"background-color":"var(--ast-global-color-5)","background-image":"","background-repeat":"repeat","background-position":"center center","background-size":"auto","background-attachment":"scroll","background-type":"","background-media":"","overlay-type":"","overlay-color":"","overlay-opacity":"","overlay-gradient":""},"tablet":{"background-color":"var(--ast-global-color-5)","background-image":"","background-repeat":"repeat","background-position":"center center","background-size":"auto","background-attachment":"scroll","background-type":"","background-media":"","overlay-type":"","overlay-color":"","overlay-opacity":"","overlay-gradient":""},"mobile":{"background-color":"var(--ast-global-color-5)","background-image":"","background-repeat":"repeat","background-position":"center center","background-size":"auto","background-attachment":"scroll","background-type":"","background-media":"","overlay-type":"","overlay-color":"","overlay-opacity":"","overlay-gradient":""}},"footnotes":""},"categories":[29],"tags":[375,505,366,624],"class_list":["post-8855","post","type-post","status-publish","format-standard","has-post-thumbnail","hentry","category-portada","tag-batxillerat","tag-premis","tag-secundaria","tag-treball-de-recerca"],"post_mailing_queue_ids":[],"_links":{"self":[{"href":"https:\/\/serveiseducatius.xtec.cat\/badalona\/wp-json\/wp\/v2\/posts\/8855","targetHints":{"allow":["GET"]}}],"collection":[{"href":"https:\/\/serveiseducatius.xtec.cat\/badalona\/wp-json\/wp\/v2\/posts"}],"about":[{"href":"https:\/\/serveiseducatius.xtec.cat\/badalona\/wp-json\/wp\/v2\/types\/post"}],"author":[{"embeddable":true,"href":"https:\/\/serveiseducatius.xtec.cat\/badalona\/wp-json\/wp\/v2\/users\/9"}],"replies":[{"embeddable":true,"href":"https:\/\/serveiseducatius.xtec.cat\/badalona\/wp-json\/wp\/v2\/comments?post=8855"}],"version-history":[{"count":1,"href":"https:\/\/serveiseducatius.xtec.cat\/badalona\/wp-json\/wp\/v2\/posts\/8855\/revisions"}],"predecessor-version":[{"id":8857,"href":"https:\/\/serveiseducatius.xtec.cat\/badalona\/wp-json\/wp\/v2\/posts\/8855\/revisions\/8857"}],"wp:featuredmedia":[{"embeddable":true,"href":"https:\/\/serveiseducatius.xtec.cat\/badalona\/wp-json\/wp\/v2\/media\/8856"}],"wp:attachment":[{"href":"https:\/\/serveiseducatius.xtec.cat\/badalona\/wp-json\/wp\/v2\/media?parent=8855"}],"wp:term":[{"taxonomy":"category","embeddable":true,"href":"https:\/\/serveiseducatius.xtec.cat\/badalona\/wp-json\/wp\/v2\/categories?post=8855"},{"taxonomy":"post_tag","embeddable":true,"href":"https:\/\/serveiseducatius.xtec.cat\/badalona\/wp-json\/wp\/v2\/tags?post=8855"}],"curies":[{"name":"wp","href":"https:\/\/api.w.org\/{rel}","templated":true}]}}