{"id":8713,"date":"2018-02-20T11:18:43","date_gmt":"2018-02-20T10:18:43","guid":{"rendered":"http:\/\/serveiseducatius.xtec.cat\/badalona\/?p=8713"},"modified":"2018-02-22T09:55:08","modified_gmt":"2018-02-22T08:55:08","slug":"iii-premi-amit-cat-per-a-treballs-de-recerca-del-batxillerat-2018-fins-al-26-de-febrer","status":"publish","type":"post","link":"https:\/\/serveiseducatius.xtec.cat\/badalona\/portada\/iii-premi-amit-cat-per-a-treballs-de-recerca-del-batxillerat-2018-fins-al-26-de-febrer\/","title":{"rendered":"III Premi AMIT-Cat per a Treballs de Recerca del Batxillerat, 2018. Fins al 26 de febrer!"},"content":{"rendered":"<p><a href=\"http:\/\/www.amit-cat.org\/index.html\" target=\"_blank\" rel=\"noopener noreferrer\"><img loading=\"lazy\" decoding=\"async\" class=\"alignleft\" src=\"http:\/\/www.amit-cat.org\/imag\/Premi.jpg\" width=\"358\" height=\"139\" \/><\/a>\u00a0<span style=\"font-family: verdana, geneva, sans-serif; font-size: 10pt;\">L&#8217;Associaci\u00f3 de Dones Investigadores i tecn\u00f2logues de Catalunya (AMIT-Cat) convoca el<\/span>\u00a0<span style=\"font-family: verdana, geneva, sans-serif; font-size: 10pt;\"><a href=\"http:\/\/www.amit-cat.org\/doc\/diptic%20premi%20amitcat_2018_FINAL.pdf\" target=\"_blank\" rel=\"noopener noreferrer\"><strong>III Premi AMIT-Cat per a Treballs de Recerca del Batxillerat, 2018<\/strong><\/a>.\u00a0\u00a0El premi est\u00e0 adre\u00e7at a <strong>recon\u00e8ixer el millor treball de recerca en temes que se centrin o b\u00e9 ofereixin dades i comparatives sobre la dona i les seves aportacions a la ci\u00e8ncia i tecnologia.\u00a0<\/strong><\/span><!--more--><\/p>\n<p style=\"text-align: center;\"><a href=\"http:\/\/www.amit-cat.org\/index.html\" target=\"_blank\" rel=\"noopener noreferrer\"><span style=\"background-color: #ffffff; color: #ff0000;\"><strong><span style=\"font-family: verdana, geneva, sans-serif;\">BASES\u00a0I\u00a0INSCRIPCI\u00d3<\/span><\/strong><\/span><\/a><\/p>\n<p style=\"text-align: center;\">\u00a0<\/p>\n","protected":false},"excerpt":{"rendered":"<p>\u00a0L&#8217;Associaci\u00f3 de Dones Investigadores i tecn\u00f2logues de Catalunya (AMIT-Cat) convoca el\u00a0III Premi AMIT-Cat per a Treballs de Recerca del Batxillerat, [&hellip;]<\/p>\n","protected":false},"author":9,"featured_media":8714,"comment_status":"closed","ping_status":"closed","sticky":false,"template":"","format":"standard","meta":{"_bbp_topic_count":0,"_bbp_reply_count":0,"_bbp_total_topic_count":0,"_bbp_total_reply_count":0,"_bbp_voice_count":0,"_bbp_anonymous_reply_count":0,"_bbp_topic_count_hidden":0,"_bbp_reply_count_hidden":0,"_bbp_forum_subforum_count":0,"site-sidebar-layout":"default","site-content-layout":"","ast-site-content-layout":"","site-content-style":"default","site-sidebar-style":"default","ast-global-header-display":"","ast-banner-title-visibility":"","ast-main-header-display":"","ast-hfb-above-header-display":"","ast-hfb-below-header-display":"","ast-hfb-mobile-header-display":"","site-post-title":"","ast-breadcrumbs-content":"","ast-featured-img":"","footer-sml-layout":"","theme-transparent-header-meta":"","adv-header-id-meta":"","stick-header-meta":"","header-above-stick-meta":"","header-main-stick-meta":"","header-below-stick-meta":"","astra-migrate-meta-layouts":"default","ast-page-background-enabled":"default","ast-page-background-meta":{"desktop":{"background-color":"var(--ast-global-color-4)","background-image":"","background-repeat":"repeat","background-position":"center center","background-size":"auto","background-attachment":"scroll","background-type":"","background-media":"","overlay-type":"","overlay-color":"","overlay-opacity":"","overlay-gradient":""},"tablet":{"background-color":"","background-image":"","background-repeat":"repeat","background-position":"center center","background-size":"auto","background-attachment":"scroll","background-type":"","background-media":"","overlay-type":"","overlay-color":"","overlay-opacity":"","overlay-gradient":""},"mobile":{"background-color":"","background-image":"","background-repeat":"repeat","background-position":"center center","background-size":"auto","background-attachment":"scroll","background-type":"","background-media":"","overlay-type":"","overlay-color":"","overlay-opacity":"","overlay-gradient":""}},"ast-content-background-meta":{"desktop":{"background-color":"var(--ast-global-color-5)","background-image":"","background-repeat":"repeat","background-position":"center center","background-size":"auto","background-attachment":"scroll","background-type":"","background-media":"","overlay-type":"","overlay-color":"","overlay-opacity":"","overlay-gradient":""},"tablet":{"background-color":"var(--ast-global-color-5)","background-image":"","background-repeat":"repeat","background-position":"center center","background-size":"auto","background-attachment":"scroll","background-type":"","background-media":"","overlay-type":"","overlay-color":"","overlay-opacity":"","overlay-gradient":""},"mobile":{"background-color":"var(--ast-global-color-5)","background-image":"","background-repeat":"repeat","background-position":"center center","background-size":"auto","background-attachment":"scroll","background-type":"","background-media":"","overlay-type":"","overlay-color":"","overlay-opacity":"","overlay-gradient":""}},"footnotes":""},"categories":[299,29],"tags":[375,874,868,859,339,624],"class_list":["post-8713","post","type-post","status-publish","format-standard","has-post-thumbnail","hentry","category-jornades-cientifiques","category-portada","tag-batxillerat","tag-ciencies-experimentals","tag-dona-i-ciencia","tag-igualtat-de-genere","tag-tecnologia","tag-treball-de-recerca"],"post_mailing_queue_ids":[],"_links":{"self":[{"href":"https:\/\/serveiseducatius.xtec.cat\/badalona\/wp-json\/wp\/v2\/posts\/8713","targetHints":{"allow":["GET"]}}],"collection":[{"href":"https:\/\/serveiseducatius.xtec.cat\/badalona\/wp-json\/wp\/v2\/posts"}],"about":[{"href":"https:\/\/serveiseducatius.xtec.cat\/badalona\/wp-json\/wp\/v2\/types\/post"}],"author":[{"embeddable":true,"href":"https:\/\/serveiseducatius.xtec.cat\/badalona\/wp-json\/wp\/v2\/users\/9"}],"replies":[{"embeddable":true,"href":"https:\/\/serveiseducatius.xtec.cat\/badalona\/wp-json\/wp\/v2\/comments?post=8713"}],"version-history":[{"count":2,"href":"https:\/\/serveiseducatius.xtec.cat\/badalona\/wp-json\/wp\/v2\/posts\/8713\/revisions"}],"predecessor-version":[{"id":8716,"href":"https:\/\/serveiseducatius.xtec.cat\/badalona\/wp-json\/wp\/v2\/posts\/8713\/revisions\/8716"}],"wp:featuredmedia":[{"embeddable":true,"href":"https:\/\/serveiseducatius.xtec.cat\/badalona\/wp-json\/wp\/v2\/media\/8714"}],"wp:attachment":[{"href":"https:\/\/serveiseducatius.xtec.cat\/badalona\/wp-json\/wp\/v2\/media?parent=8713"}],"wp:term":[{"taxonomy":"category","embeddable":true,"href":"https:\/\/serveiseducatius.xtec.cat\/badalona\/wp-json\/wp\/v2\/categories?post=8713"},{"taxonomy":"post_tag","embeddable":true,"href":"https:\/\/serveiseducatius.xtec.cat\/badalona\/wp-json\/wp\/v2\/tags?post=8713"}],"curies":[{"name":"wp","href":"https:\/\/api.w.org\/{rel}","templated":true}]}}