{"id":8682,"date":"2018-02-14T10:02:51","date_gmt":"2018-02-14T09:02:51","guid":{"rendered":"http:\/\/serveiseducatius.xtec.cat\/badalona\/?p=8682"},"modified":"2018-02-15T13:08:59","modified_gmt":"2018-02-15T12:08:59","slug":"curs-al-mnac-educar-en-les-arts-i-a-traves-de-les-arts-projectes-interdisciplinaris-i-inclusius","status":"publish","type":"post","link":"https:\/\/serveiseducatius.xtec.cat\/badalona\/portada\/curs-al-mnac-educar-en-les-arts-i-a-traves-de-les-arts-projectes-interdisciplinaris-i-inclusius\/","title":{"rendered":"Curs al MNAC: Educar en les arts i a trav\u00e9s de les arts: projectes interdisciplinaris i inclusius"},"content":{"rendered":"<p><img loading=\"lazy\" decoding=\"async\" class=\"alignleft\" src=\"http:\/\/museunacional.cat\/sites\/default\/files\/styles\/adaptive\/public\/assessorament.jpg?itok=NVnkyLOj\" width=\"302\" height=\"322\" \/>El <a href=\"http:\/\/museunacional.cat\/ca\" target=\"_blank\" rel=\"noopener noreferrer\">Museu Nacional d\u2019Art de Catalunya<\/a> us convida a redescobrir el poder de l\u2019art com a eina d\u2019aprenentatge i de gaudi.<\/p>\n<p>Curs: <strong><a href=\"http:\/\/museunacional.cat\/ca\/formacio-i-assessorament\" target=\"_blank\" rel=\"noopener noreferrer\">Educar en les arts i a trav\u00e9s de les arts: projectes interdisciplinaris i inclusius<\/a><\/strong><br \/>Curs presencial de <strong>20 h<\/strong> adre\u00e7at a professorat d&#8217;educaci\u00f3 infantil i prim\u00e0ria, interessats a explorar el potencial de l\u2019art com a eina educativa i d\u2019innovaci\u00f3. Es pret\u00e9n fer una immersi\u00f3 en el llenguatge de les Arts Visuals per tal de comprendre&#8217;l i ser capa\u00e7 d\u2019expressar-se amb ell. D&#8217;altra banda, tamb\u00e9 es vol proporcionar estrat\u00e8gies per dissenyar projectes art\u00edstics interdisciplinars, transdisciplinars i inclusius.<\/p>\n<p><strong>OBJECTIUS:<\/strong><br \/>&#8211; Reflexionar sobre la import\u00e0ncia de l&#8217;Art, dels processos de creaci\u00f3 art\u00edstica i dels museus en l&#8217;educaci\u00f3 dels infants.<br \/>&#8211; Apropar-se a la complexitat de l\u2019obra d\u2019art i ser capa\u00e7 d\u2019identificar el seu llenguatge.<br \/>&#8211; Descobrir les possibilitats que ofereixen les obres d\u2019art per explorar diferents \u00e0mbits del coneixement.<br \/>&#8211; Expressar-se a trav\u00e9s del llenguatge visual i pl\u00e0stic i comprendre les creacions art\u00edstiques.<br \/>&#8211; Dissenyar projectes educatius interdisciplinars, transdisciplinars i inclusius a partir d&#8217;artistes visuals i de les seves obres.<\/p>\n<p><strong>INFORMACI\u00d3 PR\u00c0CTICA:<\/strong><br \/>\u2022\u00a0Calendari: 3, 8, 15 i 22 de mar\u00e7, i 5, 12 i 19 d&#8217;abril.<br \/>\u2022\u00a0Horari: de 18 a 20:30h (la sessi\u00f3 del dissabte 3 de mar\u00e7 ser\u00e0 de 10 a 15h).<br \/>\u2022\u00a0Lloc: El dissabte 3 de mar\u00e7 la sessi\u00f3 es far\u00e0 al Museu Nacional d&#8217;Art de Catalunya (Palau Nacional, Parc de Montju\u00efc, s\/n, Barcelona). La resta de sessions seran a la Facultat de Ci\u00e8ncies de l\u2019Educaci\u00f3 de la UAB, a Bellaterra.<br \/>\u2022\u00a0Professorat: Mar Mor\u00f3n Velasco, i Esther Fuertes Fuertes.<br \/>\u2022\u00a0Preu: 80\u20ac, material incl\u00f3s.<br \/>\u2022\u00a0Inscripci\u00f3 obligat\u00f2ria a: <a href=\"http:\/\/ice.uab.cat\/inscripcions\/presencials1718\/formulari\/alta_prof.php\" target=\"_blank\" rel=\"noopener noreferrer\">http:\/\/ice.uab.cat\/inscripcions\/presencials1718\/formulari\/alta_prof.php<\/a><br \/>\u00a0<\/p>\n<p>En col\u00b7laboraci\u00f3 amb l&#8217;ICE de la UAB\u00a0<\/p>\n","protected":false},"excerpt":{"rendered":"<p>El Museu Nacional d\u2019Art de Catalunya us convida a redescobrir el poder de l\u2019art com a eina d\u2019aprenentatge i de [&hellip;]<\/p>\n","protected":false},"author":1,"featured_media":8683,"comment_status":"closed","ping_status":"closed","sticky":false,"template":"","format":"standard","meta":{"_bbp_topic_count":0,"_bbp_reply_count":0,"_bbp_total_topic_count":0,"_bbp_total_reply_count":0,"_bbp_voice_count":0,"_bbp_anonymous_reply_count":0,"_bbp_topic_count_hidden":0,"_bbp_reply_count_hidden":0,"_bbp_forum_subforum_count":0,"site-sidebar-layout":"default","site-content-layout":"","ast-site-content-layout":"","site-content-style":"default","site-sidebar-style":"default","ast-global-header-display":"","ast-banner-title-visibility":"","ast-main-header-display":"","ast-hfb-above-header-display":"","ast-hfb-below-header-display":"","ast-hfb-mobile-header-display":"","site-post-title":"","ast-breadcrumbs-content":"","ast-featured-img":"","footer-sml-layout":"","theme-transparent-header-meta":"","adv-header-id-meta":"","stick-header-meta":"","header-above-stick-meta":"","header-main-stick-meta":"","header-below-stick-meta":"","astra-migrate-meta-layouts":"default","ast-page-background-enabled":"default","ast-page-background-meta":{"desktop":{"background-color":"var(--ast-global-color-4)","background-image":"","background-repeat":"repeat","background-position":"center center","background-size":"auto","background-attachment":"scroll","background-type":"","background-media":"","overlay-type":"","overlay-color":"","overlay-opacity":"","overlay-gradient":""},"tablet":{"background-color":"","background-image":"","background-repeat":"repeat","background-position":"center center","background-size":"auto","background-attachment":"scroll","background-type":"","background-media":"","overlay-type":"","overlay-color":"","overlay-opacity":"","overlay-gradient":""},"mobile":{"background-color":"","background-image":"","background-repeat":"repeat","background-position":"center center","background-size":"auto","background-attachment":"scroll","background-type":"","background-media":"","overlay-type":"","overlay-color":"","overlay-opacity":"","overlay-gradient":""}},"ast-content-background-meta":{"desktop":{"background-color":"var(--ast-global-color-5)","background-image":"","background-repeat":"repeat","background-position":"center center","background-size":"auto","background-attachment":"scroll","background-type":"","background-media":"","overlay-type":"","overlay-color":"","overlay-opacity":"","overlay-gradient":""},"tablet":{"background-color":"var(--ast-global-color-5)","background-image":"","background-repeat":"repeat","background-position":"center center","background-size":"auto","background-attachment":"scroll","background-type":"","background-media":"","overlay-type":"","overlay-color":"","overlay-opacity":"","overlay-gradient":""},"mobile":{"background-color":"var(--ast-global-color-5)","background-image":"","background-repeat":"repeat","background-position":"center center","background-size":"auto","background-attachment":"scroll","background-type":"","background-media":"","overlay-type":"","overlay-color":"","overlay-opacity":"","overlay-gradient":""}},"footnotes":""},"categories":[165,29],"tags":[648],"class_list":["post-8682","post","type-post","status-publish","format-standard","has-post-thumbnail","hentry","category-formacio","category-portada","tag-mnac"],"post_mailing_queue_ids":[],"_links":{"self":[{"href":"https:\/\/serveiseducatius.xtec.cat\/badalona\/wp-json\/wp\/v2\/posts\/8682","targetHints":{"allow":["GET"]}}],"collection":[{"href":"https:\/\/serveiseducatius.xtec.cat\/badalona\/wp-json\/wp\/v2\/posts"}],"about":[{"href":"https:\/\/serveiseducatius.xtec.cat\/badalona\/wp-json\/wp\/v2\/types\/post"}],"author":[{"embeddable":true,"href":"https:\/\/serveiseducatius.xtec.cat\/badalona\/wp-json\/wp\/v2\/users\/1"}],"replies":[{"embeddable":true,"href":"https:\/\/serveiseducatius.xtec.cat\/badalona\/wp-json\/wp\/v2\/comments?post=8682"}],"version-history":[{"count":1,"href":"https:\/\/serveiseducatius.xtec.cat\/badalona\/wp-json\/wp\/v2\/posts\/8682\/revisions"}],"predecessor-version":[{"id":8684,"href":"https:\/\/serveiseducatius.xtec.cat\/badalona\/wp-json\/wp\/v2\/posts\/8682\/revisions\/8684"}],"wp:featuredmedia":[{"embeddable":true,"href":"https:\/\/serveiseducatius.xtec.cat\/badalona\/wp-json\/wp\/v2\/media\/8683"}],"wp:attachment":[{"href":"https:\/\/serveiseducatius.xtec.cat\/badalona\/wp-json\/wp\/v2\/media?parent=8682"}],"wp:term":[{"taxonomy":"category","embeddable":true,"href":"https:\/\/serveiseducatius.xtec.cat\/badalona\/wp-json\/wp\/v2\/categories?post=8682"},{"taxonomy":"post_tag","embeddable":true,"href":"https:\/\/serveiseducatius.xtec.cat\/badalona\/wp-json\/wp\/v2\/tags?post=8682"}],"curies":[{"name":"wp","href":"https:\/\/api.w.org\/{rel}","templated":true}]}}