{"id":8638,"date":"2018-02-08T08:57:13","date_gmt":"2018-02-08T07:57:13","guid":{"rendered":"http:\/\/serveiseducatius.xtec.cat\/badalona\/?p=8638"},"modified":"2018-02-08T08:57:13","modified_gmt":"2018-02-08T07:57:13","slug":"sinauguren-les-xxxii-jornades-cientifiques-densenyament-secundari-de-badalona-amb-una-conferencia-i-un-debat-sobre-les-vies-de-transmissio-del-vihsida","status":"publish","type":"post","link":"https:\/\/serveiseducatius.xtec.cat\/badalona\/portada\/sinauguren-les-xxxii-jornades-cientifiques-densenyament-secundari-de-badalona-amb-una-conferencia-i-un-debat-sobre-les-vies-de-transmissio-del-vihsida\/","title":{"rendered":"S\u2019inauguren les XXXII Jornades Cient\u00edfiques d\u2019Ensenyament Secundari de Badalona amb una confer\u00e8ncia i un debat sobre les vies de transmissi\u00f3 del VIH\/sida"},"content":{"rendered":"<p><img loading=\"lazy\" decoding=\"async\" class=\"alignnone wp-image-4396 size-medium\" src=\"http:\/\/serveiseducatius.xtec.cat\/badalona\/wp-content\/uploads\/usu1088\/2016\/09\/jornades1-196x300.jpg\" alt=\"\" width=\"196\" height=\"300\" srcset=\"https:\/\/serveiseducatius.xtec.cat\/badalona\/wp-content\/uploads\/usu1088\/2016\/09\/jornades1-196x300.jpg 196w, https:\/\/serveiseducatius.xtec.cat\/badalona\/wp-content\/uploads\/usu1088\/2016\/09\/jornades1.jpg 640w\" sizes=\"auto, (max-width: 196px) 100vw, 196px\" \/><\/p>\n<p>L\u2019acte tindr\u00e0 lloc aquest proper dimarts 13 de febrer a l\u2019auditori de l\u2019Hospital Germans Trias i Pujol.<\/p>\n<p><!--more--><br \/>Uns 170 alumnes dels instituts Pau Casals i Pompeu Fabra, del Col\u00b7legi Maristes Champagnat i les Escoles Minguella, assistiran el proper dimarts, 13 de febrer, a la inauguraci\u00f3 de les XXXII Jornades Cient\u00edfiques de Badalona amb una sessi\u00f3 de divulgaci\u00f3 cient\u00edfica i prevenci\u00f3 de la sida que anir\u00e0 a c\u00e0rrec d\u2019una investigadora de l\u2019Institut de Recerca de la Sida IrsiCaixa.<br \/>Despr\u00e9s de reflexionar sobre el grau de risc al qual s\u2019exposen els joves, es parlar\u00e0 de les vies de transmissi\u00f3 del VIH i de la recerca actual en VIH\/sida. Posteriorment es far\u00e0 un debat sobre prevenci\u00f3 i aspectes \u00e8tics de la malaltia. El testimoni d\u2019un pacient infectat pel virus completar\u00e0 la sessi\u00f3.<br \/>La Comissi\u00f3 Organitzadora de les Jornades Cient\u00edfiques d\u2019Ensenyament Secundari ofereix des de fa ja m\u00e9s de 10 anys als alumnes confer\u00e8ncies de divulgaci\u00f3, sobretot de caire cient\u00edfic, que tenen com a objectiu fonamental donar la possibilitat a l\u2019alumnat d\u2019escoltar una xerrada a c\u00e0rrec d\u2019un investigador.<br \/>D\u2019aquesta manera es pret\u00e9n que els alumnes puguin veure en la recerca una possibilitat m\u00e9s pel seu futur acad\u00e8mic i professional. Des de l\u2019any 2006, aquestes xerrades es realitzen en diversos centres de secund\u00e0ria i batxillerat de la ciutat, i des de l\u2019any 2010 es va comen\u00e7ar a treballar amb l\u2019Institut de Recerca de la Sida IrsiCaixa.<br \/>La Comissi\u00f3 Organitzadora est\u00e0 integrada per l\u2019Ajuntament de Badalona, a trav\u00e9s dels \u00c0mbits de Badalona Educadora i Badalona Pr\u00f2spera i Sostenible, juntament amb l\u2019Escola del Mar i l\u2019Escola de Natura, i pel Servei Educatiu de la Generalitat de Catalunya. L\u2019acte compte amb la col\u00b7laboraci\u00f3 de la Fundaci\u00f3 Institut de Recerca en Ci\u00e8ncies de la Salut Germans Trias i Pujol (IGTP).<\/p>\n<p>Font: Servei d&#8217;Atenci\u00f3 al Ciutad\u00e0 de l&#8217;Ajuntament de Badalona<\/p>\n","protected":false},"excerpt":{"rendered":"<p>L\u2019acte tindr\u00e0 lloc aquest proper dimarts 13 de febrer a l\u2019auditori de l\u2019Hospital Germans Trias i Pujol.<\/p>\n","protected":false},"author":1,"featured_media":4396,"comment_status":"closed","ping_status":"closed","sticky":false,"template":"","format":"standard","meta":{"_bbp_topic_count":0,"_bbp_reply_count":0,"_bbp_total_topic_count":0,"_bbp_total_reply_count":0,"_bbp_voice_count":0,"_bbp_anonymous_reply_count":0,"_bbp_topic_count_hidden":0,"_bbp_reply_count_hidden":0,"_bbp_forum_subforum_count":0,"site-sidebar-layout":"default","site-content-layout":"","ast-site-content-layout":"","site-content-style":"default","site-sidebar-style":"default","ast-global-header-display":"","ast-banner-title-visibility":"","ast-main-header-display":"","ast-hfb-above-header-display":"","ast-hfb-below-header-display":"","ast-hfb-mobile-header-display":"","site-post-title":"","ast-breadcrumbs-content":"","ast-featured-img":"","footer-sml-layout":"","theme-transparent-header-meta":"","adv-header-id-meta":"","stick-header-meta":"","header-above-stick-meta":"","header-main-stick-meta":"","header-below-stick-meta":"","astra-migrate-meta-layouts":"default","ast-page-background-enabled":"default","ast-page-background-meta":{"desktop":{"background-color":"var(--ast-global-color-4)","background-image":"","background-repeat":"repeat","background-position":"center center","background-size":"auto","background-attachment":"scroll","background-type":"","background-media":"","overlay-type":"","overlay-color":"","overlay-opacity":"","overlay-gradient":""},"tablet":{"background-color":"","background-image":"","background-repeat":"repeat","background-position":"center center","background-size":"auto","background-attachment":"scroll","background-type":"","background-media":"","overlay-type":"","overlay-color":"","overlay-opacity":"","overlay-gradient":""},"mobile":{"background-color":"","background-image":"","background-repeat":"repeat","background-position":"center center","background-size":"auto","background-attachment":"scroll","background-type":"","background-media":"","overlay-type":"","overlay-color":"","overlay-opacity":"","overlay-gradient":""}},"ast-content-background-meta":{"desktop":{"background-color":"var(--ast-global-color-5)","background-image":"","background-repeat":"repeat","background-position":"center center","background-size":"auto","background-attachment":"scroll","background-type":"","background-media":"","overlay-type":"","overlay-color":"","overlay-opacity":"","overlay-gradient":""},"tablet":{"background-color":"var(--ast-global-color-5)","background-image":"","background-repeat":"repeat","background-position":"center center","background-size":"auto","background-attachment":"scroll","background-type":"","background-media":"","overlay-type":"","overlay-color":"","overlay-opacity":"","overlay-gradient":""},"mobile":{"background-color":"var(--ast-global-color-5)","background-image":"","background-repeat":"repeat","background-position":"center center","background-size":"auto","background-attachment":"scroll","background-type":"","background-media":"","overlay-type":"","overlay-color":"","overlay-opacity":"","overlay-gradient":""}},"footnotes":""},"categories":[29],"tags":[471,857,192,173],"class_list":["post-8638","post","type-post","status-publish","format-standard","has-post-thumbnail","hentry","category-portada","tag-educacio-secundaria","tag-hospital-germans-trias-i-pujol","tag-jornades-cientifiques","tag-recerca"],"post_mailing_queue_ids":[],"_links":{"self":[{"href":"https:\/\/serveiseducatius.xtec.cat\/badalona\/wp-json\/wp\/v2\/posts\/8638","targetHints":{"allow":["GET"]}}],"collection":[{"href":"https:\/\/serveiseducatius.xtec.cat\/badalona\/wp-json\/wp\/v2\/posts"}],"about":[{"href":"https:\/\/serveiseducatius.xtec.cat\/badalona\/wp-json\/wp\/v2\/types\/post"}],"author":[{"embeddable":true,"href":"https:\/\/serveiseducatius.xtec.cat\/badalona\/wp-json\/wp\/v2\/users\/1"}],"replies":[{"embeddable":true,"href":"https:\/\/serveiseducatius.xtec.cat\/badalona\/wp-json\/wp\/v2\/comments?post=8638"}],"version-history":[{"count":1,"href":"https:\/\/serveiseducatius.xtec.cat\/badalona\/wp-json\/wp\/v2\/posts\/8638\/revisions"}],"predecessor-version":[{"id":8639,"href":"https:\/\/serveiseducatius.xtec.cat\/badalona\/wp-json\/wp\/v2\/posts\/8638\/revisions\/8639"}],"wp:featuredmedia":[{"embeddable":true,"href":"https:\/\/serveiseducatius.xtec.cat\/badalona\/wp-json\/wp\/v2\/media\/4396"}],"wp:attachment":[{"href":"https:\/\/serveiseducatius.xtec.cat\/badalona\/wp-json\/wp\/v2\/media?parent=8638"}],"wp:term":[{"taxonomy":"category","embeddable":true,"href":"https:\/\/serveiseducatius.xtec.cat\/badalona\/wp-json\/wp\/v2\/categories?post=8638"},{"taxonomy":"post_tag","embeddable":true,"href":"https:\/\/serveiseducatius.xtec.cat\/badalona\/wp-json\/wp\/v2\/tags?post=8638"}],"curies":[{"name":"wp","href":"https:\/\/api.w.org\/{rel}","templated":true}]}}