{"id":8636,"date":"2018-02-08T08:51:44","date_gmt":"2018-02-08T07:51:44","guid":{"rendered":"http:\/\/serveiseducatius.xtec.cat\/badalona\/?p=8636"},"modified":"2018-02-08T08:51:44","modified_gmt":"2018-02-08T07:51:44","slug":"activitats-mes-destacades-a-la-xarxa-municipal-de-biblioteques-de-badalona-per-aquest-mes-de-febrer","status":"publish","type":"post","link":"https:\/\/serveiseducatius.xtec.cat\/badalona\/portada\/activitats-mes-destacades-a-la-xarxa-municipal-de-biblioteques-de-badalona-per-aquest-mes-de-febrer\/","title":{"rendered":"Activitats m\u00e9s destacades a la Xarxa Municipal de Biblioteques de Badalona per aquest mes de febrer"},"content":{"rendered":"<p><img loading=\"lazy\" decoding=\"async\" class=\"alignnone size-full wp-image-7990\" src=\"http:\/\/serveiseducatius.xtec.cat\/badalona\/wp-content\/uploads\/usu1088\/2017\/10\/logoXarxaBibliotequesMunicipalBadalona-e1509021384914.jpg\" alt=\"\" width=\"200\" height=\"121\" \/><\/p>\n<p>Les biblioteques de la ciutat participen un any m\u00e9s en el Festival Internacional de M\u00e0gia de Badalona<\/p>\n<p>La Xarxa Municipal de Biblioteques de Badalona participa, un any m\u00e9s, en el Festival Internacional de M\u00e0gia &#8211; XVIII Memorial Li Chang, que aquest any arriba a la seva divuitena edici\u00f3, oferint espectacles, tallers o la presentaci\u00f3 d\u2019una novel\u00b7la.<\/p>\n<p>Aquestes s\u00f3n les activitats m\u00e9s destacades a les biblioteques badalonines:<\/p>\n<p><!--more--><\/p>\n<p>Literatura i m\u00e0gia: Realitat o ficci\u00f3?<\/p>\n<p>Dijous 22, a les 18 h, a la sala d\u2019actes de l\u2019Espai Bet\u00falia<br \/>\u00c9s una activitat dirigida a p\u00fablic juvenil que combina la lectura i la m\u00e0gia. Comptar\u00e0 amb l\u2019escriptor i actor badalon\u00ed Rub\u00e8n Monta\u00f1\u00e1, el director del Festival Internacional de M\u00e0gia de Badalona, Enric Magoo,i la m\u00e0gia de F\u00e8lix Brunet..<br \/>18 h. Col\u00b7loqui Rub\u00e8n Monta\u00f1\u00e1 i Enric Magoo.<br \/>La trobada tindr\u00e0 com a punt de partida l\u2019obra El bol\u00edgraf de Higgs, de Rub\u00e8n Monta\u00f1\u00e1. Una hist\u00f2ria esbojarrada i divertida que entrella\u00e7a la realitat i la ficci\u00f3 en la seva trama la qual gira al voltant d\u2019un bol\u00edgraf m\u00e0gic. \u00c9s un llibre fresc i entretingut que tamb\u00e9 amaga missatges m\u00e9s filos\u00f2fics i profunds sobre els temes referents a la vida real i a tot all\u00f2 que sembla real i no ho \u00e9s<br \/>Rub\u00e8n \u00e9s un autor jove, amb gran capacitat d\u2019inventiva i observaci\u00f3, que sorpr\u00e8n i captiva als lectors i que en busca la seva complicitat. Ve del m\u00f3n del teatre i la televisi\u00f3, i ha participat en s\u00e8ries com ara \u201cEl cor de la ciutat\u201d.<br \/>18.45 h. Espectacle El domador de puces amb el mag F\u00e8lix Brunet<br \/>Tothom ha sentit a parlar dels Circs de Puces, per\u00f2 poca gent n\u2019ha vist un! F\u00e8lix Brunet us donar\u00e0 l\u2019oportunitat de veure\u2019n un molt especial!<br \/>Aquesta activitat s\u2019emmarca en el programa \u201ceTert\u00falies\u201d i dins del XVIII Festival Internacional de M\u00e0gia Li-Chang.<br \/>Recoredem que \u201ceTert\u00falies\u201d \u00e9s un programa de la Xarxa Municipal de Biblioteques de Badalona que combina i connecta les trobades liter\u00e0ries amb altres disciplines de l&#8217;\u00e0mbit de la cultura i el patrimoni badalon\u00ed. A m\u00e9s, ofereix el f\u00f2rum de debat en l\u00ednia com a eina de participaci\u00f3 i d&#8217;enriquiment del debat.<\/p>\n<p>Espectacles i tallers de m\u00e0gia<br \/>Del 6 de febrer a l\u20191 de mar\u00e7, a totes les biblioteques<br \/>Tamb\u00e9, emmarcats en el Festival Internacional de M\u00e0gia Li-Chang, a totes les biblioteques es podr\u00e0 gaudir d\u2019espectacles de m\u00e0gia amb les magues i els mags Valeria Guglietti, Sergio, Joana Andreu, Mag Marin, Maga Gisell, David el Mag, Selvin, Jordi Pota i el Mag Gerard.<br \/>Els tallers d\u2019aprenent de mag, enguany els trobareu a les biblioteques Llefi\u00e0-Xavier Soto, amb el Magic Sergio, i a Sant Roc amb David el Mag.<\/p>\n<p>Presentaci\u00f3 novel\u00b7la<br \/>Dijous 22 de febrer, a les 18.30 h, a la Biblioteca Llefi\u00e0-Xavier Soto<br \/>Presentaci\u00f3 de la novel\u00b7la La ciudad de los demonios, a c\u00e0rrec de la seva autora, l\u2019escriptora Montserrat Rico<br \/>La ciudad de los demonios \u00e9s la darrera novel\u00b7la d\u2019aquesta autora. Un thriller hist\u00f2ric que ha rebut el premi Albert Jovell de novel\u00b7la i que apropa al lector a la Barcelona del segle XIX i a la figura del poeta i clergue Jacint Verdaguer. <br \/>Com a novel\u00b7lista, Montserrat Rico ha publicat els t\u00edtols Cartas a Lucrecia, Bajo un cielo p\u00farpura, La abadia profanada i Pasajeros de la Niebla. Tamb\u00e9 \u00e9s col\u00b7laboradora de publicacions com Historia y Vida o Enigmas, entre altres.<\/p>\n<p>Nou servei de pr\u00e9stec electr\u00f2nic:<br \/>L\u2019#eBiblioCat \u00e9s el nou servei de pr\u00e9stec de llibre electr\u00f2nic pels usuaris de les biblioteques p\u00fabliques de Catalunya. Compta amb una col\u00b7lecci\u00f3 de t\u00edtols d\u2019obres de ficci\u00f3 i no ficci\u00f3 de diferents g\u00e8neres i tem\u00e0tiques, amb un fons en catal\u00e0, castell\u00e0 i angl\u00e8s.<br \/>El projecte est\u00e0 impulsat pel Ministeri d&#8217;Educaci\u00f3, Cultura i Esports en col\u00b7laboraci\u00f3 amb el Departament de Cultura de la Generalitat, la Diputaci\u00f3 de Barcelona i l\u2019Ajuntament de Barcelona.<br \/>Per fer \u00fas d\u2019#eBiblioCat nom\u00e9s caldr\u00e0 disposar del carnet d\u2019usuari de les biblioteques del Sistema de Lectura P\u00fablica de Catalunya.<br \/>Per a m\u00e9s informaci\u00f3, us podeu dirigir a qualsevol de les biblioteques municipals de la ciutat.<\/p>\n<p>M\u00e9s informaci\u00f3 de les activitats a www.badabiblios.cat<\/p>\n<p>Font: Servei d&#8217;Atenci\u00f3 al Ciutad\u00e0 de l&#8217;Ajuntament de Badalona<\/p>\n","protected":false},"excerpt":{"rendered":"<p>Les biblioteques de la ciutat participen un any m\u00e9s en el Festival Internacional de M\u00e0gia de Badalona La Xarxa Municipal [&hellip;]<\/p>\n","protected":false},"author":1,"featured_media":7990,"comment_status":"closed","ping_status":"closed","sticky":false,"template":"","format":"standard","meta":{"_bbp_topic_count":0,"_bbp_reply_count":0,"_bbp_total_topic_count":0,"_bbp_total_reply_count":0,"_bbp_voice_count":0,"_bbp_anonymous_reply_count":0,"_bbp_topic_count_hidden":0,"_bbp_reply_count_hidden":0,"_bbp_forum_subforum_count":0,"site-sidebar-layout":"default","site-content-layout":"","ast-site-content-layout":"","site-content-style":"default","site-sidebar-style":"default","ast-global-header-display":"","ast-banner-title-visibility":"","ast-main-header-display":"","ast-hfb-above-header-display":"","ast-hfb-below-header-display":"","ast-hfb-mobile-header-display":"","site-post-title":"","ast-breadcrumbs-content":"","ast-featured-img":"","footer-sml-layout":"","theme-transparent-header-meta":"","adv-header-id-meta":"","stick-header-meta":"","header-above-stick-meta":"","header-main-stick-meta":"","header-below-stick-meta":"","astra-migrate-meta-layouts":"default","ast-page-background-enabled":"default","ast-page-background-meta":{"desktop":{"background-color":"var(--ast-global-color-4)","background-image":"","background-repeat":"repeat","background-position":"center center","background-size":"auto","background-attachment":"scroll","background-type":"","background-media":"","overlay-type":"","overlay-color":"","overlay-opacity":"","overlay-gradient":""},"tablet":{"background-color":"","background-image":"","background-repeat":"repeat","background-position":"center center","background-size":"auto","background-attachment":"scroll","background-type":"","background-media":"","overlay-type":"","overlay-color":"","overlay-opacity":"","overlay-gradient":""},"mobile":{"background-color":"","background-image":"","background-repeat":"repeat","background-position":"center center","background-size":"auto","background-attachment":"scroll","background-type":"","background-media":"","overlay-type":"","overlay-color":"","overlay-opacity":"","overlay-gradient":""}},"ast-content-background-meta":{"desktop":{"background-color":"var(--ast-global-color-5)","background-image":"","background-repeat":"repeat","background-position":"center center","background-size":"auto","background-attachment":"scroll","background-type":"","background-media":"","overlay-type":"","overlay-color":"","overlay-opacity":"","overlay-gradient":""},"tablet":{"background-color":"var(--ast-global-color-5)","background-image":"","background-repeat":"repeat","background-position":"center center","background-size":"auto","background-attachment":"scroll","background-type":"","background-media":"","overlay-type":"","overlay-color":"","overlay-opacity":"","overlay-gradient":""},"mobile":{"background-color":"var(--ast-global-color-5)","background-image":"","background-repeat":"repeat","background-position":"center center","background-size":"auto","background-attachment":"scroll","background-type":"","background-media":"","overlay-type":"","overlay-color":"","overlay-opacity":"","overlay-gradient":""}},"footnotes":""},"categories":[29],"tags":[663,163,722],"class_list":["post-8636","post","type-post","status-publish","format-standard","has-post-thumbnail","hentry","category-portada","tag-badabiblios","tag-biblioteques","tag-xarxa-de-biblioteques-de-badalona"],"post_mailing_queue_ids":[],"_links":{"self":[{"href":"https:\/\/serveiseducatius.xtec.cat\/badalona\/wp-json\/wp\/v2\/posts\/8636","targetHints":{"allow":["GET"]}}],"collection":[{"href":"https:\/\/serveiseducatius.xtec.cat\/badalona\/wp-json\/wp\/v2\/posts"}],"about":[{"href":"https:\/\/serveiseducatius.xtec.cat\/badalona\/wp-json\/wp\/v2\/types\/post"}],"author":[{"embeddable":true,"href":"https:\/\/serveiseducatius.xtec.cat\/badalona\/wp-json\/wp\/v2\/users\/1"}],"replies":[{"embeddable":true,"href":"https:\/\/serveiseducatius.xtec.cat\/badalona\/wp-json\/wp\/v2\/comments?post=8636"}],"version-history":[{"count":1,"href":"https:\/\/serveiseducatius.xtec.cat\/badalona\/wp-json\/wp\/v2\/posts\/8636\/revisions"}],"predecessor-version":[{"id":8637,"href":"https:\/\/serveiseducatius.xtec.cat\/badalona\/wp-json\/wp\/v2\/posts\/8636\/revisions\/8637"}],"wp:featuredmedia":[{"embeddable":true,"href":"https:\/\/serveiseducatius.xtec.cat\/badalona\/wp-json\/wp\/v2\/media\/7990"}],"wp:attachment":[{"href":"https:\/\/serveiseducatius.xtec.cat\/badalona\/wp-json\/wp\/v2\/media?parent=8636"}],"wp:term":[{"taxonomy":"category","embeddable":true,"href":"https:\/\/serveiseducatius.xtec.cat\/badalona\/wp-json\/wp\/v2\/categories?post=8636"},{"taxonomy":"post_tag","embeddable":true,"href":"https:\/\/serveiseducatius.xtec.cat\/badalona\/wp-json\/wp\/v2\/tags?post=8636"}],"curies":[{"name":"wp","href":"https:\/\/api.w.org\/{rel}","templated":true}]}}