{"id":8401,"date":"2017-12-18T12:53:33","date_gmt":"2017-12-18T11:53:33","guid":{"rendered":"http:\/\/serveiseducatius.xtec.cat\/badalona\/?p=8401"},"modified":"2017-12-18T12:55:48","modified_gmt":"2017-12-18T11:55:48","slug":"curs-gratuit-infants-i-adolescents-victimes-de-la-violencia-de-genere-entre-els-seus-pares","status":"publish","type":"post","link":"https:\/\/serveiseducatius.xtec.cat\/badalona\/portada\/curs-gratuit-infants-i-adolescents-victimes-de-la-violencia-de-genere-entre-els-seus-pares\/","title":{"rendered":"Curs gratu\u00eft: Infants i Adolescents v\u00edctimes de la viol\u00e8ncia de g\u00e8nere entre els seus pares."},"content":{"rendered":"<p><img loading=\"lazy\" decoding=\"async\" class=\"alignleft  wp-image-8403\" src=\"http:\/\/serveiseducatius.xtec.cat\/badalona\/wp-content\/uploads\/usu1088\/2017\/12\/viviana-1.png\" alt=\"\" width=\"444\" height=\"343\" srcset=\"https:\/\/serveiseducatius.xtec.cat\/badalona\/wp-content\/uploads\/usu1088\/2017\/12\/viviana-1.png 600w, https:\/\/serveiseducatius.xtec.cat\/badalona\/wp-content\/uploads\/usu1088\/2017\/12\/viviana-1-300x232.png 300w\" sizes=\"auto, (max-width: 444px) 100vw, 444px\" \/><span style=\"font-family: verdana, geneva, sans-serif; font-size: 10pt;\">Curs presencial gratu\u00eft que organitza<strong> <a href=\"http:\/\/www.acim.cat\/\" target=\"_blank\" rel=\"noopener noreferrer\">l&#8217;ACIM,<\/a><\/strong> finan\u00e7at per la Uni\u00f3 Europea i en col\u00b7laboraci\u00f3 amb el Laboratori d&#8217;Investigaci\u00f3 Prosocial Aplicada (LIPA-UAB), sobre\u00a0<b>Infants i Adolescents v\u00edctimes de la viol\u00e8ncia de g\u00e8nere entre els seus pares<\/b>.<\/span><!--more--><\/p>\n<p><span style=\"font-family: verdana, geneva, sans-serif; font-size: 10pt;\">Els requisits per apuntar-s&#8217;hi s\u00f3n treballar, o estar formant-se per fer-ho, amb infants d&#8217;educaci\u00f3 infantil, prim\u00e0ria o secund\u00e0ria, o monitor escolar.\u00a0<\/span><\/p>\n<div class=\"gmail_default\"><span style=\"font-family: verdana, geneva, sans-serif; font-size: 10pt;\"><b>Dates: <\/b>17, 24 i 31\/gener<\/span><\/div>\n<div class=\"gmail_default\" style=\"padding-left: 60px;\"><span style=\"font-family: verdana, geneva, sans-serif; font-size: 10pt;\">\u00a0 \u00a0 \u00a0 \u00a0 \u00a0 \u00a0 7, 14, 21 i 28\/febrer<\/span><\/div>\n<div class=\"gmail_default\" style=\"padding-left: 60px;\"><span style=\"font-size: 10pt; font-family: verdana, geneva, sans-serif;\"><strong>Horari:<\/strong> de\u00a017:30 a 19:30 hores<\/span><\/div>\n<div class=\"gmail_default\" style=\"padding-left: 60px;\"><span style=\"font-size: 10pt; font-family: verdana, geneva, sans-serif;\"><strong>Lloc:\u00a0<\/strong>Auditori Catalunya -sisena planta- de l&#8217;Hotel d&#8217;Entitats La Pau (c\/Pere Verg\u00e9s, 1, 08020, Bcn).<\/span><\/div>\n<div class=\"gmail_default\" style=\"padding-left: 60px;\">\u00a0<\/div>\n<div class=\"gmail_default\" style=\"padding-left: 60px;\">\u00a0<\/div>\n<div class=\"gmail_default\" style=\"padding-left: 60px;\">\u00a0<\/div>\n<div class=\"gmail_default\" style=\"padding-left: 60px;\"><span style=\"font-size: 10pt; color: #333399;\"><strong><span style=\"font-family: verdana, geneva, sans-serif;\">Els participants obtindran certificaci\u00f3 del Projecte Europeu WIDE i de la Universitat Aut\u00f2noma de Barcelona corresponent a\u00a020 hores de formaci\u00f3.<\/span><\/strong><\/span><\/div>\n<div class=\"gmail_default\"><span style=\"font-family: verdana, sans-serif;\">\u00a0<\/span><\/div>\n<div>\n<div class=\"gmail_default\" style=\"text-align: center;\"><span style=\"font-family: verdana, sans-serif;\">\u200b<\/span><span style=\"font-family: verdana, geneva, sans-serif; font-size: 10pt;\">Les places s\u00f3n limitades.<\/span><\/div>\n<div class=\"gmail_default\" style=\"text-align: center;\">\u00a0<\/div>\n<div class=\"gmail_default\" style=\"text-align: center;\"><span style=\"color: #ff0000;\"><strong><a style=\"color: #ff0000;\" href=\"https:\/\/docs.google.com\/forms\/d\/e\/1FAIpQLSf1TBnXIi4GgMlqDUkBQn1scyyLq56O5aUUrnquLnIXcs4HrQ\/viewform\" target=\"_blank\" rel=\"noopener noreferrer\">INSCRIPCIONS<\/a><\/strong><\/span><\/div>\n<\/div>\n","protected":false},"excerpt":{"rendered":"<p>Curs presencial gratu\u00eft que organitza l&#8217;ACIM, finan\u00e7at per la Uni\u00f3 Europea i en col\u00b7laboraci\u00f3 amb el Laboratori d&#8217;Investigaci\u00f3 Prosocial Aplicada [&hellip;]<\/p>\n","protected":false},"author":9,"featured_media":8406,"comment_status":"closed","ping_status":"closed","sticky":false,"template":"","format":"standard","meta":{"_bbp_topic_count":0,"_bbp_reply_count":0,"_bbp_total_topic_count":0,"_bbp_total_reply_count":0,"_bbp_voice_count":0,"_bbp_anonymous_reply_count":0,"_bbp_topic_count_hidden":0,"_bbp_reply_count_hidden":0,"_bbp_forum_subforum_count":0,"site-sidebar-layout":"default","site-content-layout":"","ast-site-content-layout":"","site-content-style":"default","site-sidebar-style":"default","ast-global-header-display":"","ast-banner-title-visibility":"","ast-main-header-display":"","ast-hfb-above-header-display":"","ast-hfb-below-header-display":"","ast-hfb-mobile-header-display":"","site-post-title":"","ast-breadcrumbs-content":"","ast-featured-img":"","footer-sml-layout":"","theme-transparent-header-meta":"","adv-header-id-meta":"","stick-header-meta":"","header-above-stick-meta":"","header-main-stick-meta":"","header-below-stick-meta":"","astra-migrate-meta-layouts":"default","ast-page-background-enabled":"default","ast-page-background-meta":{"desktop":{"background-color":"var(--ast-global-color-4)","background-image":"","background-repeat":"repeat","background-position":"center center","background-size":"auto","background-attachment":"scroll","background-type":"","background-media":"","overlay-type":"","overlay-color":"","overlay-opacity":"","overlay-gradient":""},"tablet":{"background-color":"","background-image":"","background-repeat":"repeat","background-position":"center center","background-size":"auto","background-attachment":"scroll","background-type":"","background-media":"","overlay-type":"","overlay-color":"","overlay-opacity":"","overlay-gradient":""},"mobile":{"background-color":"","background-image":"","background-repeat":"repeat","background-position":"center center","background-size":"auto","background-attachment":"scroll","background-type":"","background-media":"","overlay-type":"","overlay-color":"","overlay-opacity":"","overlay-gradient":""}},"ast-content-background-meta":{"desktop":{"background-color":"var(--ast-global-color-5)","background-image":"","background-repeat":"repeat","background-position":"center center","background-size":"auto","background-attachment":"scroll","background-type":"","background-media":"","overlay-type":"","overlay-color":"","overlay-opacity":"","overlay-gradient":""},"tablet":{"background-color":"var(--ast-global-color-5)","background-image":"","background-repeat":"repeat","background-position":"center center","background-size":"auto","background-attachment":"scroll","background-type":"","background-media":"","overlay-type":"","overlay-color":"","overlay-opacity":"","overlay-gradient":""},"mobile":{"background-color":"var(--ast-global-color-5)","background-image":"","background-repeat":"repeat","background-position":"center center","background-size":"auto","background-attachment":"scroll","background-type":"","background-media":"","overlay-type":"","overlay-color":"","overlay-opacity":"","overlay-gradient":""}},"footnotes":""},"categories":[165,29],"tags":[307,823],"class_list":["post-8401","post","type-post","status-publish","format-standard","has-post-thumbnail","hentry","category-formacio","category-portada","tag-curs","tag-maltractament-infantil"],"post_mailing_queue_ids":[],"_links":{"self":[{"href":"https:\/\/serveiseducatius.xtec.cat\/badalona\/wp-json\/wp\/v2\/posts\/8401","targetHints":{"allow":["GET"]}}],"collection":[{"href":"https:\/\/serveiseducatius.xtec.cat\/badalona\/wp-json\/wp\/v2\/posts"}],"about":[{"href":"https:\/\/serveiseducatius.xtec.cat\/badalona\/wp-json\/wp\/v2\/types\/post"}],"author":[{"embeddable":true,"href":"https:\/\/serveiseducatius.xtec.cat\/badalona\/wp-json\/wp\/v2\/users\/9"}],"replies":[{"embeddable":true,"href":"https:\/\/serveiseducatius.xtec.cat\/badalona\/wp-json\/wp\/v2\/comments?post=8401"}],"version-history":[{"count":2,"href":"https:\/\/serveiseducatius.xtec.cat\/badalona\/wp-json\/wp\/v2\/posts\/8401\/revisions"}],"predecessor-version":[{"id":8407,"href":"https:\/\/serveiseducatius.xtec.cat\/badalona\/wp-json\/wp\/v2\/posts\/8401\/revisions\/8407"}],"wp:featuredmedia":[{"embeddable":true,"href":"https:\/\/serveiseducatius.xtec.cat\/badalona\/wp-json\/wp\/v2\/media\/8406"}],"wp:attachment":[{"href":"https:\/\/serveiseducatius.xtec.cat\/badalona\/wp-json\/wp\/v2\/media?parent=8401"}],"wp:term":[{"taxonomy":"category","embeddable":true,"href":"https:\/\/serveiseducatius.xtec.cat\/badalona\/wp-json\/wp\/v2\/categories?post=8401"},{"taxonomy":"post_tag","embeddable":true,"href":"https:\/\/serveiseducatius.xtec.cat\/badalona\/wp-json\/wp\/v2\/tags?post=8401"}],"curies":[{"name":"wp","href":"https:\/\/api.w.org\/{rel}","templated":true}]}}