{"id":8379,"date":"2017-12-19T09:48:01","date_gmt":"2017-12-19T08:48:01","guid":{"rendered":"http:\/\/serveiseducatius.xtec.cat\/badalona\/?p=8379"},"modified":"2017-12-18T12:14:00","modified_gmt":"2017-12-18T11:14:00","slug":"el-port-de-badalona-celebra-amb-tallers-per-a-la-canalla-i-un-patge-al-quetx-larribada-dels-reis-de-lorient-a-bord-del-ciutat-badalona","status":"publish","type":"post","link":"https:\/\/serveiseducatius.xtec.cat\/badalona\/portada\/el-port-de-badalona-celebra-amb-tallers-per-a-la-canalla-i-un-patge-al-quetx-larribada-dels-reis-de-lorient-a-bord-del-ciutat-badalona\/","title":{"rendered":"El Port de Badalona celebra amb tallers per a la canalla i un patge al quetx l\u2019arribada dels Reis de l\u2019Orient a bord del Ciutat Badalona"},"content":{"rendered":"<p><img loading=\"lazy\" decoding=\"async\" class=\"alignnone size-full wp-image-8380\" src=\"http:\/\/serveiseducatius.xtec.cat\/badalona\/wp-content\/uploads\/usu1088\/2017\/12\/IMATGE_NADAL_Port-de-Badalona-2017.png\" alt=\"\" width=\"692\" height=\"913\" srcset=\"https:\/\/serveiseducatius.xtec.cat\/badalona\/wp-content\/uploads\/usu1088\/2017\/12\/IMATGE_NADAL_Port-de-Badalona-2017.png 692w, https:\/\/serveiseducatius.xtec.cat\/badalona\/wp-content\/uploads\/usu1088\/2017\/12\/IMATGE_NADAL_Port-de-Badalona-2017-227x300.png 227w\" sizes=\"auto, (max-width: 692px) 100vw, 692px\" \/><\/p>\n<p>\u00b7 Els dies 4 i 5 de gener de 2108 s\u2019oferten tallers de manualitats per als nens i les nenes perqu\u00e8 sorprenguin els Reis de l\u2019Orient amb les seves creacions<br \/>\u00b7 Un patge real escoltar\u00e0 la canalla i rebr\u00e0 les cartes que li donin per als Reis, que arribaran de nou per mar a la ciutat la tarda del 5 de gener a bord del quetx Ciutat Badalona<br \/>\u00b7 Fins al 8 de gener hi ha una campanya de tres hores de gratu\u00eftat d\u2019aparcament amb els restaurants del Port adherits<br \/>El Port de Badalona ha concentrat els actes de celebraci\u00f3 del Nadal 2017 en la data m\u00e0gica de preparar-nos per a l\u2019arribada dels Reis de l\u2019Orient a la ciutat, a la que tornaran a accedir-hi per mar a bord del quetx Ciutat Badalona. De manera que el dijous 4 i el divendres 5 de gener, els dies a tocar de l\u2019entrada, un patge real hi ser\u00e0 a la mateixa embarcaci\u00f3 els matins de 10h a 13.30h per escoltar i atendre a la canalla. I de ben segur que aquest patge coneix de ben a prop a Melcior, Gaspar i Baltasar. Tamb\u00e9 es podr\u00e0 visitar el vaixell i s\u2019han programat tallers de manualitats per a la canalla. Els tallers es faran en el mateix horari, de 10h a 13.30h pr\u00e8via reserva de pla\u00e7a al correu events@marinabadalona.cat perqu\u00e8 es puguin realitzar amb tranquil\u00b7litat per grups de 15 nens i nenes.<br \/>Per aquestes dates tan m\u00e0giques, el recinte del Port completa la campanya amb l\u2019oferta gastron\u00f2mica dels establiments de restauraci\u00f3 del Port, que han preparat men\u00fas especials per als dies assenyalats i per a grups i empreses, i han posar en marxa una campanya de bonificaci\u00f3 de tres hores gratu\u00eftes d\u2019aparcament per obsequiar els seus clients. Aquesta campanya ser\u00e0 efectiva fins el dilluns, incl\u00f2s, 8 de gener de 2018.<br \/>Dijous 4 de gener i Divendres 5 de gener<br \/>De 10 a 13.30h, a diversos espais del Port i al voltant del quetx Ciutat Badalona<br \/>PATGE REAL per atendre els desitjos i rebre la carta que podeu fer al mateix moment en models que us facilitar\u00e0 ell mateix o portar-la ja pensada i escrita des de casa. El patge del Port disposar\u00e0 d\u2019una b\u00fastia i anuncia que tindr\u00e0 els Reis Mags molt a prop aquests dies!<br \/>TALLERS DE MANUALITATS pr\u00e8via reserva al correu electr\u00f2nic events@marinabadalona.cat<br \/>Es recomana enviar el correu de reserva amb el n\u00famero de nens i nenes que hi volen participar per assegurar-vos una pla\u00e7a en l\u2019activitat. Els tallers de dijous i els de divendres s\u00f3n diferents, de manera que es poden repetir. Els farem arribar la confirmaci\u00f3 de la reserva i el torn concret per poder realitzar amb ordre i amb la calma que es mereix cadascuna de les activitats.<br \/>A partir del migdia del dia 5, els patges i els ajudants dels Reis de l\u2019Orient es dedicaran a preparar l\u2019embarcaci\u00f3 per recollir Ses Majestats per portar-los al Pont del Petroli i desembarcar a la ciutat.<br \/>Font: Servei d&#8217;Atenci\u00f3 al Ciutad\u00e0 de l&#8217;Ajuntament de Badalona<\/p>\n","protected":false},"excerpt":{"rendered":"<p>\u00b7 Els dies 4 i 5 de gener de 2108 s\u2019oferten tallers de manualitats per als nens i les nenes [&hellip;]<\/p>\n","protected":false},"author":1,"featured_media":8380,"comment_status":"closed","ping_status":"closed","sticky":false,"template":"","format":"standard","meta":{"_bbp_topic_count":0,"_bbp_reply_count":0,"_bbp_total_topic_count":0,"_bbp_total_reply_count":0,"_bbp_voice_count":0,"_bbp_anonymous_reply_count":0,"_bbp_topic_count_hidden":0,"_bbp_reply_count_hidden":0,"_bbp_forum_subforum_count":0,"site-sidebar-layout":"default","site-content-layout":"","ast-site-content-layout":"","site-content-style":"default","site-sidebar-style":"default","ast-global-header-display":"","ast-banner-title-visibility":"","ast-main-header-display":"","ast-hfb-above-header-display":"","ast-hfb-below-header-display":"","ast-hfb-mobile-header-display":"","site-post-title":"","ast-breadcrumbs-content":"","ast-featured-img":"","footer-sml-layout":"","theme-transparent-header-meta":"","adv-header-id-meta":"","stick-header-meta":"","header-above-stick-meta":"","header-main-stick-meta":"","header-below-stick-meta":"","astra-migrate-meta-layouts":"default","ast-page-background-enabled":"default","ast-page-background-meta":{"desktop":{"background-color":"var(--ast-global-color-4)","background-image":"","background-repeat":"repeat","background-position":"center center","background-size":"auto","background-attachment":"scroll","background-type":"","background-media":"","overlay-type":"","overlay-color":"","overlay-opacity":"","overlay-gradient":""},"tablet":{"background-color":"","background-image":"","background-repeat":"repeat","background-position":"center center","background-size":"auto","background-attachment":"scroll","background-type":"","background-media":"","overlay-type":"","overlay-color":"","overlay-opacity":"","overlay-gradient":""},"mobile":{"background-color":"","background-image":"","background-repeat":"repeat","background-position":"center center","background-size":"auto","background-attachment":"scroll","background-type":"","background-media":"","overlay-type":"","overlay-color":"","overlay-opacity":"","overlay-gradient":""}},"ast-content-background-meta":{"desktop":{"background-color":"var(--ast-global-color-5)","background-image":"","background-repeat":"repeat","background-position":"center center","background-size":"auto","background-attachment":"scroll","background-type":"","background-media":"","overlay-type":"","overlay-color":"","overlay-opacity":"","overlay-gradient":""},"tablet":{"background-color":"var(--ast-global-color-5)","background-image":"","background-repeat":"repeat","background-position":"center center","background-size":"auto","background-attachment":"scroll","background-type":"","background-media":"","overlay-type":"","overlay-color":"","overlay-opacity":"","overlay-gradient":""},"mobile":{"background-color":"var(--ast-global-color-5)","background-image":"","background-repeat":"repeat","background-position":"center center","background-size":"auto","background-attachment":"scroll","background-type":"","background-media":"","overlay-type":"","overlay-color":"","overlay-opacity":"","overlay-gradient":""}},"footnotes":""},"categories":[29],"tags":[393,405],"class_list":["post-8379","post","type-post","status-publish","format-standard","has-post-thumbnail","hentry","category-portada","tag-ajuntament-de-badalona","tag-nadal"],"post_mailing_queue_ids":[],"_links":{"self":[{"href":"https:\/\/serveiseducatius.xtec.cat\/badalona\/wp-json\/wp\/v2\/posts\/8379","targetHints":{"allow":["GET"]}}],"collection":[{"href":"https:\/\/serveiseducatius.xtec.cat\/badalona\/wp-json\/wp\/v2\/posts"}],"about":[{"href":"https:\/\/serveiseducatius.xtec.cat\/badalona\/wp-json\/wp\/v2\/types\/post"}],"author":[{"embeddable":true,"href":"https:\/\/serveiseducatius.xtec.cat\/badalona\/wp-json\/wp\/v2\/users\/1"}],"replies":[{"embeddable":true,"href":"https:\/\/serveiseducatius.xtec.cat\/badalona\/wp-json\/wp\/v2\/comments?post=8379"}],"version-history":[{"count":1,"href":"https:\/\/serveiseducatius.xtec.cat\/badalona\/wp-json\/wp\/v2\/posts\/8379\/revisions"}],"predecessor-version":[{"id":8381,"href":"https:\/\/serveiseducatius.xtec.cat\/badalona\/wp-json\/wp\/v2\/posts\/8379\/revisions\/8381"}],"wp:featuredmedia":[{"embeddable":true,"href":"https:\/\/serveiseducatius.xtec.cat\/badalona\/wp-json\/wp\/v2\/media\/8380"}],"wp:attachment":[{"href":"https:\/\/serveiseducatius.xtec.cat\/badalona\/wp-json\/wp\/v2\/media?parent=8379"}],"wp:term":[{"taxonomy":"category","embeddable":true,"href":"https:\/\/serveiseducatius.xtec.cat\/badalona\/wp-json\/wp\/v2\/categories?post=8379"},{"taxonomy":"post_tag","embeddable":true,"href":"https:\/\/serveiseducatius.xtec.cat\/badalona\/wp-json\/wp\/v2\/tags?post=8379"}],"curies":[{"name":"wp","href":"https:\/\/api.w.org\/{rel}","templated":true}]}}