{"id":8340,"date":"2017-12-12T11:16:58","date_gmt":"2017-12-12T10:16:58","guid":{"rendered":"http:\/\/serveiseducatius.xtec.cat\/badalona\/?p=8340"},"modified":"2017-12-12T14:14:01","modified_gmt":"2017-12-12T13:14:01","slug":"convocat-el-20e-concurs-cremal-tu-don-sortira-el-disseny-del-dimoni-que-es-cremara-la-nit-de-sant-anastasi-a-badalona","status":"publish","type":"post","link":"https:\/\/serveiseducatius.xtec.cat\/badalona\/portada\/convocat-el-20e-concurs-cremal-tu-don-sortira-el-disseny-del-dimoni-que-es-cremara-la-nit-de-sant-anastasi-a-badalona\/","title":{"rendered":"Convocat el 20\u00e8 concurs Crema\u2019l tu! d\u2019on sortir\u00e0 el disseny del Dimoni que es cremar\u00e0 la Nit de Sant Anastasi a Badalona"},"content":{"rendered":"<p><img loading=\"lazy\" decoding=\"async\" class=\"alignnone size-full wp-image-8341\" src=\"http:\/\/serveiseducatius.xtec.cat\/badalona\/wp-content\/uploads\/usu1088\/2017\/12\/Cremal-tu-cartell.jpg\" alt=\"\" width=\"768\" height=\"1466\" \/><br \/>Les obres que es presentin han de tenir un contingut al\u00b7leg\u00f2ric, cr\u00edtic o ir\u00f2nic i evocador d\u2019aspectes de la realitat actual o hist\u00f2rica<br \/>L\u2019Ajuntament de Badalona, per mitj\u00e0 de l\u2019\u00c0mbit de Badalona Educadora, convoca, un any m\u00e9s, el concurs Crema\u2019l tu!, Premi de disseny del Dimoni de Badalona de les Festes de Maig 2018 que aquest any arriba a la seva vintena edici\u00f3. Un cop el jurat hagi triat el disseny guanyador del futur Dimoni un constructor donar\u00e0 forma al dibuix i, finalment es plantar\u00e0 a la platja uns dies abans de la Cremada, a la vista de tota la ciutadania.<br \/>Com cada any les bases del concurs fa especial esment en afirmar que \u201cel disseny del dimoni ha de tenir un contingut al\u00b7leg\u00f2ric, cr\u00edtic o ir\u00f2nic evocador d\u2019aspectes de la realitat actual o hist\u00f2rica\u201d, tret distintiu del Dimoni de les Festes de Badalona.<br \/>Resum de les bases<br \/>\u2022 El premi est\u00e0 obert a tots els participants m\u00e9s grans de 16 anys que s\u2019hi vulguin presentar, de forma individual o conjunta. S\u2019han de lliurar un o m\u00e9s originals en paper o cartolina de mida DIN A-3, impresos per una sola cara, en color i a escala on es detalli la planta, l\u2019al\u00e7ada i el perfil de la figura. Tamb\u00e9 es facilitar\u00e0 una proposta de pedestal sobre el qual descansar\u00e0 la figura amb les mateixes especificacions anteriors.<br \/>\u2022 Les obres aspirants han de ser originals i in\u00e8dites, i el disseny del dimoni ha de tenir un contingut al\u00b7leg\u00f2ric, cr\u00edtic o ir\u00f2nic evocador d\u2019aspectes de la realitat actual o hist\u00f2rica.<br \/>\u2022 D\u2019acord amb la tradici\u00f3, la figura del dimoni s\u2019ha de concebre com un monument en flames. El disseny de la figura ha de ser estilitzat per tal que pugui cremar sense dificultats i la base ha de tenir prou amplada perqu\u00e8 es pugui subjectar dret, ja que la figura, una vegada constru\u00efda, tindr\u00e0 una al\u00e7ada aproximada d\u2019entre 12 i 14 metres.<br \/>\u2022 El guanyador\/a de l\u2019edici\u00f3 anterior no es podr\u00e0 presentar a l\u2019edici\u00f3 d\u2019enguany.<br \/>\u2022 En els dissenys nom\u00e9s hi ha de constar el t\u00edtol corresponent, mai el nom de l\u2019autor. Cal adjuntar al disseny un sobre tancat amb el t\u00edtol corresponent, dins del qual hi han de constar les dades seg\u00fcents: el lema, la fotoc\u00f2pia del DNI, passaport o qualsevol altre document identificatiu oficial i el formulari de titularitat signat. Aix\u00ed mateix, cal indicar el mitj\u00e0 preferent o el lloc en qu\u00e8 s\u2019han d\u2019adre\u00e7ar les notificacions.<br \/>\u2022 El dimoni guanyador del Crema\u2019l tu! restar\u00e0 exposat a la platja els dies anteriors a la Cremada, pel gaudi de la ciutadania de Badalona. El premi en met\u00e0l\u00b7lic per al disseny guanyador ser\u00e0 de 1.000 euros.<br \/>\u2022 El jurat el formaran representants del m\u00f3n de la cultura, acad\u00e8mic o de l\u2019\u00e0mbit del disseny.<br \/>\u2022 L\u2019Ajuntament donar\u00e0 a con\u00e8ixer el veredicte del concurs mitjan\u00e7ant una nota de premsa. La decisi\u00f3 del jurat ser\u00e0 inapel\u00b7lable. El jurat es reserva el dret de declarar desert el concurs i la llibertat per decidir-ne, per altres vies, la resoluci\u00f3.<br \/>\u2022 Per imperatius t\u00e8cnics de la construcci\u00f3 de la figura, l\u2019Ajuntament, en col\u00b7laboraci\u00f3 amb l\u2019autor, es reserva el dret a modificar el disseny de l\u2019obra guanyadora.<br \/>\u2022 El guanyador, pel fet de participar al concurs, cedeix els drets d\u2019explotaci\u00f3 comercial de la imatge del dimoni a l\u2019Ajuntament de Badalona.<br \/>\u2022 Cal trametre els originals a l\u2019\u00c0mbit de Badalona Educadora (edifici El Viver, pla\u00e7a de l\u2019Assemblea de Catalunya, 9-12, 2a planta. 08911 Badalona, de 9 a 14 h). El termini de presentaci\u00f3 \u00e9s fins al dia 23 de febrer de 2018. Els dissenys no premiats i les seves c\u00f2pies no es conservaran si els autors corresponents no els van a cercar en un termini de 3 mesos una vegada adjudicat el premi. L\u2019Ajuntament donar\u00e0 a con\u00e8ixer el veredicte del concurs mitjan\u00e7ant una nota de premsa. Consulteu les bases completes a www.badalona.cat.<br \/>Per a m\u00e9s informaci\u00f3 de les bases es pot contactar amb l\u2019\u00c0mbit de Badalona Educadora trucant al tel\u00e8fon 93 483 28 19 o la p\u00e0gina www.badalona.cat.<br \/>Font: Servei d&#8217;Atenci\u00f3 al Ciutad\u00e0 de l&#8217;Ajuntament de Badalona<\/p>\n","protected":false},"excerpt":{"rendered":"<p>Les obres que es presentin han de tenir un contingut al\u00b7leg\u00f2ric, cr\u00edtic o ir\u00f2nic i evocador d\u2019aspectes de la realitat [&hellip;]<\/p>\n","protected":false},"author":1,"featured_media":8341,"comment_status":"closed","ping_status":"closed","sticky":false,"template":"","format":"standard","meta":{"_bbp_topic_count":0,"_bbp_reply_count":0,"_bbp_total_topic_count":0,"_bbp_total_reply_count":0,"_bbp_voice_count":0,"_bbp_anonymous_reply_count":0,"_bbp_topic_count_hidden":0,"_bbp_reply_count_hidden":0,"_bbp_forum_subforum_count":0,"site-sidebar-layout":"default","site-content-layout":"","ast-site-content-layout":"","site-content-style":"default","site-sidebar-style":"default","ast-global-header-display":"","ast-banner-title-visibility":"","ast-main-header-display":"","ast-hfb-above-header-display":"","ast-hfb-below-header-display":"","ast-hfb-mobile-header-display":"","site-post-title":"","ast-breadcrumbs-content":"","ast-featured-img":"","footer-sml-layout":"","theme-transparent-header-meta":"","adv-header-id-meta":"","stick-header-meta":"","header-above-stick-meta":"","header-main-stick-meta":"","header-below-stick-meta":"","astra-migrate-meta-layouts":"default","ast-page-background-enabled":"default","ast-page-background-meta":{"desktop":{"background-color":"var(--ast-global-color-4)","background-image":"","background-repeat":"repeat","background-position":"center center","background-size":"auto","background-attachment":"scroll","background-type":"","background-media":"","overlay-type":"","overlay-color":"","overlay-opacity":"","overlay-gradient":""},"tablet":{"background-color":"","background-image":"","background-repeat":"repeat","background-position":"center center","background-size":"auto","background-attachment":"scroll","background-type":"","background-media":"","overlay-type":"","overlay-color":"","overlay-opacity":"","overlay-gradient":""},"mobile":{"background-color":"","background-image":"","background-repeat":"repeat","background-position":"center center","background-size":"auto","background-attachment":"scroll","background-type":"","background-media":"","overlay-type":"","overlay-color":"","overlay-opacity":"","overlay-gradient":""}},"ast-content-background-meta":{"desktop":{"background-color":"var(--ast-global-color-5)","background-image":"","background-repeat":"repeat","background-position":"center center","background-size":"auto","background-attachment":"scroll","background-type":"","background-media":"","overlay-type":"","overlay-color":"","overlay-opacity":"","overlay-gradient":""},"tablet":{"background-color":"var(--ast-global-color-5)","background-image":"","background-repeat":"repeat","background-position":"center center","background-size":"auto","background-attachment":"scroll","background-type":"","background-media":"","overlay-type":"","overlay-color":"","overlay-opacity":"","overlay-gradient":""},"mobile":{"background-color":"var(--ast-global-color-5)","background-image":"","background-repeat":"repeat","background-position":"center center","background-size":"auto","background-attachment":"scroll","background-type":"","background-media":"","overlay-type":"","overlay-color":"","overlay-opacity":"","overlay-gradient":""}},"footnotes":""},"categories":[29],"tags":[393,368,181,492],"class_list":["post-8340","post","type-post","status-publish","format-standard","has-post-thumbnail","hentry","category-portada","tag-ajuntament-de-badalona","tag-concurs","tag-dimoni","tag-festes-de-maig"],"post_mailing_queue_ids":[],"_links":{"self":[{"href":"https:\/\/serveiseducatius.xtec.cat\/badalona\/wp-json\/wp\/v2\/posts\/8340","targetHints":{"allow":["GET"]}}],"collection":[{"href":"https:\/\/serveiseducatius.xtec.cat\/badalona\/wp-json\/wp\/v2\/posts"}],"about":[{"href":"https:\/\/serveiseducatius.xtec.cat\/badalona\/wp-json\/wp\/v2\/types\/post"}],"author":[{"embeddable":true,"href":"https:\/\/serveiseducatius.xtec.cat\/badalona\/wp-json\/wp\/v2\/users\/1"}],"replies":[{"embeddable":true,"href":"https:\/\/serveiseducatius.xtec.cat\/badalona\/wp-json\/wp\/v2\/comments?post=8340"}],"version-history":[{"count":1,"href":"https:\/\/serveiseducatius.xtec.cat\/badalona\/wp-json\/wp\/v2\/posts\/8340\/revisions"}],"predecessor-version":[{"id":8342,"href":"https:\/\/serveiseducatius.xtec.cat\/badalona\/wp-json\/wp\/v2\/posts\/8340\/revisions\/8342"}],"wp:featuredmedia":[{"embeddable":true,"href":"https:\/\/serveiseducatius.xtec.cat\/badalona\/wp-json\/wp\/v2\/media\/8341"}],"wp:attachment":[{"href":"https:\/\/serveiseducatius.xtec.cat\/badalona\/wp-json\/wp\/v2\/media?parent=8340"}],"wp:term":[{"taxonomy":"category","embeddable":true,"href":"https:\/\/serveiseducatius.xtec.cat\/badalona\/wp-json\/wp\/v2\/categories?post=8340"},{"taxonomy":"post_tag","embeddable":true,"href":"https:\/\/serveiseducatius.xtec.cat\/badalona\/wp-json\/wp\/v2\/tags?post=8340"}],"curies":[{"name":"wp","href":"https:\/\/api.w.org\/{rel}","templated":true}]}}