{"id":8327,"date":"2017-12-11T08:31:58","date_gmt":"2017-12-11T07:31:58","guid":{"rendered":"http:\/\/serveiseducatius.xtec.cat\/badalona\/?p=8327"},"modified":"2017-12-12T11:20:18","modified_gmt":"2017-12-12T10:20:18","slug":"activitats-mes-destacades-a-la-xarxa-municipal-de-biblioteques-de-badalona-per-aquest-desembre","status":"publish","type":"post","link":"https:\/\/serveiseducatius.xtec.cat\/badalona\/portada\/activitats-mes-destacades-a-la-xarxa-municipal-de-biblioteques-de-badalona-per-aquest-desembre\/","title":{"rendered":"Activitats m\u00e9s destacades a la Xarxa Municipal de Biblioteques de Badalona per aquest desembre"},"content":{"rendered":"<p><img loading=\"lazy\" decoding=\"async\" class=\"alignnone size-full wp-image-7990\" src=\"http:\/\/serveiseducatius.xtec.cat\/badalona\/wp-content\/uploads\/usu1088\/2017\/10\/logoXarxaBibliotequesMunicipalBadalona-e1509021384914.jpg\" alt=\"\" width=\"200\" height=\"121\" \/><\/p>\n<p>Tallers de fanalets, per anar esperar als Reis, contes o el tancament del cicle Va de Novel\u00b7la Hist\u00f2rica s\u00f3n algunes de les activitats programades m\u00e9s destacables.<\/p>\n<p><!--more--><\/p>\n<p>La Xarxa Municipal de Biblioteques de Badalona ha programat les seg\u00fcents activitats per a aquest mes de desembre on destaquen els tallers de fanalets per anar esperar a Ses Majestats els Reis Mags d\u2019Orient, contes, i un col\u00b7loqui que servir\u00e0 per tancar el cicle Va de Novel\u00b7la Hist\u00f2rica.<\/p>\n<p>\u00b7 Fanalet, conte i crida perqu\u00e8 els Reis v\u00e9nen<\/p>\n<p>Del 13 de desembre al 4 de gener, a totes les biblioteques.<\/p>\n<p>Com ja \u00e9s tradici\u00f3 les biblioteques de Badalona donen suport a aquesta activitat de conte, crida i taller de fanalet que des de fa anys es promou a la ciutat.<\/p>\n<p>Enguany dirigeix els tallers de construcci\u00f3 de fanalets l&#8217;expert en papirofl\u00e8xia Joan Sallas, l&#8217;anomenat &#8220;cient\u00edfic del plegat&#8221;.<\/p>\n<p>La narraci\u00f3 del conte El fanalet d&#8217;en Tasi i la Crida als Reis anir\u00e0 a c\u00e0rrec d\u2019en Joan Giralt i altres membres de Soca-rel. Cridar els reis \u00e9s una tradici\u00f3 molt antiga impulsada per la mainada. Perqu\u00e8 els reis no passessin de llarg de les seves cases sortien al carrer a cantar, cridar i fer soroll, i a Badalona, amb el fanalet enc\u00e8s per il\u00b7luminar-los el cam\u00ed.<\/p>\n<p>El dijous 4 de gener, l\u2019alcaldessa de Badalona i autora del conte El fanalet d&#8217;en Tasi, Dolors Sabater, explicar\u00e0 a la Biblioteca Sant Roc, a les 18 hores, la hist\u00f2ria d\u2019en Tasi i els Reis.<\/p>\n<p>Amb la col\u00b7laboraci\u00f3 de Soca-rel, l\u2019Obrador de la Riera i l\u2019APLEC, jornades de did\u00e0ctica del plegat.<\/p>\n<p>\u00b7 Tancament del cicle Va de Novel\u00b7la Hist\u00f2rica<\/p>\n<p>Dimecres 13, a les 18.30 h, a la sala d&#8217;actes de la Biblioteca Can Casacuberta (Espai Bet\u00falia)<\/p>\n<p>Col\u00b7loqui sobre les obres Argelagues de Gemma Ruiz i Rosa de cendra de Pilar Rahola, en el qual tamb\u00e9 es tractar\u00e0 el context hist\u00f2ric en el qual estan ambientades.<\/p>\n<p>A c\u00e0rrec de l&#8217;historiador i escriptor Joaquim Molina i la conductora de tert\u00falies Clara Camps.<\/p>\n<p>\u00b7 L\u2019HORA DEL CONTE<\/p>\n<p>Gulliver, qui \u00e9s un gegant?<\/p>\n<p>Dijous 14 de desembre, a les 18 h, a la Biblioteca Lloreda<\/p>\n<p>A l\u2019hora del conte, comptaran amb aquesta versi\u00f3 del conte cl\u00e0ssic de la m\u00e0 del narrador Albert Estengre. \u00c9s una sessi\u00f3 interactiva en la qual es fan servir dibuixos de l&#8217;il\u00b7lustrador.<\/p>\n<p>\u00b7 COMPARTIM EL CONEIXEMENT<\/p>\n<p>Trobada Lecxit<\/p>\n<p>Dimecres 13, a les 18 h, a la Biblioteca Llefi\u00e0-Xavier Soto<\/p>\n<p>Enguany celebrem de nou la festa Lecxit amb l\u2019alumnat que participen en aquest projecte de lectura amb voluntaris joves d&#8217;instituts.<\/p>\n<p>L&#8217;activitat comen\u00e7ar\u00e0 a les 17.30 h amb una primera part en la qual els infants surten a l&#8217;escenari amb el seu voluntari\/a i recomanen algun llibre que els hi hagi agradat.<\/p>\n<p>A les 18 hores, espectacle d&#8217;animaci\u00f3 musical a c\u00e0rrec de Roger Canals. Un espectacle explosiu per agitar el personal.<\/p>\n<p>Organitzat per l\u2019\u00c0mbit de Badalona Educadora<\/p>\n<p>Per a m\u00e9s informaci\u00f3: badabiblios.cat<\/p>\n<p>Font: Servei d&#8217;Atenci\u00f3 al Ciutad\u00e0 de l&#8217;Ajuntament de Badalona<\/p>\n","protected":false},"excerpt":{"rendered":"<p>Tallers de fanalets, per anar esperar als Reis, contes o el tancament del cicle Va de Novel\u00b7la Hist\u00f2rica s\u00f3n algunes [&hellip;]<\/p>\n","protected":false},"author":1,"featured_media":7990,"comment_status":"closed","ping_status":"closed","sticky":false,"template":"","format":"standard","meta":{"_bbp_topic_count":0,"_bbp_reply_count":0,"_bbp_total_topic_count":0,"_bbp_total_reply_count":0,"_bbp_voice_count":0,"_bbp_anonymous_reply_count":0,"_bbp_topic_count_hidden":0,"_bbp_reply_count_hidden":0,"_bbp_forum_subforum_count":0,"site-sidebar-layout":"default","site-content-layout":"","ast-site-content-layout":"","site-content-style":"default","site-sidebar-style":"default","ast-global-header-display":"","ast-banner-title-visibility":"","ast-main-header-display":"","ast-hfb-above-header-display":"","ast-hfb-below-header-display":"","ast-hfb-mobile-header-display":"","site-post-title":"","ast-breadcrumbs-content":"","ast-featured-img":"","footer-sml-layout":"","theme-transparent-header-meta":"","adv-header-id-meta":"","stick-header-meta":"","header-above-stick-meta":"","header-main-stick-meta":"","header-below-stick-meta":"","astra-migrate-meta-layouts":"default","ast-page-background-enabled":"default","ast-page-background-meta":{"desktop":{"background-color":"var(--ast-global-color-4)","background-image":"","background-repeat":"repeat","background-position":"center center","background-size":"auto","background-attachment":"scroll","background-type":"","background-media":"","overlay-type":"","overlay-color":"","overlay-opacity":"","overlay-gradient":""},"tablet":{"background-color":"","background-image":"","background-repeat":"repeat","background-position":"center center","background-size":"auto","background-attachment":"scroll","background-type":"","background-media":"","overlay-type":"","overlay-color":"","overlay-opacity":"","overlay-gradient":""},"mobile":{"background-color":"","background-image":"","background-repeat":"repeat","background-position":"center center","background-size":"auto","background-attachment":"scroll","background-type":"","background-media":"","overlay-type":"","overlay-color":"","overlay-opacity":"","overlay-gradient":""}},"ast-content-background-meta":{"desktop":{"background-color":"var(--ast-global-color-5)","background-image":"","background-repeat":"repeat","background-position":"center center","background-size":"auto","background-attachment":"scroll","background-type":"","background-media":"","overlay-type":"","overlay-color":"","overlay-opacity":"","overlay-gradient":""},"tablet":{"background-color":"var(--ast-global-color-5)","background-image":"","background-repeat":"repeat","background-position":"center center","background-size":"auto","background-attachment":"scroll","background-type":"","background-media":"","overlay-type":"","overlay-color":"","overlay-opacity":"","overlay-gradient":""},"mobile":{"background-color":"var(--ast-global-color-5)","background-image":"","background-repeat":"repeat","background-position":"center center","background-size":"auto","background-attachment":"scroll","background-type":"","background-media":"","overlay-type":"","overlay-color":"","overlay-opacity":"","overlay-gradient":""}},"footnotes":""},"categories":[29],"tags":[663,733,163,722],"class_list":["post-8327","post","type-post","status-publish","format-standard","has-post-thumbnail","hentry","category-portada","tag-badabiblios","tag-biblioteca","tag-biblioteques","tag-xarxa-de-biblioteques-de-badalona"],"post_mailing_queue_ids":[],"_links":{"self":[{"href":"https:\/\/serveiseducatius.xtec.cat\/badalona\/wp-json\/wp\/v2\/posts\/8327","targetHints":{"allow":["GET"]}}],"collection":[{"href":"https:\/\/serveiseducatius.xtec.cat\/badalona\/wp-json\/wp\/v2\/posts"}],"about":[{"href":"https:\/\/serveiseducatius.xtec.cat\/badalona\/wp-json\/wp\/v2\/types\/post"}],"author":[{"embeddable":true,"href":"https:\/\/serveiseducatius.xtec.cat\/badalona\/wp-json\/wp\/v2\/users\/1"}],"replies":[{"embeddable":true,"href":"https:\/\/serveiseducatius.xtec.cat\/badalona\/wp-json\/wp\/v2\/comments?post=8327"}],"version-history":[{"count":2,"href":"https:\/\/serveiseducatius.xtec.cat\/badalona\/wp-json\/wp\/v2\/posts\/8327\/revisions"}],"predecessor-version":[{"id":8345,"href":"https:\/\/serveiseducatius.xtec.cat\/badalona\/wp-json\/wp\/v2\/posts\/8327\/revisions\/8345"}],"wp:featuredmedia":[{"embeddable":true,"href":"https:\/\/serveiseducatius.xtec.cat\/badalona\/wp-json\/wp\/v2\/media\/7990"}],"wp:attachment":[{"href":"https:\/\/serveiseducatius.xtec.cat\/badalona\/wp-json\/wp\/v2\/media?parent=8327"}],"wp:term":[{"taxonomy":"category","embeddable":true,"href":"https:\/\/serveiseducatius.xtec.cat\/badalona\/wp-json\/wp\/v2\/categories?post=8327"},{"taxonomy":"post_tag","embeddable":true,"href":"https:\/\/serveiseducatius.xtec.cat\/badalona\/wp-json\/wp\/v2\/tags?post=8327"}],"curies":[{"name":"wp","href":"https:\/\/api.w.org\/{rel}","templated":true}]}}