{"id":8144,"date":"2017-11-14T09:31:47","date_gmt":"2017-11-14T08:31:47","guid":{"rendered":"http:\/\/serveiseducatius.xtec.cat\/badalona\/?p=8144"},"modified":"2017-11-27T16:46:02","modified_gmt":"2017-11-27T15:46:02","slug":"dia-internacional-de-la-ciutat-educadora","status":"publish","type":"post","link":"https:\/\/serveiseducatius.xtec.cat\/badalona\/portada\/dia-internacional-de-la-ciutat-educadora\/","title":{"rendered":"Dia Internacional de la Ciutat Educadora"},"content":{"rendered":"<p><span style=\"font-family: verdana, geneva, sans-serif; font-size: 10pt;\"><strong><img loading=\"lazy\" decoding=\"async\" class=\" wp-image-8145 alignleft\" src=\"http:\/\/serveiseducatius.xtec.cat\/badalona\/wp-content\/uploads\/usu1088\/2017\/11\/citedu.jpg\" alt=\"\" width=\"189\" height=\"120\" \/>Dia Internacional de la Ciutat Educadora<\/strong> que es far\u00e0 el<strong> dijous 30 de novembre, a les 18 h fins \u00be de vuit<\/strong>, a l\u2019auditori del <strong><a href=\"https:\/\/www.google.com\/maps?q=Badalona+(carrer+del+Pare+Claret,%0D+2&amp;entry=gmail&amp;source=g\" target=\"_blank\" rel=\"noopener noreferrer\">Conservatori Professional de M\u00fasica de Badalona<\/a><\/strong> (carrer del Pare Claret, 2).\u00a0M\u00e9s informaci\u00f3\u00a0<strong><a href=\"http:\/\/badalona.cat\/portalWeb\/badalona.portal;jsessionid=66BBZ8mMd5hJ4VHjJZdpnrzyhRW0Qr3Chn36p1bvYppp1HmJ6ng8!518915182?_nfpb=true&amp;_pageLabel=contingut_estatic&amp;dCollectionID=724#wlp_contingut_estatic\" target=\"_blank\" rel=\"noopener noreferrer\" data-saferedirecturl=\"https:\/\/www.google.com\/url?hl=ca&amp;q=http:\/\/badalona.cat\/portalWeb\/badalona.portal;jsessionid%3D66BBZ8mMd5hJ4VHjJZdpnrzyhRW0Qr3Chn36p1bvYppp1HmJ6ng8!518915182?_nfpb%3Dtrue%26_pageLabel%3Dcontingut_estatic%26dCollectionID%3D724%23wlp_contingut_estatic&amp;source=gmail&amp;ust=1510732181389000&amp;usg=AFQjCNHC1XBJEJ2WM8AhPzU_xuZAxx9rCA\">aqu\u00ed<\/a>\u00a0 (<a href=\"https:\/\/aplicacions.gestioeducativa.gencat.cat\/pls\/soloas\/pk_for_mod_ins.p_for_detall_activitat?p_header=Llista%20d%27activitats^pk_for_mod_ins.p_for_cons_activitats?p_poblacio=08015%26p_any=2017-2018%26p_modalitat=50%26p_totes=s%26p_inici=1%26p_excloure_crp_rec=F&amp;p_codi=2041221204&amp;p_curs=2017-2018&amp;p_excloure_crp_rec=F\" target=\"_blank\" rel=\"noopener noreferrer\">INSCRIPCI\u00d3<\/a>)<\/strong><\/span><\/p>\n<p><span style=\"font-family: verdana, geneva, sans-serif; font-size: 10pt;\">L\u2019acte s\u2019iniciar\u00e0 amb la confer\u00e8ncia Badalona ciutat educadora: principis i reptes, a c\u00e0rrec de Joan Manuel del Pozo, fil\u00f2sof, S\u00edndic de la UdG i exconseller d&#8217;Educaci\u00f3 i Universitats. A les 19.30 h es far\u00e0 una breu cloenda musical a c\u00e0rrec d\u2019alumnes del Conservatori.<\/span><\/p>\n<p><span style=\"font-size: 10pt;\"><span style=\"font-family: verdana, geneva, sans-serif;\">Aquest acte, promogut pel Consell Escolar Municipal, FAMPAS i el Servei d\u2019Educaci\u00f3 de l\u2019Ajuntament de Badalona, neix amb l\u2019objectiu d\u2019aprofundir en el coneixement, la idea i la pr\u00e0ctica de Badalona com a ciutat educadora en relaci\u00f3, especialment, al contingut dels 20 principis de la Carta de Ciutats Educadores a la qual l\u2019Ajuntamemt de Badalona s\u2019hi va adhe<\/span>rir en el 1r Congr\u00e9s Internacional de Ciutats Educadores celebrat a Barcelona l\u2019any 1990.<\/span><\/p>\n","protected":false},"excerpt":{"rendered":"<p>Dia Internacional de la Ciutat Educadora que es far\u00e0 el dijous 30 de novembre, a les 18 h fins \u00be [&hellip;]<\/p>\n","protected":false},"author":1,"featured_media":8145,"comment_status":"closed","ping_status":"closed","sticky":false,"template":"","format":"standard","meta":{"_bbp_topic_count":0,"_bbp_reply_count":0,"_bbp_total_topic_count":0,"_bbp_total_reply_count":0,"_bbp_voice_count":0,"_bbp_anonymous_reply_count":0,"_bbp_topic_count_hidden":0,"_bbp_reply_count_hidden":0,"_bbp_forum_subforum_count":0,"site-sidebar-layout":"default","site-content-layout":"","ast-site-content-layout":"","site-content-style":"default","site-sidebar-style":"default","ast-global-header-display":"","ast-banner-title-visibility":"","ast-main-header-display":"","ast-hfb-above-header-display":"","ast-hfb-below-header-display":"","ast-hfb-mobile-header-display":"","site-post-title":"","ast-breadcrumbs-content":"","ast-featured-img":"","footer-sml-layout":"","theme-transparent-header-meta":"","adv-header-id-meta":"","stick-header-meta":"","header-above-stick-meta":"","header-main-stick-meta":"","header-below-stick-meta":"","astra-migrate-meta-layouts":"default","ast-page-background-enabled":"default","ast-page-background-meta":{"desktop":{"background-color":"var(--ast-global-color-4)","background-image":"","background-repeat":"repeat","background-position":"center center","background-size":"auto","background-attachment":"scroll","background-type":"","background-media":"","overlay-type":"","overlay-color":"","overlay-opacity":"","overlay-gradient":""},"tablet":{"background-color":"","background-image":"","background-repeat":"repeat","background-position":"center center","background-size":"auto","background-attachment":"scroll","background-type":"","background-media":"","overlay-type":"","overlay-color":"","overlay-opacity":"","overlay-gradient":""},"mobile":{"background-color":"","background-image":"","background-repeat":"repeat","background-position":"center center","background-size":"auto","background-attachment":"scroll","background-type":"","background-media":"","overlay-type":"","overlay-color":"","overlay-opacity":"","overlay-gradient":""}},"ast-content-background-meta":{"desktop":{"background-color":"var(--ast-global-color-5)","background-image":"","background-repeat":"repeat","background-position":"center center","background-size":"auto","background-attachment":"scroll","background-type":"","background-media":"","overlay-type":"","overlay-color":"","overlay-opacity":"","overlay-gradient":""},"tablet":{"background-color":"var(--ast-global-color-5)","background-image":"","background-repeat":"repeat","background-position":"center center","background-size":"auto","background-attachment":"scroll","background-type":"","background-media":"","overlay-type":"","overlay-color":"","overlay-opacity":"","overlay-gradient":""},"mobile":{"background-color":"var(--ast-global-color-5)","background-image":"","background-repeat":"repeat","background-position":"center center","background-size":"auto","background-attachment":"scroll","background-type":"","background-media":"","overlay-type":"","overlay-color":"","overlay-opacity":"","overlay-gradient":""}},"footnotes":""},"categories":[29],"tags":[],"class_list":["post-8144","post","type-post","status-publish","format-standard","has-post-thumbnail","hentry","category-portada"],"post_mailing_queue_ids":[],"_links":{"self":[{"href":"https:\/\/serveiseducatius.xtec.cat\/badalona\/wp-json\/wp\/v2\/posts\/8144","targetHints":{"allow":["GET"]}}],"collection":[{"href":"https:\/\/serveiseducatius.xtec.cat\/badalona\/wp-json\/wp\/v2\/posts"}],"about":[{"href":"https:\/\/serveiseducatius.xtec.cat\/badalona\/wp-json\/wp\/v2\/types\/post"}],"author":[{"embeddable":true,"href":"https:\/\/serveiseducatius.xtec.cat\/badalona\/wp-json\/wp\/v2\/users\/1"}],"replies":[{"embeddable":true,"href":"https:\/\/serveiseducatius.xtec.cat\/badalona\/wp-json\/wp\/v2\/comments?post=8144"}],"version-history":[{"count":2,"href":"https:\/\/serveiseducatius.xtec.cat\/badalona\/wp-json\/wp\/v2\/posts\/8144\/revisions"}],"predecessor-version":[{"id":8171,"href":"https:\/\/serveiseducatius.xtec.cat\/badalona\/wp-json\/wp\/v2\/posts\/8144\/revisions\/8171"}],"wp:featuredmedia":[{"embeddable":true,"href":"https:\/\/serveiseducatius.xtec.cat\/badalona\/wp-json\/wp\/v2\/media\/8145"}],"wp:attachment":[{"href":"https:\/\/serveiseducatius.xtec.cat\/badalona\/wp-json\/wp\/v2\/media?parent=8144"}],"wp:term":[{"taxonomy":"category","embeddable":true,"href":"https:\/\/serveiseducatius.xtec.cat\/badalona\/wp-json\/wp\/v2\/categories?post=8144"},{"taxonomy":"post_tag","embeddable":true,"href":"https:\/\/serveiseducatius.xtec.cat\/badalona\/wp-json\/wp\/v2\/tags?post=8144"}],"curies":[{"name":"wp","href":"https:\/\/api.w.org\/{rel}","templated":true}]}}