{"id":8123,"date":"2017-11-10T12:17:24","date_gmt":"2017-11-10T11:17:24","guid":{"rendered":"http:\/\/serveiseducatius.xtec.cat\/badalona\/?p=8123"},"modified":"2017-11-10T13:03:10","modified_gmt":"2017-11-10T12:03:10","slug":"videoconferencia-espais-blaus-mes-enlla-del-popular-sol-i-platja","status":"publish","type":"post","link":"https:\/\/serveiseducatius.xtec.cat\/badalona\/portada\/videoconferencia-espais-blaus-mes-enlla-del-popular-sol-i-platja\/","title":{"rendered":"Videoconfer\u00e8ncia: Espais blaus: m\u00e9s enll\u00e0 del popular \u201csol i platja\u201d"},"content":{"rendered":"<p><img loading=\"lazy\" decoding=\"async\" class=\" alignleft\" src=\"http:\/\/xtec.gencat.cat\/web\/.content\/centres\/celebracions\/2017\/setmanaciencia17\/imatges\/sc17.jpg_1595044798.jpg\" width=\"94\" height=\"94\" \/>En el marc de la <a href=\"http:\/\/www.fundaciorecerca.cat\/setmanaciencia\/frontend\/\" target=\"_blank\" rel=\"noopener noreferrer\">22a Setmana de la CI\u00e8ncia<\/a>: <a href=\"http:\/\/xtec.gencat.cat\/ca\/centres\/celebracions\/2017\/setmana_ciencia_2017\/\" target=\"_blank\" rel=\"noopener noreferrer\">La ci\u00e8ncia en primera persona<\/a>, es dur\u00e0 a terme una videoconfer\u00e8ncia el proper\u00a0<strong>15 de novembre de 2017, a les 11:30 h<\/strong>. Aquesta confer\u00e8ncia ser\u00e0 retransmesa per v\u00eddeostreaming des de\u00a0la seu central del Departament d&#8217;Ensenyament, i est\u00e0 destinada a alumnat de <strong>4t d&#8217;ESO i Batxillerat<\/strong>, emetent-se en directe per a tots els centres docents de Catalunya.\u00a0<!--more--><\/p>\n<p>M\u00e9s informaci\u00f3\u00a0sobre la confer\u00e8ncia:<\/p>\n<p><span style=\"text-decoration: underline;\">T\u00edtol:<\/span> <strong>Espais blaus: m\u00e9s enll\u00e0 del popular \u201csol i platja\u201d<\/strong><br \/><span style=\"text-decoration: underline;\">Ponent:<\/span> <strong>Cristina Vert<\/strong>, Llicenciada en Ci\u00e8ncies Ambientals, M\u00e0ster en Salut P\u00fablica i investigadora predoctoral en ci\u00e8ncies biom\u00e8diques a l&#8217;ISGlobal (Institut de Salut Global de Barcelona)<\/p>\n","protected":false},"excerpt":{"rendered":"<p>En el marc de la 22a Setmana de la CI\u00e8ncia: La ci\u00e8ncia en primera persona, es dur\u00e0 a terme una [&hellip;]<\/p>\n","protected":false},"author":1,"featured_media":8124,"comment_status":"closed","ping_status":"closed","sticky":false,"template":"","format":"standard","meta":{"_bbp_topic_count":0,"_bbp_reply_count":0,"_bbp_total_topic_count":0,"_bbp_total_reply_count":0,"_bbp_voice_count":0,"_bbp_anonymous_reply_count":0,"_bbp_topic_count_hidden":0,"_bbp_reply_count_hidden":0,"_bbp_forum_subforum_count":0,"site-sidebar-layout":"default","site-content-layout":"","ast-site-content-layout":"","site-content-style":"default","site-sidebar-style":"default","ast-global-header-display":"","ast-banner-title-visibility":"","ast-main-header-display":"","ast-hfb-above-header-display":"","ast-hfb-below-header-display":"","ast-hfb-mobile-header-display":"","site-post-title":"","ast-breadcrumbs-content":"","ast-featured-img":"","footer-sml-layout":"","theme-transparent-header-meta":"","adv-header-id-meta":"","stick-header-meta":"","header-above-stick-meta":"","header-main-stick-meta":"","header-below-stick-meta":"","astra-migrate-meta-layouts":"default","ast-page-background-enabled":"default","ast-page-background-meta":{"desktop":{"background-color":"var(--ast-global-color-4)","background-image":"","background-repeat":"repeat","background-position":"center center","background-size":"auto","background-attachment":"scroll","background-type":"","background-media":"","overlay-type":"","overlay-color":"","overlay-opacity":"","overlay-gradient":""},"tablet":{"background-color":"","background-image":"","background-repeat":"repeat","background-position":"center center","background-size":"auto","background-attachment":"scroll","background-type":"","background-media":"","overlay-type":"","overlay-color":"","overlay-opacity":"","overlay-gradient":""},"mobile":{"background-color":"","background-image":"","background-repeat":"repeat","background-position":"center center","background-size":"auto","background-attachment":"scroll","background-type":"","background-media":"","overlay-type":"","overlay-color":"","overlay-opacity":"","overlay-gradient":""}},"ast-content-background-meta":{"desktop":{"background-color":"var(--ast-global-color-5)","background-image":"","background-repeat":"repeat","background-position":"center center","background-size":"auto","background-attachment":"scroll","background-type":"","background-media":"","overlay-type":"","overlay-color":"","overlay-opacity":"","overlay-gradient":""},"tablet":{"background-color":"var(--ast-global-color-5)","background-image":"","background-repeat":"repeat","background-position":"center center","background-size":"auto","background-attachment":"scroll","background-type":"","background-media":"","overlay-type":"","overlay-color":"","overlay-opacity":"","overlay-gradient":""},"mobile":{"background-color":"var(--ast-global-color-5)","background-image":"","background-repeat":"repeat","background-position":"center center","background-size":"auto","background-attachment":"scroll","background-type":"","background-media":"","overlay-type":"","overlay-color":"","overlay-opacity":"","overlay-gradient":""}},"footnotes":""},"categories":[418,299,29],"tags":[174,372],"class_list":["post-8123","post","type-post","status-publish","format-standard","has-post-thumbnail","hentry","category-congres-ciencia","category-jornades-cientifiques","category-portada","tag-fcri","tag-setmanaciencia"],"post_mailing_queue_ids":[],"_links":{"self":[{"href":"https:\/\/serveiseducatius.xtec.cat\/badalona\/wp-json\/wp\/v2\/posts\/8123","targetHints":{"allow":["GET"]}}],"collection":[{"href":"https:\/\/serveiseducatius.xtec.cat\/badalona\/wp-json\/wp\/v2\/posts"}],"about":[{"href":"https:\/\/serveiseducatius.xtec.cat\/badalona\/wp-json\/wp\/v2\/types\/post"}],"author":[{"embeddable":true,"href":"https:\/\/serveiseducatius.xtec.cat\/badalona\/wp-json\/wp\/v2\/users\/1"}],"replies":[{"embeddable":true,"href":"https:\/\/serveiseducatius.xtec.cat\/badalona\/wp-json\/wp\/v2\/comments?post=8123"}],"version-history":[{"count":2,"href":"https:\/\/serveiseducatius.xtec.cat\/badalona\/wp-json\/wp\/v2\/posts\/8123\/revisions"}],"predecessor-version":[{"id":8126,"href":"https:\/\/serveiseducatius.xtec.cat\/badalona\/wp-json\/wp\/v2\/posts\/8123\/revisions\/8126"}],"wp:featuredmedia":[{"embeddable":true,"href":"https:\/\/serveiseducatius.xtec.cat\/badalona\/wp-json\/wp\/v2\/media\/8124"}],"wp:attachment":[{"href":"https:\/\/serveiseducatius.xtec.cat\/badalona\/wp-json\/wp\/v2\/media?parent=8123"}],"wp:term":[{"taxonomy":"category","embeddable":true,"href":"https:\/\/serveiseducatius.xtec.cat\/badalona\/wp-json\/wp\/v2\/categories?post=8123"},{"taxonomy":"post_tag","embeddable":true,"href":"https:\/\/serveiseducatius.xtec.cat\/badalona\/wp-json\/wp\/v2\/tags?post=8123"}],"curies":[{"name":"wp","href":"https:\/\/api.w.org\/{rel}","templated":true}]}}