{"id":8111,"date":"2017-11-07T12:59:17","date_gmt":"2017-11-07T11:59:17","guid":{"rendered":"http:\/\/serveiseducatius.xtec.cat\/badalona\/?p=8111"},"modified":"2017-11-07T12:59:17","modified_gmt":"2017-11-07T11:59:17","slug":"activitats-mes-destacades-a-la-xarxa-municipal-de-biblioteques-de-badalona-per-aquest-novembre","status":"publish","type":"post","link":"https:\/\/serveiseducatius.xtec.cat\/badalona\/portada\/activitats-mes-destacades-a-la-xarxa-municipal-de-biblioteques-de-badalona-per-aquest-novembre\/","title":{"rendered":"Activitats m\u00e9s destacades a la Xarxa Municipal de Biblioteques de Badalona per aquest novembre"},"content":{"rendered":"<p><img loading=\"lazy\" decoding=\"async\" class=\"alignnone size-full wp-image-7990\" src=\"http:\/\/serveiseducatius.xtec.cat\/badalona\/wp-content\/uploads\/usu1088\/2017\/10\/logoXarxaBibliotequesMunicipalBadalona-e1509021384914.jpg\" alt=\"\" width=\"200\" height=\"121\" \/><\/p>\n<p>Tallers, col\u00b7loquis, contes i una exposici\u00f3 sobre la serralada de Marina s\u00f3n algunes de les activitats programades m\u00e9s destacables.<\/p>\n<p><!--more--><\/p>\n<p>La Xarxa Municipal de Biblioteques de Badalona ha programat les seg\u00fcents activitats per a aquest mes de novembre on destaquen els tallers, els contes i l\u2019exposici\u00f3 \u201cParc de la serralada Marina\u201d.<\/p>\n<p>&#8211; 22a Edici\u00f3 de la Setmana de la Ci\u00e8ncia<\/p>\n<p>Tallers de ci\u00e8ncia amb Labclub i BiblioLABS<\/p>\n<p>Del 9 de novembre a l\u20191 de desembre, a totes les biblioteques.<\/p>\n<p>Tallers i BiblioLABS d\u2019experimentaci\u00f3 cient\u00edfica per a infants, a totes les biblioteques.<\/p>\n<p>De quin color \u00e9s la llum?, Petits inventors. Taller de circuits el\u00e8ctrics i de qu\u00edmica.<\/p>\n<p>Espurnes, introducci\u00f3 a la rob\u00f2tica b\u00e0sica: ObloBots, Contes interactius i La plastilina fa llums.<\/p>\n<p>Labclub. Ci\u00e8ncia per a la gent, \u00e9s un grup format per un bi\u00f2leg i una bioinform\u00e0tica especialitzats en l&#8217;educaci\u00f3 en ci\u00e8ncia. I els BiblioLABS formen part d&#8217;un programa de la Xarxa de Biblioteques Municipals (XBM) que t\u00e9 com a finalitat l\u2019acc\u00e9s al coneixement a trav\u00e9s de l\u2019experimentaci\u00f3 i metodologies innovadores i creatives en un entorn col\u00b7laboratiu obert a la ciutadania.<\/p>\n<p>&#8211; Col\u00b7loqui amb la periodista i escriptora Gemma Ruiz<\/p>\n<p>Dijous 30 de novembre, a les 19 h, a la Biblioteca Can Casacuberta.<\/p>\n<p>En el marc del cicle Va de Novel\u00b7la Hist\u00f2rica, l\u2019autora de l\u2019obra Argelagues, i Joaquim Molina, historiador i conductor de les activitats d\u2019aquest cicle, tractaran el tema: \u201c25 anys de la Biblioteca Can Casacuberta. De f\u00e0brica a biblioteca\u201d.<\/p>\n<p>\u00b7 L\u2019HORA DEL CONTE<\/p>\n<p>Contes pels h\u00e0bits saludables i per la inclusi\u00f3 social. Tallers creatius i formatius d\u2019animaci\u00f3 a la lectura i contacontes professionals.<\/p>\n<p>&#8211; Contes pels h\u00e0bits saludables<\/p>\n<p>Del 7 al 23 de novembre, a totes les biblioteques<\/p>\n<p>El monstre de colors. Un conte que tracta el benestar emocional dels infants \u201cperqu\u00e8 el monstre de colors s&#8217;ha fet un garbuix d&#8217;emocions i ara li toca desfer l&#8217;embolic\u201d.<\/p>\n<p>Dins del programa Badalona Ciutat Saludable, per promoure els h\u00e0bits saludables entre els m\u00e9s petits i les seves fam\u00edlies.<\/p>\n<p>&#8211; Contes per la inclusi\u00f3 social<\/p>\n<p>Del 25 de novembre al 2 de desembre, les biblioteques Llefi\u00e0-Xavier Soto i Canyad\u00f3 i Casagemes \u2013 Joan Argent\u00e9.<\/p>\n<p>Nina i els aspanens de Quim Morales, tracta sobre la import\u00e0ncia i el valor de la inclusi\u00f3 dels discapacitats.<\/p>\n<p>Amb motiu del 50\u00e8 aniversari de l\u2019associaci\u00f3 ASPANIN.<\/p>\n<p>&#8211; Tallers creatius d\u2019animaci\u00f3 a la lectura amb Sara Sareta: Qualsevol nit, Les perip\u00e8cies dels astres i Un conte ben salat<\/p>\n<p>Del 2 al 30 de novembre, a les biblioteques Can Casacuberta i Lloreda<\/p>\n<p>&#8211; Taller: L\u2019art d\u2019explicar contes, amb Joan Boer. Eines per a explicar contes. Sessi\u00f3 formativa per a pares i mares amb un especialista en dinamitzaci\u00f3 lectora.<\/p>\n<p>Dimecres 15 de novembre, a les 17.30 h, a la Biblioteca Canyad\u00f3 i Casagemes \u2013 Joan Argent\u00e9.<\/p>\n<p>&#8211; Gulliver, qui \u00e9s un gegant?, amb el narrador Albert Estengre<\/p>\n<p>Dijous 30, a les 17.30 h, a la Biblioteca Lloreda.<\/p>\n<p>&#8211; Conte espectacle amb la narradora Ada Cusid\u00f3<\/p>\n<p>Dimecres 22, a les 17.30 h, a la Biblioteca Pomar<\/p>\n<p>\u00b7 COMPARTIM EL CONEIXEMENT<\/p>\n<p>D\u2019aquesta \u00e0rea destaquem el BiblioLAB de poesia i teatre emmarcat en el cicle Badalona es Mostra, les activitats de m\u00fasica per a nens de 0 a 3 anys, i dues propostes per a p\u00fablic juvenil de c\u00f2mic i cinema.<\/p>\n<p>&#8211; BiblioLAB. Tallers de poesia i teatre a c\u00e0rrec de TeatrART<\/p>\n<p>Dijous 16, a les 9.30 h, a la Biblioteca Pomar<\/p>\n<p>En el marc del cicle de teatre amateur Badalona es Mostra.<\/p>\n<p>&#8211; Minim\u00fasics i Sons per a nadons, a la Biblioteca Pomar<\/p>\n<p>Dos activitats per a fomentar l\u2019educaci\u00f3 musical primerenca en l\u2019entorn familiar.<\/p>\n<p>Sons per a nadons, a c\u00e0rrec d\u2019Alquimia musical.<\/p>\n<p>Dijous 9, a les 10 h<\/p>\n<p>Minim\u00fasics, a c\u00e0rrec d\u2019Albada Blay.<\/p>\n<p>Dijous 23, a les 11 h<\/p>\n<p>&#8211; Club del c\u00f2mic amb Rub\u00e9n Pellejero i Toni Benages<\/p>\n<p>Tert\u00falia sobre les seves obres gr\u00e0fiques.<\/p>\n<p>Dimarts 7, a les 18.30 h, a la Biblioteca Can Casacuberta<\/p>\n<p>&#8211; Taller de cinema per a joves, a c\u00e0rrec de Jordi Busqu\u00ed<\/p>\n<p>Dijous 9 i 23 de novembre, a les 18 h, a la Biblioteca Lloreda.<\/p>\n<p>Fes moure la c\u00e0mera i crea la teva pel\u00b7l\u00edcula.<\/p>\n<p>\u00b7 EXPOSICI\u00d3<\/p>\n<p>Parc de la serralada Marina<\/p>\n<p>Del 2 de novembre a l\u20191 de desembre, a la Biblioteca Can Casacuberta<br \/> Una exposici\u00f3 en qu\u00e8 la Marina, una jove laietana que va viure al poblat ib\u00e8ric de Les Maleses, ens descriu els diversos aspectes del parc, des del paisatge, la vegetaci\u00f3 i la fauna, passant per la llarga hist\u00f2ria de la serra i els artistes que s\u2019hi han inspirat, fins als objectius que cal tenir en compte per protegir-lo i garantir-ne un \u00fas p\u00fablic respectu\u00f3s.<br \/> \u00c9s una exposici\u00f3 itinerant del Consorci del Parc de la Serralada de Marina.<\/p>\n","protected":false},"excerpt":{"rendered":"<p>Tallers, col\u00b7loquis, contes i una exposici\u00f3 sobre la serralada de Marina s\u00f3n algunes de les activitats programades m\u00e9s destacables.<\/p>\n","protected":false},"author":1,"featured_media":7990,"comment_status":"closed","ping_status":"closed","sticky":false,"template":"","format":"standard","meta":{"_bbp_topic_count":0,"_bbp_reply_count":0,"_bbp_total_topic_count":0,"_bbp_total_reply_count":0,"_bbp_voice_count":0,"_bbp_anonymous_reply_count":0,"_bbp_topic_count_hidden":0,"_bbp_reply_count_hidden":0,"_bbp_forum_subforum_count":0,"site-sidebar-layout":"default","site-content-layout":"","ast-site-content-layout":"","site-content-style":"default","site-sidebar-style":"default","ast-global-header-display":"","ast-banner-title-visibility":"","ast-main-header-display":"","ast-hfb-above-header-display":"","ast-hfb-below-header-display":"","ast-hfb-mobile-header-display":"","site-post-title":"","ast-breadcrumbs-content":"","ast-featured-img":"","footer-sml-layout":"","theme-transparent-header-meta":"","adv-header-id-meta":"","stick-header-meta":"","header-above-stick-meta":"","header-main-stick-meta":"","header-below-stick-meta":"","astra-migrate-meta-layouts":"default","ast-page-background-enabled":"default","ast-page-background-meta":{"desktop":{"background-color":"var(--ast-global-color-4)","background-image":"","background-repeat":"repeat","background-position":"center center","background-size":"auto","background-attachment":"scroll","background-type":"","background-media":"","overlay-type":"","overlay-color":"","overlay-opacity":"","overlay-gradient":""},"tablet":{"background-color":"","background-image":"","background-repeat":"repeat","background-position":"center center","background-size":"auto","background-attachment":"scroll","background-type":"","background-media":"","overlay-type":"","overlay-color":"","overlay-opacity":"","overlay-gradient":""},"mobile":{"background-color":"","background-image":"","background-repeat":"repeat","background-position":"center center","background-size":"auto","background-attachment":"scroll","background-type":"","background-media":"","overlay-type":"","overlay-color":"","overlay-opacity":"","overlay-gradient":""}},"ast-content-background-meta":{"desktop":{"background-color":"var(--ast-global-color-5)","background-image":"","background-repeat":"repeat","background-position":"center center","background-size":"auto","background-attachment":"scroll","background-type":"","background-media":"","overlay-type":"","overlay-color":"","overlay-opacity":"","overlay-gradient":""},"tablet":{"background-color":"var(--ast-global-color-5)","background-image":"","background-repeat":"repeat","background-position":"center center","background-size":"auto","background-attachment":"scroll","background-type":"","background-media":"","overlay-type":"","overlay-color":"","overlay-opacity":"","overlay-gradient":""},"mobile":{"background-color":"var(--ast-global-color-5)","background-image":"","background-repeat":"repeat","background-position":"center center","background-size":"auto","background-attachment":"scroll","background-type":"","background-media":"","overlay-type":"","overlay-color":"","overlay-opacity":"","overlay-gradient":""}},"footnotes":""},"categories":[29],"tags":[663,163,722],"class_list":["post-8111","post","type-post","status-publish","format-standard","has-post-thumbnail","hentry","category-portada","tag-badabiblios","tag-biblioteques","tag-xarxa-de-biblioteques-de-badalona"],"post_mailing_queue_ids":[],"_links":{"self":[{"href":"https:\/\/serveiseducatius.xtec.cat\/badalona\/wp-json\/wp\/v2\/posts\/8111","targetHints":{"allow":["GET"]}}],"collection":[{"href":"https:\/\/serveiseducatius.xtec.cat\/badalona\/wp-json\/wp\/v2\/posts"}],"about":[{"href":"https:\/\/serveiseducatius.xtec.cat\/badalona\/wp-json\/wp\/v2\/types\/post"}],"author":[{"embeddable":true,"href":"https:\/\/serveiseducatius.xtec.cat\/badalona\/wp-json\/wp\/v2\/users\/1"}],"replies":[{"embeddable":true,"href":"https:\/\/serveiseducatius.xtec.cat\/badalona\/wp-json\/wp\/v2\/comments?post=8111"}],"version-history":[{"count":1,"href":"https:\/\/serveiseducatius.xtec.cat\/badalona\/wp-json\/wp\/v2\/posts\/8111\/revisions"}],"predecessor-version":[{"id":8112,"href":"https:\/\/serveiseducatius.xtec.cat\/badalona\/wp-json\/wp\/v2\/posts\/8111\/revisions\/8112"}],"wp:featuredmedia":[{"embeddable":true,"href":"https:\/\/serveiseducatius.xtec.cat\/badalona\/wp-json\/wp\/v2\/media\/7990"}],"wp:attachment":[{"href":"https:\/\/serveiseducatius.xtec.cat\/badalona\/wp-json\/wp\/v2\/media?parent=8111"}],"wp:term":[{"taxonomy":"category","embeddable":true,"href":"https:\/\/serveiseducatius.xtec.cat\/badalona\/wp-json\/wp\/v2\/categories?post=8111"},{"taxonomy":"post_tag","embeddable":true,"href":"https:\/\/serveiseducatius.xtec.cat\/badalona\/wp-json\/wp\/v2\/tags?post=8111"}],"curies":[{"name":"wp","href":"https:\/\/api.w.org\/{rel}","templated":true}]}}