{"id":7987,"date":"2017-10-26T12:36:30","date_gmt":"2017-10-26T10:36:30","guid":{"rendered":"http:\/\/serveiseducatius.xtec.cat\/badalona\/?p=7987"},"modified":"2017-10-26T14:38:24","modified_gmt":"2017-10-26T12:38:24","slug":"la-biblioteca-de-sant-roc-organitza-tallers-de-contes-i-ritmes-flamencs-per-promoure-el-seu-coneixement-a-badalona","status":"publish","type":"post","link":"https:\/\/serveiseducatius.xtec.cat\/badalona\/portada\/la-biblioteca-de-sant-roc-organitza-tallers-de-contes-i-ritmes-flamencs-per-promoure-el-seu-coneixement-a-badalona\/","title":{"rendered":"La biblioteca de Sant Roc organitza tallers de contes i ritmes flamencs per promoure el seu coneixement a Badalona"},"content":{"rendered":"<p><img loading=\"lazy\" decoding=\"async\" class=\"wp-image-7990 alignleft\" src=\"http:\/\/serveiseducatius.xtec.cat\/badalona\/wp-content\/uploads\/usu1088\/2017\/10\/logoXarxaBibliotequesMunicipalBadalona.jpg\" alt=\"\" width=\"325\" height=\"197\" \/><\/p>\n<p><strong>El flamenc, una de les manifestacions culturals m\u00e9s arrelada a la ciutat, t\u00e9 una ess\u00e8ncia expressiva, participativa i popular<\/strong><\/p>\n<p>Amb l\u2019objectiu de promocionar el coneixement de les manifestacions culturals que tenen m\u00e9s pres\u00e8ncia i arrelament a la ciutat, la <strong><a href=\"http:\/\/badabiblios.cat\/\" target=\"_blank\" rel=\"noopener noreferrer\">Xarxa Municipal de Biblioteques de Badalona<\/a><\/strong> organitza a la Biblioteca de Sant Roc dos tallers relacionats amb el flamenc que volen fer arribar aquest art a tota la ciutadania.<\/p>\n<p><!--more--><\/p>\n<p>El flamenc, considerat Patrimoni de la Humanitat, \u00e9s un art que es viu en fam\u00edlia i en comunitat, que est\u00e0 a l\u2019abast de tothom i que t\u00e9 una ess\u00e8ncia expressiva, participativa i popular. \u00c9s per aix\u00f2 que a la Biblioteca Sant Roc s\u2019ha treballat per la programaci\u00f3 d\u2019activitats de foment de la lectura i el flamenc, pensades per al seu espai infantil i familiar.<\/p>\n<p>La primera d\u2019aquestes propostes es realitzar\u00e0 <strong><b>aquest dijous 26 d\u2019octubre, a les 18 hores<\/b><\/strong> i estar\u00e0 a c\u00e0rrec de la contaire i clown Mar O. acompanyada de la m\u00fasica del guitarrista Serrucho. Durant la sessi\u00f3, l\u2019artista explicar\u00e0 hist\u00f2ries flamenques dirigides a tota la fam\u00edlia i plenes de saler, ritme i alegria. L\u2019activitat fomenta la participaci\u00f3 dels assistents perqu\u00e8 puguin gaudir d\u2019aquest art.<\/p>\n<p>El <strong><b>dijous 9 de novembre a les 18 hores, la Biblioteca de Sant Roc<\/b><\/strong> acollir\u00e0 tamb\u00e9 la segona activitat, un taller musical de promoci\u00f3 de la cultura del flamenc. En aquest cas, el guitarrista Vicente Mart\u00ednez oferir\u00e0 una sessi\u00f3 participativa on es seguiran els ritmes i el comp\u00e0s de la guitarra i el caj\u00f3n flamenc.<\/p>\n<p><strong><b>La \u2018Flamencoteca\u2019 <\/b><\/strong><\/p>\n<p>Les dues activitats programades per les setmanes vinents no s\u00f3n l\u2019\u00fanica iniciativa que s\u2019ha impulsat des de la <a href=\"http:\/\/badabiblios.cat\/\" target=\"_blank\" rel=\"noopener noreferrer\">Xarxa Municipal de Biblioteques<\/a> per fomentar el flamenc. Pr\u00e8viament, amb la col\u00b7laboraci\u00f3 de la Tert\u00falia Flamenca de Badalona es va impulsar un fons dedicat al flamenc a la Biblioteca de Sant Roc. La coneguda com a \u2018<strong>Flamencoteca<\/strong>\u2019 t\u00e9 un dels millors fons especialitzats en aquesta manifestaci\u00f3 cultural de Catalunya, amb m\u00e9s de 1.500 documents en llibres, enciclop\u00e8dies, revistes i material audiovisual, que abasten des dels or\u00edgens d\u2019aquest art fins a l\u2019actualitat.\u00a0<\/p>\n<p>Podeu consultar el fons documental de la Flamencoteca al seg\u00fcent web:\u00a0 <a href=\"http:\/\/www.flamencoteca.wordpress.com\" target=\"_blank\" rel=\"noopener noreferrer\">www.flamencoteca.wordpress.com<\/a><\/p>\n","protected":false},"excerpt":{"rendered":"<p>El flamenc, una de les manifestacions culturals m\u00e9s arrelada a la ciutat, t\u00e9 una ess\u00e8ncia expressiva, participativa i popular Amb [&hellip;]<\/p>\n","protected":false},"author":1,"featured_media":7990,"comment_status":"closed","ping_status":"closed","sticky":false,"template":"","format":"standard","meta":{"_bbp_topic_count":0,"_bbp_reply_count":0,"_bbp_total_topic_count":0,"_bbp_total_reply_count":0,"_bbp_voice_count":0,"_bbp_anonymous_reply_count":0,"_bbp_topic_count_hidden":0,"_bbp_reply_count_hidden":0,"_bbp_forum_subforum_count":0,"site-sidebar-layout":"default","site-content-layout":"","ast-site-content-layout":"","site-content-style":"default","site-sidebar-style":"default","ast-global-header-display":"","ast-banner-title-visibility":"","ast-main-header-display":"","ast-hfb-above-header-display":"","ast-hfb-below-header-display":"","ast-hfb-mobile-header-display":"","site-post-title":"","ast-breadcrumbs-content":"","ast-featured-img":"","footer-sml-layout":"","theme-transparent-header-meta":"","adv-header-id-meta":"","stick-header-meta":"","header-above-stick-meta":"","header-main-stick-meta":"","header-below-stick-meta":"","astra-migrate-meta-layouts":"default","ast-page-background-enabled":"default","ast-page-background-meta":{"desktop":{"background-color":"var(--ast-global-color-4)","background-image":"","background-repeat":"repeat","background-position":"center center","background-size":"auto","background-attachment":"scroll","background-type":"","background-media":"","overlay-type":"","overlay-color":"","overlay-opacity":"","overlay-gradient":""},"tablet":{"background-color":"","background-image":"","background-repeat":"repeat","background-position":"center center","background-size":"auto","background-attachment":"scroll","background-type":"","background-media":"","overlay-type":"","overlay-color":"","overlay-opacity":"","overlay-gradient":""},"mobile":{"background-color":"","background-image":"","background-repeat":"repeat","background-position":"center center","background-size":"auto","background-attachment":"scroll","background-type":"","background-media":"","overlay-type":"","overlay-color":"","overlay-opacity":"","overlay-gradient":""}},"ast-content-background-meta":{"desktop":{"background-color":"var(--ast-global-color-5)","background-image":"","background-repeat":"repeat","background-position":"center center","background-size":"auto","background-attachment":"scroll","background-type":"","background-media":"","overlay-type":"","overlay-color":"","overlay-opacity":"","overlay-gradient":""},"tablet":{"background-color":"var(--ast-global-color-5)","background-image":"","background-repeat":"repeat","background-position":"center center","background-size":"auto","background-attachment":"scroll","background-type":"","background-media":"","overlay-type":"","overlay-color":"","overlay-opacity":"","overlay-gradient":""},"mobile":{"background-color":"var(--ast-global-color-5)","background-image":"","background-repeat":"repeat","background-position":"center center","background-size":"auto","background-attachment":"scroll","background-type":"","background-media":"","overlay-type":"","overlay-color":"","overlay-opacity":"","overlay-gradient":""}},"footnotes":""},"categories":[29],"tags":[663,785,722,44],"class_list":["post-7987","post","type-post","status-publish","format-standard","has-post-thumbnail","hentry","category-portada","tag-badabiblios","tag-flamenc","tag-xarxa-de-biblioteques-de-badalona","tag-xerrades"],"post_mailing_queue_ids":[],"_links":{"self":[{"href":"https:\/\/serveiseducatius.xtec.cat\/badalona\/wp-json\/wp\/v2\/posts\/7987","targetHints":{"allow":["GET"]}}],"collection":[{"href":"https:\/\/serveiseducatius.xtec.cat\/badalona\/wp-json\/wp\/v2\/posts"}],"about":[{"href":"https:\/\/serveiseducatius.xtec.cat\/badalona\/wp-json\/wp\/v2\/types\/post"}],"author":[{"embeddable":true,"href":"https:\/\/serveiseducatius.xtec.cat\/badalona\/wp-json\/wp\/v2\/users\/1"}],"replies":[{"embeddable":true,"href":"https:\/\/serveiseducatius.xtec.cat\/badalona\/wp-json\/wp\/v2\/comments?post=7987"}],"version-history":[{"count":3,"href":"https:\/\/serveiseducatius.xtec.cat\/badalona\/wp-json\/wp\/v2\/posts\/7987\/revisions"}],"predecessor-version":[{"id":7993,"href":"https:\/\/serveiseducatius.xtec.cat\/badalona\/wp-json\/wp\/v2\/posts\/7987\/revisions\/7993"}],"wp:featuredmedia":[{"embeddable":true,"href":"https:\/\/serveiseducatius.xtec.cat\/badalona\/wp-json\/wp\/v2\/media\/7990"}],"wp:attachment":[{"href":"https:\/\/serveiseducatius.xtec.cat\/badalona\/wp-json\/wp\/v2\/media?parent=7987"}],"wp:term":[{"taxonomy":"category","embeddable":true,"href":"https:\/\/serveiseducatius.xtec.cat\/badalona\/wp-json\/wp\/v2\/categories?post=7987"},{"taxonomy":"post_tag","embeddable":true,"href":"https:\/\/serveiseducatius.xtec.cat\/badalona\/wp-json\/wp\/v2\/tags?post=7987"}],"curies":[{"name":"wp","href":"https:\/\/api.w.org\/{rel}","templated":true}]}}