{"id":7974,"date":"2017-10-25T11:16:24","date_gmt":"2017-10-25T09:16:24","guid":{"rendered":"http:\/\/serveiseducatius.xtec.cat\/badalona\/?p=7974"},"modified":"2017-10-26T14:45:33","modified_gmt":"2017-10-26T12:45:33","slug":"la-noticia-de-la-setmana-lhuraca-ophelia-segueix-una-trajectoria-molt-poc-habitual-un-huraca-fora-de-lloc-parleu-ne-a-classe","status":"publish","type":"post","link":"https:\/\/serveiseducatius.xtec.cat\/badalona\/portada\/la-noticia-de-la-setmana-lhuraca-ophelia-segueix-una-trajectoria-molt-poc-habitual-un-huraca-fora-de-lloc-parleu-ne-a-classe\/","title":{"rendered":"L&#8217;hurac\u00e0 Ophelia segueix una traject\u00f2ria molt poc habitual: un hurac\u00e0 fora de lloc? Parleu-ne a classe!"},"content":{"rendered":"<p><img loading=\"lazy\" decoding=\"async\" class=\"alignnone size-full wp-image-7930\" src=\"http:\/\/serveiseducatius.xtec.cat\/badalona\/wp-content\/uploads\/usu1088\/2017\/10\/noticiaSetmana.jpg\" alt=\"\" width=\"594\" height=\"162\" \/><\/p>\n<p class=\"m_-395622290325656466m_-6766660048715008678bard-text-block m_-395622290325656466m_-6766660048715008678style-scope\">L&#8217;<strong>hurac\u00e0 Ophelia<\/strong> segueix una traject\u00f2ria molt poc habitual: un hurac\u00e0 fora de lloc? Parleu-ne a classe!<\/p>\n<p class=\"m_-395622290325656466m_-6766660048715008678bard-text-block m_-395622290325656466m_-6766660048715008678style-scope\"><span class=\"m_-395622290325656466m_-6766660048715008678bard-text-block m_-395622290325656466m_-6766660048715008678style-scope\">La setmana passada va arribar a Europa l\u2019hurac\u00e0 Ophelia, que es va formar al sud-oest de les<strong> Illes Azores<\/strong> i va viatjar creuant l\u2019Atl\u00e0ntic en direcci\u00f3 a <strong>Irlanda<\/strong> seguint una traject\u00f2ria molt poc habitual per aquests fen\u00f2mens meteorol\u00f2gics&#8230; <\/span><\/p>\n<p class=\"m_-395622290325656466m_-6766660048715008678bard-text-block m_-395622290325656466m_-6766660048715008678style-scope\"><!--more--><\/p>\n<p class=\"m_-395622290325656466m_-6766660048715008678bard-text-block m_-395622290325656466m_-6766660048715008678style-scope\">M\u00e9s informaci\u00f3 en aquest <a href=\"https:\/\/textlagalera.wordpress.com\/2017\/10\/24\/un-huraca-fora-de-lloc\/?inf_contact_key=19a1b4fb9768be3aaef12fb5e6329e351f765b0c16df5dd88dac64aaf045060f\" target=\"_blank\" rel=\"noopener noreferrer\">enlla\u00e7<\/a><\/p>\n","protected":false},"excerpt":{"rendered":"<p>L&#8217;hurac\u00e0 Ophelia segueix una traject\u00f2ria molt poc habitual: un hurac\u00e0 fora de lloc? Parleu-ne a classe! La setmana passada va [&hellip;]<\/p>\n","protected":false},"author":1,"featured_media":7930,"comment_status":"closed","ping_status":"closed","sticky":false,"template":"","format":"standard","meta":{"_bbp_topic_count":0,"_bbp_reply_count":0,"_bbp_total_topic_count":0,"_bbp_total_reply_count":0,"_bbp_voice_count":0,"_bbp_anonymous_reply_count":0,"_bbp_topic_count_hidden":0,"_bbp_reply_count_hidden":0,"_bbp_forum_subforum_count":0,"site-sidebar-layout":"default","site-content-layout":"","ast-site-content-layout":"","site-content-style":"default","site-sidebar-style":"default","ast-global-header-display":"","ast-banner-title-visibility":"","ast-main-header-display":"","ast-hfb-above-header-display":"","ast-hfb-below-header-display":"","ast-hfb-mobile-header-display":"","site-post-title":"","ast-breadcrumbs-content":"","ast-featured-img":"","footer-sml-layout":"","theme-transparent-header-meta":"","adv-header-id-meta":"","stick-header-meta":"","header-above-stick-meta":"","header-main-stick-meta":"","header-below-stick-meta":"","astra-migrate-meta-layouts":"default","ast-page-background-enabled":"default","ast-page-background-meta":{"desktop":{"background-color":"var(--ast-global-color-4)","background-image":"","background-repeat":"repeat","background-position":"center center","background-size":"auto","background-attachment":"scroll","background-type":"","background-media":"","overlay-type":"","overlay-color":"","overlay-opacity":"","overlay-gradient":""},"tablet":{"background-color":"","background-image":"","background-repeat":"repeat","background-position":"center center","background-size":"auto","background-attachment":"scroll","background-type":"","background-media":"","overlay-type":"","overlay-color":"","overlay-opacity":"","overlay-gradient":""},"mobile":{"background-color":"","background-image":"","background-repeat":"repeat","background-position":"center center","background-size":"auto","background-attachment":"scroll","background-type":"","background-media":"","overlay-type":"","overlay-color":"","overlay-opacity":"","overlay-gradient":""}},"ast-content-background-meta":{"desktop":{"background-color":"var(--ast-global-color-5)","background-image":"","background-repeat":"repeat","background-position":"center center","background-size":"auto","background-attachment":"scroll","background-type":"","background-media":"","overlay-type":"","overlay-color":"","overlay-opacity":"","overlay-gradient":""},"tablet":{"background-color":"var(--ast-global-color-5)","background-image":"","background-repeat":"repeat","background-position":"center center","background-size":"auto","background-attachment":"scroll","background-type":"","background-media":"","overlay-type":"","overlay-color":"","overlay-opacity":"","overlay-gradient":""},"mobile":{"background-color":"var(--ast-global-color-5)","background-image":"","background-repeat":"repeat","background-position":"center center","background-size":"auto","background-attachment":"scroll","background-type":"","background-media":"","overlay-type":"","overlay-color":"","overlay-opacity":"","overlay-gradient":""}},"footnotes":""},"categories":[29],"tags":[745],"class_list":["post-7974","post","type-post","status-publish","format-standard","has-post-thumbnail","hentry","category-portada","tag-lanoticiadelasetmana"],"post_mailing_queue_ids":[],"_links":{"self":[{"href":"https:\/\/serveiseducatius.xtec.cat\/badalona\/wp-json\/wp\/v2\/posts\/7974","targetHints":{"allow":["GET"]}}],"collection":[{"href":"https:\/\/serveiseducatius.xtec.cat\/badalona\/wp-json\/wp\/v2\/posts"}],"about":[{"href":"https:\/\/serveiseducatius.xtec.cat\/badalona\/wp-json\/wp\/v2\/types\/post"}],"author":[{"embeddable":true,"href":"https:\/\/serveiseducatius.xtec.cat\/badalona\/wp-json\/wp\/v2\/users\/1"}],"replies":[{"embeddable":true,"href":"https:\/\/serveiseducatius.xtec.cat\/badalona\/wp-json\/wp\/v2\/comments?post=7974"}],"version-history":[{"count":3,"href":"https:\/\/serveiseducatius.xtec.cat\/badalona\/wp-json\/wp\/v2\/posts\/7974\/revisions"}],"predecessor-version":[{"id":8001,"href":"https:\/\/serveiseducatius.xtec.cat\/badalona\/wp-json\/wp\/v2\/posts\/7974\/revisions\/8001"}],"wp:featuredmedia":[{"embeddable":true,"href":"https:\/\/serveiseducatius.xtec.cat\/badalona\/wp-json\/wp\/v2\/media\/7930"}],"wp:attachment":[{"href":"https:\/\/serveiseducatius.xtec.cat\/badalona\/wp-json\/wp\/v2\/media?parent=7974"}],"wp:term":[{"taxonomy":"category","embeddable":true,"href":"https:\/\/serveiseducatius.xtec.cat\/badalona\/wp-json\/wp\/v2\/categories?post=7974"},{"taxonomy":"post_tag","embeddable":true,"href":"https:\/\/serveiseducatius.xtec.cat\/badalona\/wp-json\/wp\/v2\/tags?post=7974"}],"curies":[{"name":"wp","href":"https:\/\/api.w.org\/{rel}","templated":true}]}}