{"id":7872,"date":"2017-10-13T08:00:01","date_gmt":"2017-10-13T06:00:01","guid":{"rendered":"http:\/\/serveiseducatius.xtec.cat\/badalona\/?p=7872"},"modified":"2017-10-11T11:59:36","modified_gmt":"2017-10-11T09:59:36","slug":"6a-edicio-participa-melies","status":"publish","type":"post","link":"https:\/\/serveiseducatius.xtec.cat\/badalona\/portada\/6a-edicio-participa-melies\/","title":{"rendered":"6\u00aa edici\u00f3 &#8220;Participa M\u00e9li\u00e8s&#8221;"},"content":{"rendered":"<p><a href=\"https:\/\/news.educaixa.com\/optiext\/optiextension.dll?ID=XtsXwzrx7Muct0zwNOdUNj_lvLsUHH0aMew9iWpqglrO8d%2Bb5XpDS1Y98WvZNwxpbB3an%2BVEubR_sBnjRx10y5TRFvHjM\" target=\"_blank\" rel=\"noopener noreferrer\"><img loading=\"lazy\" decoding=\"async\" class=\"alignright\" src=\"https:\/\/ci3.googleusercontent.com\/proxy\/PuonN6IoypUgI2Hu_6uTMYbu-UujQbZDygXG_QyrY-MgV5teaaU3hnsWq5X5yiT0VDsN2gUrTE7-N-OJCTCaT0U0t9fZzN-IRwm8YS6u8ziiPEe3vBfergX_WZHmmzJfObMW3fk6QhoRERsU760=s0-d-e1-ft#https:\/\/news.obrasociallacaixa.com\/images\/eduCaixa\/2017\/10.Octubre\/CA\/foto_slider_ca.jpg\" width=\"219\" height=\"98\" \/><\/a>T&#8217;agrada el m\u00f3n del cinema i els audiovisuals? Vols treballar amb els teus alumnes un projecte creatiu i col\u00b7laboratiu? Est\u00e0s d&#8217;enhorabona! Arrenca una nova edici\u00f3 de \u2018<strong>Participa M\u00e9li\u00e8s<\/strong>\u2019. <a href=\"https:\/\/news.educaixa.com\/optiext\/optiextension.dll?ID=XtsXwzrx7Muct0zwNOdUNj_lvLsUHH0aMew9iWpqglrO8d%2Bb5XpDS1Y98WvZNwxpbB3an%2BVEubR_sBnjRx10y5TRFvHjM\" target=\"_blank\" rel=\"noopener noreferrer\">M\u00e9s informaci\u00f3&#8230;<\/a><!--more--><\/p>\n<p>Qu\u00e8 necessites? Una hist\u00f2ria que puguis explicar en tres minuts, un dispositiu de v\u00eddeo per gravar un curt (has d&#8217;utilitzar almenys un trucatge de Georges M\u00e9li\u00e8s) i molta imaginaci\u00f3. El concurs est\u00e0 obert al p\u00fablic en general i t\u00e9 una <strong>categoria especial per a escoles<\/strong>.<\/p>\n","protected":false},"excerpt":{"rendered":"<p>T&#8217;agrada el m\u00f3n del cinema i els audiovisuals? Vols treballar amb els teus alumnes un projecte creatiu i col\u00b7laboratiu? Est\u00e0s [&hellip;]<\/p>\n","protected":false},"author":1,"featured_media":7873,"comment_status":"closed","ping_status":"closed","sticky":false,"template":"","format":"standard","meta":{"_bbp_topic_count":0,"_bbp_reply_count":0,"_bbp_total_topic_count":0,"_bbp_total_reply_count":0,"_bbp_voice_count":0,"_bbp_anonymous_reply_count":0,"_bbp_topic_count_hidden":0,"_bbp_reply_count_hidden":0,"_bbp_forum_subforum_count":0,"site-sidebar-layout":"default","site-content-layout":"","ast-site-content-layout":"","site-content-style":"default","site-sidebar-style":"default","ast-global-header-display":"","ast-banner-title-visibility":"","ast-main-header-display":"","ast-hfb-above-header-display":"","ast-hfb-below-header-display":"","ast-hfb-mobile-header-display":"","site-post-title":"","ast-breadcrumbs-content":"","ast-featured-img":"","footer-sml-layout":"","theme-transparent-header-meta":"","adv-header-id-meta":"","stick-header-meta":"","header-above-stick-meta":"","header-main-stick-meta":"","header-below-stick-meta":"","astra-migrate-meta-layouts":"default","ast-page-background-enabled":"default","ast-page-background-meta":{"desktop":{"background-color":"var(--ast-global-color-4)","background-image":"","background-repeat":"repeat","background-position":"center center","background-size":"auto","background-attachment":"scroll","background-type":"","background-media":"","overlay-type":"","overlay-color":"","overlay-opacity":"","overlay-gradient":""},"tablet":{"background-color":"","background-image":"","background-repeat":"repeat","background-position":"center center","background-size":"auto","background-attachment":"scroll","background-type":"","background-media":"","overlay-type":"","overlay-color":"","overlay-opacity":"","overlay-gradient":""},"mobile":{"background-color":"","background-image":"","background-repeat":"repeat","background-position":"center center","background-size":"auto","background-attachment":"scroll","background-type":"","background-media":"","overlay-type":"","overlay-color":"","overlay-opacity":"","overlay-gradient":""}},"ast-content-background-meta":{"desktop":{"background-color":"var(--ast-global-color-5)","background-image":"","background-repeat":"repeat","background-position":"center center","background-size":"auto","background-attachment":"scroll","background-type":"","background-media":"","overlay-type":"","overlay-color":"","overlay-opacity":"","overlay-gradient":""},"tablet":{"background-color":"var(--ast-global-color-5)","background-image":"","background-repeat":"repeat","background-position":"center center","background-size":"auto","background-attachment":"scroll","background-type":"","background-media":"","overlay-type":"","overlay-color":"","overlay-opacity":"","overlay-gradient":""},"mobile":{"background-color":"var(--ast-global-color-5)","background-image":"","background-repeat":"repeat","background-position":"center center","background-size":"auto","background-attachment":"scroll","background-type":"","background-media":"","overlay-type":"","overlay-color":"","overlay-opacity":"","overlay-gradient":""}},"footnotes":""},"categories":[64,66,29],"tags":[37,175,758],"class_list":["post-7872","post","type-post","status-publish","format-standard","has-post-thumbnail","hentry","category-comunitat","category-dinamitzacio","category-portada","tag-audiovisuals","tag-cinema","tag-melies"],"post_mailing_queue_ids":[],"_links":{"self":[{"href":"https:\/\/serveiseducatius.xtec.cat\/badalona\/wp-json\/wp\/v2\/posts\/7872","targetHints":{"allow":["GET"]}}],"collection":[{"href":"https:\/\/serveiseducatius.xtec.cat\/badalona\/wp-json\/wp\/v2\/posts"}],"about":[{"href":"https:\/\/serveiseducatius.xtec.cat\/badalona\/wp-json\/wp\/v2\/types\/post"}],"author":[{"embeddable":true,"href":"https:\/\/serveiseducatius.xtec.cat\/badalona\/wp-json\/wp\/v2\/users\/1"}],"replies":[{"embeddable":true,"href":"https:\/\/serveiseducatius.xtec.cat\/badalona\/wp-json\/wp\/v2\/comments?post=7872"}],"version-history":[{"count":3,"href":"https:\/\/serveiseducatius.xtec.cat\/badalona\/wp-json\/wp\/v2\/posts\/7872\/revisions"}],"predecessor-version":[{"id":7877,"href":"https:\/\/serveiseducatius.xtec.cat\/badalona\/wp-json\/wp\/v2\/posts\/7872\/revisions\/7877"}],"wp:featuredmedia":[{"embeddable":true,"href":"https:\/\/serveiseducatius.xtec.cat\/badalona\/wp-json\/wp\/v2\/media\/7873"}],"wp:attachment":[{"href":"https:\/\/serveiseducatius.xtec.cat\/badalona\/wp-json\/wp\/v2\/media?parent=7872"}],"wp:term":[{"taxonomy":"category","embeddable":true,"href":"https:\/\/serveiseducatius.xtec.cat\/badalona\/wp-json\/wp\/v2\/categories?post=7872"},{"taxonomy":"post_tag","embeddable":true,"href":"https:\/\/serveiseducatius.xtec.cat\/badalona\/wp-json\/wp\/v2\/tags?post=7872"}],"curies":[{"name":"wp","href":"https:\/\/api.w.org\/{rel}","templated":true}]}}