{"id":7869,"date":"2017-10-11T09:42:02","date_gmt":"2017-10-11T07:42:02","guid":{"rendered":"http:\/\/serveiseducatius.xtec.cat\/badalona\/?p=7869"},"modified":"2017-10-11T12:01:06","modified_gmt":"2017-10-11T10:01:06","slug":"curs-ensenyar-i-aprendre-biociencies-al-segle-xxi-amgen-teach","status":"publish","type":"post","link":"https:\/\/serveiseducatius.xtec.cat\/badalona\/portada\/curs-ensenyar-i-aprendre-biociencies-al-segle-xxi-amgen-teach\/","title":{"rendered":"Curs Ensenyar i aprendre bioci\u00e8ncies al segle XXI (Amgen Teach)"},"content":{"rendered":"<p><img loading=\"lazy\" decoding=\"async\" class=\"size-full wp-image-7870 alignleft\" src=\"http:\/\/serveiseducatius.xtec.cat\/badalona\/wp-content\/uploads\/usu1088\/2017\/10\/logoFundaci\u00f3CatalanaRecerca.jpg\" alt=\"\" width=\"165\" height=\"89\" \/><span style=\"font-family: Arial, Helvetica, sans-serif;\"><span style=\"font-size: small;\"><span lang=\"CA\">La Fundaci\u00f3 Catalana per a la Recerca i la Innovaci\u00f3 (FCRi) presenta el curs <strong>Ensenyar i aprendre bioci\u00e8ncies al segle XXI<\/strong>.\u00a0\u00c9s<\/span><\/span><\/span><span style=\"font-size: small; font-family: Arial, Helvetica, sans-serif;\">\u00a0gratu\u00efta, forma part del projecte Amgen Teach i pret\u00e9n ajudar els professors de secund\u00e0ria en l\u2019actualitzaci\u00f3 de coneixements i metodologies. El curs ofereix <\/span><strong style=\"font-size: small; font-family: Arial, Helvetica, sans-serif;\">formaci\u00f3 de 20 hores,\u00a0 reconeguda pel Departament d\u2019Ensenyament<\/strong><span style=\"font-size: small; font-family: Arial, Helvetica, sans-serif;\"> de la Generalitat de Catalunya i va adre\u00e7at a professors de secund\u00e0ria de Ci\u00e8ncies, Tecnologia i Matem\u00e0tiques de Catalunya.<\/span><\/p>\n<p><!--more--><\/p>\n<p><span style=\"font-family: Arial, Helvetica, sans-serif;\"><span style=\"font-size: small;\"><span lang=\"CA\">El subt\u00edtol del curs \u00e9s<strong> Noves idees i paradigmes cient\u00edfics i noves maneres de portar-les a l\u2019aula<\/strong>. En aquest sentit, el curs presentar\u00e0 una \u00e0mplia varietat d\u2019estrat\u00e8gies i recursos pr\u00e0ctics per a treballar els continguts clau de biologia amb els alumnes. Aix\u00f2 inclou propostes de treball per projectes, exemples d\u2019experiments de qu\u00edmica per realitzar al laboratori o eines did\u00e0ctiques per promoure l\u2019argumentaci\u00f3 i l\u2019\u00fas de les controv\u00e8rsies sociocient\u00edfiques per part dels estudiants, entre d\u2019altres.\u00a0 Alhora, es dur\u00e0 a terme una actualitzaci\u00f3 cient\u00edfica de conceptes clau propis de la recerca biom\u00e8dica, d\u2019inter\u00e8s pels docents de secund\u00e0ria.<\/span><\/span><\/span><\/p>\n<p><span style=\"font-family: Arial, Helvetica, sans-serif;\"><span style=\"font-size: small;\"><span lang=\"CA\">L\u2019equip del formadors del curs est\u00e0 integrat per professorat amb una dilatada experi\u00e8ncia en la pr\u00e0ctica docent innovadora, i investigadors provinents tant del camp de les bioci\u00e8ncies com del camp de l\u2019educaci\u00f3 cient\u00edfica: S\u00edlvia Alcaraz, Mar Carri\u00f3, Josep Coromines, Marcel Costa, Jordi Dom\u00e8nech, Laura Farr\u00f3, S\u00edlvia Lope, V\u00edctor L\u00f3pez i Salvador Macip. La proposta docent del curs ha estat coordinada pel CRECIM (Centre de Recerca per l\u2019Educaci\u00f3 Cient\u00edfica i Matem\u00e0tica).\u00a0 <\/span><\/span><\/span><\/p>\n<p><span style=\"font-family: Arial, Helvetica, sans-serif;\"><span style=\"font-size: small;\"><span lang=\"CA\">Es programaran tres cursos. De moment presentem el primer, que durem a terme del 16 de novembre al 14 de desembre de 2017. Les places s\u00f3n limitades.<\/span><\/span><\/span><\/p>\n<p><span style=\"font-family: Arial, Helvetica, sans-serif;\"><span style=\"font-size: small;\"><span lang=\"CA\">Podeu consultar <strong>el programa<\/strong> i<strong> les dates<\/strong> dels cursos\u00a0 al web de la Fundaci\u00f3 Catalana per a la Recerca i la Innovaci\u00f3 a trav\u00e9s <a href=\"http:\/\/www.fundaciorecerca.cat\/ca\/projecte_detall.asp?id_projecte=2337\" target=\"_blank\" rel=\"noopener noreferrer\" data-saferedirecturl=\"https:\/\/www.google.com\/url?hl=ca&amp;q=http:\/\/www.fundaciorecerca.cat\/ca\/projecte_detall.asp?id_projecte%3D2337&amp;source=gmail&amp;ust=1507787933561000&amp;usg=AFQjCNEZF2VF_ZocrFrDOG5HF0GuJRW13w\">d\u2019aquest enlla\u00e7<\/a>\u00a0 i us podeu inscriure a la p\u00e0gina <a href=\"http:\/\/www.amgenteach.eu\/register\" target=\"_blank\" rel=\"noopener noreferrer\" data-saferedirecturl=\"https:\/\/www.google.com\/url?hl=ca&amp;q=http:\/\/www.amgenteach.eu\/register&amp;source=gmail&amp;ust=1507787933561000&amp;usg=AFQjCNGJ9YbARXopgvWAbFZnrEXJBJFI0w\">http:\/\/www.amgenteach.eu\/regis<wbr \/>ter<\/a>.<\/span><\/span><\/span><\/p>\n<p><span style=\"font-family: Arial, Helvetica, sans-serif;\"><span style=\"font-size: small;\"><span lang=\"CA\">Estem a la vostra disposici\u00f3 per a qualsevol dubte o aclariment a trav\u00e9s del correu electr\u00f2nic <a href=\"mailto:belen.lopez@fundaciorecerca.cat\" target=\"_blank\" rel=\"noopener noreferrer\">belen.lopez@fundaciorecerca.ca<wbr \/>t<\/a> o b\u00e9 al tel\u00e8fon 93 268 77 08.<\/span><\/span><\/span><\/p>\n<p>&nbsp;<\/p>\n","protected":false},"excerpt":{"rendered":"<p>La Fundaci\u00f3 Catalana per a la Recerca i la Innovaci\u00f3 (FCRi) presenta el curs Ensenyar i aprendre bioci\u00e8ncies al segle [&hellip;]<\/p>\n","protected":false},"author":1,"featured_media":7870,"comment_status":"closed","ping_status":"closed","sticky":false,"template":"","format":"standard","meta":{"_bbp_topic_count":0,"_bbp_reply_count":0,"_bbp_total_topic_count":0,"_bbp_total_reply_count":0,"_bbp_voice_count":0,"_bbp_anonymous_reply_count":0,"_bbp_topic_count_hidden":0,"_bbp_reply_count_hidden":0,"_bbp_forum_subforum_count":0,"site-sidebar-layout":"default","site-content-layout":"","ast-site-content-layout":"","site-content-style":"default","site-sidebar-style":"default","ast-global-header-display":"","ast-banner-title-visibility":"","ast-main-header-display":"","ast-hfb-above-header-display":"","ast-hfb-below-header-display":"","ast-hfb-mobile-header-display":"","site-post-title":"","ast-breadcrumbs-content":"","ast-featured-img":"","footer-sml-layout":"","theme-transparent-header-meta":"","adv-header-id-meta":"","stick-header-meta":"","header-above-stick-meta":"","header-main-stick-meta":"","header-below-stick-meta":"","astra-migrate-meta-layouts":"default","ast-page-background-enabled":"default","ast-page-background-meta":{"desktop":{"background-color":"var(--ast-global-color-4)","background-image":"","background-repeat":"repeat","background-position":"center center","background-size":"auto","background-attachment":"scroll","background-type":"","background-media":"","overlay-type":"","overlay-color":"","overlay-opacity":"","overlay-gradient":""},"tablet":{"background-color":"","background-image":"","background-repeat":"repeat","background-position":"center center","background-size":"auto","background-attachment":"scroll","background-type":"","background-media":"","overlay-type":"","overlay-color":"","overlay-opacity":"","overlay-gradient":""},"mobile":{"background-color":"","background-image":"","background-repeat":"repeat","background-position":"center center","background-size":"auto","background-attachment":"scroll","background-type":"","background-media":"","overlay-type":"","overlay-color":"","overlay-opacity":"","overlay-gradient":""}},"ast-content-background-meta":{"desktop":{"background-color":"var(--ast-global-color-5)","background-image":"","background-repeat":"repeat","background-position":"center center","background-size":"auto","background-attachment":"scroll","background-type":"","background-media":"","overlay-type":"","overlay-color":"","overlay-opacity":"","overlay-gradient":""},"tablet":{"background-color":"var(--ast-global-color-5)","background-image":"","background-repeat":"repeat","background-position":"center center","background-size":"auto","background-attachment":"scroll","background-type":"","background-media":"","overlay-type":"","overlay-color":"","overlay-opacity":"","overlay-gradient":""},"mobile":{"background-color":"var(--ast-global-color-5)","background-image":"","background-repeat":"repeat","background-position":"center center","background-size":"auto","background-attachment":"scroll","background-type":"","background-media":"","overlay-type":"","overlay-color":"","overlay-opacity":"","overlay-gradient":""}},"footnotes":""},"categories":[29],"tags":[471,506,166],"class_list":["post-7869","post","type-post","status-publish","format-standard","has-post-thumbnail","hentry","category-portada","tag-educacio-secundaria","tag-ensenyament","tag-formacio"],"post_mailing_queue_ids":[],"_links":{"self":[{"href":"https:\/\/serveiseducatius.xtec.cat\/badalona\/wp-json\/wp\/v2\/posts\/7869","targetHints":{"allow":["GET"]}}],"collection":[{"href":"https:\/\/serveiseducatius.xtec.cat\/badalona\/wp-json\/wp\/v2\/posts"}],"about":[{"href":"https:\/\/serveiseducatius.xtec.cat\/badalona\/wp-json\/wp\/v2\/types\/post"}],"author":[{"embeddable":true,"href":"https:\/\/serveiseducatius.xtec.cat\/badalona\/wp-json\/wp\/v2\/users\/1"}],"replies":[{"embeddable":true,"href":"https:\/\/serveiseducatius.xtec.cat\/badalona\/wp-json\/wp\/v2\/comments?post=7869"}],"version-history":[{"count":2,"href":"https:\/\/serveiseducatius.xtec.cat\/badalona\/wp-json\/wp\/v2\/posts\/7869\/revisions"}],"predecessor-version":[{"id":7878,"href":"https:\/\/serveiseducatius.xtec.cat\/badalona\/wp-json\/wp\/v2\/posts\/7869\/revisions\/7878"}],"wp:featuredmedia":[{"embeddable":true,"href":"https:\/\/serveiseducatius.xtec.cat\/badalona\/wp-json\/wp\/v2\/media\/7870"}],"wp:attachment":[{"href":"https:\/\/serveiseducatius.xtec.cat\/badalona\/wp-json\/wp\/v2\/media?parent=7869"}],"wp:term":[{"taxonomy":"category","embeddable":true,"href":"https:\/\/serveiseducatius.xtec.cat\/badalona\/wp-json\/wp\/v2\/categories?post=7869"},{"taxonomy":"post_tag","embeddable":true,"href":"https:\/\/serveiseducatius.xtec.cat\/badalona\/wp-json\/wp\/v2\/tags?post=7869"}],"curies":[{"name":"wp","href":"https:\/\/api.w.org\/{rel}","templated":true}]}}