{"id":7829,"date":"2017-10-02T17:23:33","date_gmt":"2017-10-02T15:23:33","guid":{"rendered":"http:\/\/serveiseducatius.xtec.cat\/badalona\/?p=7829"},"modified":"2017-10-02T17:24:27","modified_gmt":"2017-10-02T15:24:27","slug":"forum-deducacio-i-cultura-popular","status":"publish","type":"post","link":"https:\/\/serveiseducatius.xtec.cat\/badalona\/portada\/forum-deducacio-i-cultura-popular\/","title":{"rendered":"F\u00f2rum d&#8217;Educaci\u00f3 i Cultura Popular"},"content":{"rendered":"<p><img loading=\"lazy\" decoding=\"async\" class=\"alignnone size-full wp-image-7834\" src=\"http:\/\/serveiseducatius.xtec.cat\/badalona\/wp-content\/uploads\/usu1088\/2017\/10\/logo.jpg\" alt=\"\" width=\"568\" height=\"144\" srcset=\"https:\/\/serveiseducatius.xtec.cat\/badalona\/wp-content\/uploads\/usu1088\/2017\/10\/logo.jpg 568w, https:\/\/serveiseducatius.xtec.cat\/badalona\/wp-content\/uploads\/usu1088\/2017\/10\/logo-300x76.jpg 300w\" sizes=\"auto, (max-width: 568px) 100vw, 568px\" \/><\/p>\n<p>Us fem arribar informaci\u00f3 del <strong>F\u00f2rum d&#8217;educaci\u00f3 i cultura popular<\/strong> amb la intenci\u00f3 de detectar i recollir experi\u00e8ncies i bones pr\u00e0ctiques que puguin ser de refer\u00e8ncia sobre la cultura popular al m\u00f3n educatiu en el marc de la 2a edici\u00f3 de &#8220;Som Cultura Popular. Mostra\u00a0del Patrimoni Cultural Immaterial&#8221; que se celebrar\u00e0 els dies 26 i 27 de gener de 2018 a Barcelona.<\/p>\n<p>Les activitats s&#8217;han de celebrar abans de gener de 2018 i ha de comptar amb la participaci\u00f3 activa de l&#8217;alumnat del centre i es pot contar amb la col\u00b7laboraci\u00f3 de l&#8217;AMPA.<\/p>\n<p>El termini per presentar-se acaba a finals d&#8217;octubre i podeu trobar m\u00e9s informaci\u00f3 en aquest <a href=\"https:\/\/serveiseducatius.xtec.cat\/badalona\/docs\/forum-deducacio-i-cultura-popular\/?bp-attachment=20170906-Forum-educacio-i-cultura-popular-Presentacio-DEF.pdf\" target=\"_blank\" rel=\"noopener noreferrer\">enlla\u00e7<\/a>, i la nota de prensa en aquest <a href=\"https:\/\/serveiseducatius.xtec.cat\/badalona\/docs\/forum-deducacio-i-cultura-popular\/?bp-attachment=20170906-Nota-de-premsa.pdf\" target=\"_blank\" rel=\"noopener noreferrer\">altre enlla\u00e7<\/a>.<\/p>\n<div>Cada centre educatiu interessat presenta al seu CRP una s\u00edntesi de la seva aportaci\u00f3<\/div>\n<div>seguint les instruccions d&#8217;aquest <a href=\"https:\/\/serveiseducatius.xtec.cat\/badalona\/docs\/forum-deducacio-i-cultura-popular\/?bp-attachment=Proc%C3%A9s-participatiu_fitxa.docx\" target=\"_blank\" rel=\"noopener noreferrer\">fitxer<\/a>.<\/div>\n<div>\u00a0<\/div>\n","protected":false},"excerpt":{"rendered":"<p>Us fem arribar informaci\u00f3 del F\u00f2rum d&#8217;educaci\u00f3 i cultura popular amb la intenci\u00f3 de detectar i recollir experi\u00e8ncies i bones [&hellip;]<\/p>\n","protected":false},"author":1,"featured_media":7834,"comment_status":"closed","ping_status":"closed","sticky":false,"template":"","format":"standard","meta":{"_bbp_topic_count":0,"_bbp_reply_count":0,"_bbp_total_topic_count":0,"_bbp_total_reply_count":0,"_bbp_voice_count":0,"_bbp_anonymous_reply_count":0,"_bbp_topic_count_hidden":0,"_bbp_reply_count_hidden":0,"_bbp_forum_subforum_count":0,"site-sidebar-layout":"default","site-content-layout":"","ast-site-content-layout":"","site-content-style":"default","site-sidebar-style":"default","ast-global-header-display":"","ast-banner-title-visibility":"","ast-main-header-display":"","ast-hfb-above-header-display":"","ast-hfb-below-header-display":"","ast-hfb-mobile-header-display":"","site-post-title":"","ast-breadcrumbs-content":"","ast-featured-img":"","footer-sml-layout":"","theme-transparent-header-meta":"","adv-header-id-meta":"","stick-header-meta":"","header-above-stick-meta":"","header-main-stick-meta":"","header-below-stick-meta":"","astra-migrate-meta-layouts":"default","ast-page-background-enabled":"default","ast-page-background-meta":{"desktop":{"background-color":"var(--ast-global-color-4)","background-image":"","background-repeat":"repeat","background-position":"center center","background-size":"auto","background-attachment":"scroll","background-type":"","background-media":"","overlay-type":"","overlay-color":"","overlay-opacity":"","overlay-gradient":""},"tablet":{"background-color":"","background-image":"","background-repeat":"repeat","background-position":"center center","background-size":"auto","background-attachment":"scroll","background-type":"","background-media":"","overlay-type":"","overlay-color":"","overlay-opacity":"","overlay-gradient":""},"mobile":{"background-color":"","background-image":"","background-repeat":"repeat","background-position":"center center","background-size":"auto","background-attachment":"scroll","background-type":"","background-media":"","overlay-type":"","overlay-color":"","overlay-opacity":"","overlay-gradient":""}},"ast-content-background-meta":{"desktop":{"background-color":"var(--ast-global-color-5)","background-image":"","background-repeat":"repeat","background-position":"center center","background-size":"auto","background-attachment":"scroll","background-type":"","background-media":"","overlay-type":"","overlay-color":"","overlay-opacity":"","overlay-gradient":""},"tablet":{"background-color":"var(--ast-global-color-5)","background-image":"","background-repeat":"repeat","background-position":"center center","background-size":"auto","background-attachment":"scroll","background-type":"","background-media":"","overlay-type":"","overlay-color":"","overlay-opacity":"","overlay-gradient":""},"mobile":{"background-color":"var(--ast-global-color-5)","background-image":"","background-repeat":"repeat","background-position":"center center","background-size":"auto","background-attachment":"scroll","background-type":"","background-media":"","overlay-type":"","overlay-color":"","overlay-opacity":"","overlay-gradient":""}},"footnotes":""},"categories":[29],"tags":[686,432],"class_list":["post-7829","post","type-post","status-publish","format-standard","has-post-thumbnail","hentry","category-portada","tag-cultura-popular","tag-educacio"],"post_mailing_queue_ids":[],"_links":{"self":[{"href":"https:\/\/serveiseducatius.xtec.cat\/badalona\/wp-json\/wp\/v2\/posts\/7829","targetHints":{"allow":["GET"]}}],"collection":[{"href":"https:\/\/serveiseducatius.xtec.cat\/badalona\/wp-json\/wp\/v2\/posts"}],"about":[{"href":"https:\/\/serveiseducatius.xtec.cat\/badalona\/wp-json\/wp\/v2\/types\/post"}],"author":[{"embeddable":true,"href":"https:\/\/serveiseducatius.xtec.cat\/badalona\/wp-json\/wp\/v2\/users\/1"}],"replies":[{"embeddable":true,"href":"https:\/\/serveiseducatius.xtec.cat\/badalona\/wp-json\/wp\/v2\/comments?post=7829"}],"version-history":[{"count":1,"href":"https:\/\/serveiseducatius.xtec.cat\/badalona\/wp-json\/wp\/v2\/posts\/7829\/revisions"}],"predecessor-version":[{"id":7836,"href":"https:\/\/serveiseducatius.xtec.cat\/badalona\/wp-json\/wp\/v2\/posts\/7829\/revisions\/7836"}],"wp:featuredmedia":[{"embeddable":true,"href":"https:\/\/serveiseducatius.xtec.cat\/badalona\/wp-json\/wp\/v2\/media\/7834"}],"wp:attachment":[{"href":"https:\/\/serveiseducatius.xtec.cat\/badalona\/wp-json\/wp\/v2\/media?parent=7829"}],"wp:term":[{"taxonomy":"category","embeddable":true,"href":"https:\/\/serveiseducatius.xtec.cat\/badalona\/wp-json\/wp\/v2\/categories?post=7829"},{"taxonomy":"post_tag","embeddable":true,"href":"https:\/\/serveiseducatius.xtec.cat\/badalona\/wp-json\/wp\/v2\/tags?post=7829"}],"curies":[{"name":"wp","href":"https:\/\/api.w.org\/{rel}","templated":true}]}}