{"id":7614,"date":"2017-07-04T09:54:09","date_gmt":"2017-07-04T07:54:09","guid":{"rendered":"http:\/\/serveiseducatius.xtec.cat\/badalona\/?p=7614"},"modified":"2017-07-04T09:55:57","modified_gmt":"2017-07-04T07:55:57","slug":"convocatoria-del-v-premi-escola-agricultura-i-alimentacio-ecologica","status":"publish","type":"post","link":"https:\/\/serveiseducatius.xtec.cat\/badalona\/portada\/convocatoria-del-v-premi-escola-agricultura-i-alimentacio-ecologica\/","title":{"rendered":"Convocat\u00f2ria del V Premi Escola, agricultura i alimentaci\u00f3 ecol\u00f2gica"},"content":{"rendered":"<p><img loading=\"lazy\" decoding=\"async\" class=\"alignnone\" src=\"http:\/\/pae.gencat.cat\/web\/.content\/al_alimentacio\/al01_pae\/09_programa_foment_pae\/imatges\/fitxers-binaris\/PremiEscola_1200x82.jpg_34546788.jpg\" width=\"1200\" height=\"82\" \/><\/p>\n<p>El <strong><a href=\"http:\/\/pae.gencat.cat\/ca\/detall\/Article\/Premi_EAAE\" target=\"_blank\">Premi Escola, Agricultura i Alimentaci\u00f3 Ecol\u00f2gica<\/a>\u00a0<\/strong><span style=\"font-family: verdana, geneva, sans-serif; font-size: 1em;\">s&#8217;adre\u00e7a a tots els centres d\u2019educaci\u00f3 infantil, prim\u00e0ria, secund\u00e0ria, batxillerat, educaci\u00f3 professional, educaci\u00f3 especial i llar d\u2019infants de Catalunya, amb l&#8217;objectiu de recon\u00e8ixer i incentivar els projectes i l\u00ednies de treball que aquests realitzen en la promoci\u00f3 del coneixement de l\u2019agricultura i l\u2019alimentaci\u00f3 ecol\u00f2giques i de les seves implicacions socials i ambientals, tant a nivell dels propis alumnes, com de la comunitat educativa en general.<\/span><\/p>\n<ul>\n<li id=\"FW_bloc_23d94997-c4a4-11e3-8540-000c296817af_3\" class=\"FW_ancora\">Termini de presentaci\u00f3:De<strong>\u00a0<\/strong>\u00a0l\u2019<strong>1 de juny al 15 de juliol del 2017.<\/strong><\/li>\n<\/ul>\n<p>Feu clic <a href=\"http:\/\/pae.gencat.cat\/ca\/detall\/Article\/Premi_EAAE\" target=\"_blank\"><strong>aqu\u00ed<\/strong> <\/a>per a m\u00e9s informaci\u00f3<\/p>\n","protected":false},"excerpt":{"rendered":"<p>Convocat\u00f2ria del V Premi Escola, agricultura i alimentaci\u00f3 ecol\u00f2gica.<br \/>\nAdre\u00e7at a centres d&#8217;infantil prim\u00e0ria, secund\u00e0ria, batxillerat, educaci\u00f3 professional, educaci\u00f3 especial i llar d\u2019infants de Catalunya<br \/>\nTermini de presentaci\u00f3:De  l\u20191 de juny al 15 de juliol del 2017.<\/p>\n","protected":false},"author":1,"featured_media":7615,"comment_status":"open","ping_status":"closed","sticky":false,"template":"","format":"standard","meta":{"_bbp_topic_count":0,"_bbp_reply_count":0,"_bbp_total_topic_count":0,"_bbp_total_reply_count":0,"_bbp_voice_count":0,"_bbp_anonymous_reply_count":0,"_bbp_topic_count_hidden":0,"_bbp_reply_count_hidden":0,"_bbp_forum_subforum_count":0,"site-sidebar-layout":"default","site-content-layout":"","ast-site-content-layout":"","site-content-style":"default","site-sidebar-style":"default","ast-global-header-display":"","ast-banner-title-visibility":"","ast-main-header-display":"","ast-hfb-above-header-display":"","ast-hfb-below-header-display":"","ast-hfb-mobile-header-display":"","site-post-title":"","ast-breadcrumbs-content":"","ast-featured-img":"","footer-sml-layout":"","theme-transparent-header-meta":"","adv-header-id-meta":"","stick-header-meta":"","header-above-stick-meta":"","header-main-stick-meta":"","header-below-stick-meta":"","astra-migrate-meta-layouts":"default","ast-page-background-enabled":"default","ast-page-background-meta":{"desktop":{"background-color":"var(--ast-global-color-4)","background-image":"","background-repeat":"repeat","background-position":"center center","background-size":"auto","background-attachment":"scroll","background-type":"","background-media":"","overlay-type":"","overlay-color":"","overlay-opacity":"","overlay-gradient":""},"tablet":{"background-color":"","background-image":"","background-repeat":"repeat","background-position":"center center","background-size":"auto","background-attachment":"scroll","background-type":"","background-media":"","overlay-type":"","overlay-color":"","overlay-opacity":"","overlay-gradient":""},"mobile":{"background-color":"","background-image":"","background-repeat":"repeat","background-position":"center center","background-size":"auto","background-attachment":"scroll","background-type":"","background-media":"","overlay-type":"","overlay-color":"","overlay-opacity":"","overlay-gradient":""}},"ast-content-background-meta":{"desktop":{"background-color":"var(--ast-global-color-5)","background-image":"","background-repeat":"repeat","background-position":"center center","background-size":"auto","background-attachment":"scroll","background-type":"","background-media":"","overlay-type":"","overlay-color":"","overlay-opacity":"","overlay-gradient":""},"tablet":{"background-color":"var(--ast-global-color-5)","background-image":"","background-repeat":"repeat","background-position":"center center","background-size":"auto","background-attachment":"scroll","background-type":"","background-media":"","overlay-type":"","overlay-color":"","overlay-opacity":"","overlay-gradient":""},"mobile":{"background-color":"var(--ast-global-color-5)","background-image":"","background-repeat":"repeat","background-position":"center center","background-size":"auto","background-attachment":"scroll","background-type":"","background-media":"","overlay-type":"","overlay-color":"","overlay-opacity":"","overlay-gradient":""}},"footnotes":""},"categories":[29],"tags":[],"class_list":["post-7614","post","type-post","status-publish","format-standard","has-post-thumbnail","hentry","category-portada"],"post_mailing_queue_ids":[],"_links":{"self":[{"href":"https:\/\/serveiseducatius.xtec.cat\/badalona\/wp-json\/wp\/v2\/posts\/7614","targetHints":{"allow":["GET"]}}],"collection":[{"href":"https:\/\/serveiseducatius.xtec.cat\/badalona\/wp-json\/wp\/v2\/posts"}],"about":[{"href":"https:\/\/serveiseducatius.xtec.cat\/badalona\/wp-json\/wp\/v2\/types\/post"}],"author":[{"embeddable":true,"href":"https:\/\/serveiseducatius.xtec.cat\/badalona\/wp-json\/wp\/v2\/users\/1"}],"replies":[{"embeddable":true,"href":"https:\/\/serveiseducatius.xtec.cat\/badalona\/wp-json\/wp\/v2\/comments?post=7614"}],"version-history":[{"count":2,"href":"https:\/\/serveiseducatius.xtec.cat\/badalona\/wp-json\/wp\/v2\/posts\/7614\/revisions"}],"predecessor-version":[{"id":7617,"href":"https:\/\/serveiseducatius.xtec.cat\/badalona\/wp-json\/wp\/v2\/posts\/7614\/revisions\/7617"}],"wp:featuredmedia":[{"embeddable":true,"href":"https:\/\/serveiseducatius.xtec.cat\/badalona\/wp-json\/wp\/v2\/media\/7615"}],"wp:attachment":[{"href":"https:\/\/serveiseducatius.xtec.cat\/badalona\/wp-json\/wp\/v2\/media?parent=7614"}],"wp:term":[{"taxonomy":"category","embeddable":true,"href":"https:\/\/serveiseducatius.xtec.cat\/badalona\/wp-json\/wp\/v2\/categories?post=7614"},{"taxonomy":"post_tag","embeddable":true,"href":"https:\/\/serveiseducatius.xtec.cat\/badalona\/wp-json\/wp\/v2\/tags?post=7614"}],"curies":[{"name":"wp","href":"https:\/\/api.w.org\/{rel}","templated":true}]}}