{"id":7205,"date":"2017-04-26T12:22:31","date_gmt":"2017-04-26T10:22:31","guid":{"rendered":"http:\/\/serveiseducatius.xtec.cat\/badalona\/?p=7205"},"modified":"2017-04-26T12:23:21","modified_gmt":"2017-04-26T10:23:21","slug":"xerradacol%c2%b7loqui-sobre-alternativa-als-combustible-fossils-som-energia-a-la-casa-de-la-vila","status":"publish","type":"post","link":"https:\/\/serveiseducatius.xtec.cat\/badalona\/general\/xerradacol%c2%b7loqui-sobre-alternativa-als-combustible-fossils-som-energia-a-la-casa-de-la-vila\/","title":{"rendered":"Xerrada\/col\u00b7loqui sobre &#8220;Alternativa als combustible f\u00f2ssils&#8221; (Som Energia) a la Casa de la Vila"},"content":{"rendered":"<p>El proper <strong>dijous, 27 d&#8217;abril a les 19h<\/strong> (a la <strong>Casa de la Vila de Badalona<\/strong>), el Grup Local de <strong>Som Energia<\/strong> de Badalona, en col\u00b7laboraci\u00f3 amb l&#8217;Ajuntament de Badalona i el CESIRE del Dep. d&#8217;Enseyament, organitza\u00a0una xerrada\/col\u00b7loqui sobre <strong>&#8220;Alternativa als combustible f\u00f2ssils&#8221;<\/strong>.<!--more--><\/p>\n<p>En aquesta xerrada es presentar\u00e0 un Material Did\u00e0ctic molt ben elaborat pel CESIRE, pensat expressament per als professors de Secund\u00e0ria amb l&#8217;objectiu de con\u00e8ixer l&#8217;\u00fas de l&#8217;energia a Catalunya i proposar una estrat\u00e8gia de canvi cap les energies renovables. Aquest material que ja est\u00e0 disponible on-line de forma p\u00fablica, inclou, a m\u00e9s d&#8217;abundant informaci\u00f3 i moltes dades, propostes d&#8217;activitats i r\u00fabriques d&#8217;avaluaci\u00f3.<\/p>\n<p><img loading=\"lazy\" decoding=\"async\" class=\"alignnone size-full wp-image-7206\" src=\"http:\/\/serveiseducatius.xtec.cat\/badalona\/wp-content\/uploads\/usu1088\/2017\/04\/somenergia.jpg\" alt=\"somenergia\" width=\"628\" height=\"889\" srcset=\"https:\/\/serveiseducatius.xtec.cat\/badalona\/wp-content\/uploads\/usu1088\/2017\/04\/somenergia.jpg 628w, https:\/\/serveiseducatius.xtec.cat\/badalona\/wp-content\/uploads\/usu1088\/2017\/04\/somenergia-212x300.jpg 212w\" sizes=\"auto, (max-width: 628px) 100vw, 628px\" \/><\/p>\n","protected":false},"excerpt":{"rendered":"<p>El proper dijous, 27 d&#8217;abril a les 19h (a la Casa de la Vila de Badalona), el Grup Local de [&hellip;]<\/p>\n","protected":false},"author":9,"featured_media":7206,"comment_status":"open","ping_status":"open","sticky":false,"template":"","format":"standard","meta":{"_bbp_topic_count":0,"_bbp_reply_count":0,"_bbp_total_topic_count":0,"_bbp_total_reply_count":0,"_bbp_voice_count":0,"_bbp_anonymous_reply_count":0,"_bbp_topic_count_hidden":0,"_bbp_reply_count_hidden":0,"_bbp_forum_subforum_count":0,"site-sidebar-layout":"default","site-content-layout":"","ast-site-content-layout":"","site-content-style":"default","site-sidebar-style":"default","ast-global-header-display":"","ast-banner-title-visibility":"","ast-main-header-display":"","ast-hfb-above-header-display":"","ast-hfb-below-header-display":"","ast-hfb-mobile-header-display":"","site-post-title":"","ast-breadcrumbs-content":"","ast-featured-img":"","footer-sml-layout":"","theme-transparent-header-meta":"","adv-header-id-meta":"","stick-header-meta":"","header-above-stick-meta":"","header-main-stick-meta":"","header-below-stick-meta":"","astra-migrate-meta-layouts":"default","ast-page-background-enabled":"default","ast-page-background-meta":{"desktop":{"background-color":"var(--ast-global-color-4)","background-image":"","background-repeat":"repeat","background-position":"center center","background-size":"auto","background-attachment":"scroll","background-type":"","background-media":"","overlay-type":"","overlay-color":"","overlay-opacity":"","overlay-gradient":""},"tablet":{"background-color":"","background-image":"","background-repeat":"repeat","background-position":"center center","background-size":"auto","background-attachment":"scroll","background-type":"","background-media":"","overlay-type":"","overlay-color":"","overlay-opacity":"","overlay-gradient":""},"mobile":{"background-color":"","background-image":"","background-repeat":"repeat","background-position":"center center","background-size":"auto","background-attachment":"scroll","background-type":"","background-media":"","overlay-type":"","overlay-color":"","overlay-opacity":"","overlay-gradient":""}},"ast-content-background-meta":{"desktop":{"background-color":"var(--ast-global-color-5)","background-image":"","background-repeat":"repeat","background-position":"center center","background-size":"auto","background-attachment":"scroll","background-type":"","background-media":"","overlay-type":"","overlay-color":"","overlay-opacity":"","overlay-gradient":""},"tablet":{"background-color":"var(--ast-global-color-5)","background-image":"","background-repeat":"repeat","background-position":"center center","background-size":"auto","background-attachment":"scroll","background-type":"","background-media":"","overlay-type":"","overlay-color":"","overlay-opacity":"","overlay-gradient":""},"mobile":{"background-color":"var(--ast-global-color-5)","background-image":"","background-repeat":"repeat","background-position":"center center","background-size":"auto","background-attachment":"scroll","background-type":"","background-media":"","overlay-type":"","overlay-color":"","overlay-opacity":"","overlay-gradient":""}},"footnotes":""},"categories":[66,153,1,29],"tags":[674],"class_list":["post-7205","post","type-post","status-publish","format-standard","has-post-thumbnail","hentry","category-dinamitzacio","category-escoles-verdes","category-general","category-portada","tag-cesire"],"post_mailing_queue_ids":[],"_links":{"self":[{"href":"https:\/\/serveiseducatius.xtec.cat\/badalona\/wp-json\/wp\/v2\/posts\/7205","targetHints":{"allow":["GET"]}}],"collection":[{"href":"https:\/\/serveiseducatius.xtec.cat\/badalona\/wp-json\/wp\/v2\/posts"}],"about":[{"href":"https:\/\/serveiseducatius.xtec.cat\/badalona\/wp-json\/wp\/v2\/types\/post"}],"author":[{"embeddable":true,"href":"https:\/\/serveiseducatius.xtec.cat\/badalona\/wp-json\/wp\/v2\/users\/9"}],"replies":[{"embeddable":true,"href":"https:\/\/serveiseducatius.xtec.cat\/badalona\/wp-json\/wp\/v2\/comments?post=7205"}],"version-history":[{"count":1,"href":"https:\/\/serveiseducatius.xtec.cat\/badalona\/wp-json\/wp\/v2\/posts\/7205\/revisions"}],"predecessor-version":[{"id":7207,"href":"https:\/\/serveiseducatius.xtec.cat\/badalona\/wp-json\/wp\/v2\/posts\/7205\/revisions\/7207"}],"wp:featuredmedia":[{"embeddable":true,"href":"https:\/\/serveiseducatius.xtec.cat\/badalona\/wp-json\/wp\/v2\/media\/7206"}],"wp:attachment":[{"href":"https:\/\/serveiseducatius.xtec.cat\/badalona\/wp-json\/wp\/v2\/media?parent=7205"}],"wp:term":[{"taxonomy":"category","embeddable":true,"href":"https:\/\/serveiseducatius.xtec.cat\/badalona\/wp-json\/wp\/v2\/categories?post=7205"},{"taxonomy":"post_tag","embeddable":true,"href":"https:\/\/serveiseducatius.xtec.cat\/badalona\/wp-json\/wp\/v2\/tags?post=7205"}],"curies":[{"name":"wp","href":"https:\/\/api.w.org\/{rel}","templated":true}]}}