{"id":7161,"date":"2017-04-25T09:18:08","date_gmt":"2017-04-25T07:18:08","guid":{"rendered":"http:\/\/serveiseducatius.xtec.cat\/badalona\/?p=7161"},"modified":"2017-04-25T09:48:00","modified_gmt":"2017-04-25T07:48:00","slug":"les-energies-renovables-lalternativa-al-col-lapse-dels-combustible-fossils","status":"publish","type":"post","link":"https:\/\/serveiseducatius.xtec.cat\/badalona\/portada\/les-energies-renovables-lalternativa-al-col-lapse-dels-combustible-fossils\/","title":{"rendered":"Les energies renovables: l&#8217;alternativa al col.lapse dels combustible f\u00f2ssils"},"content":{"rendered":"<p dir=\"auto\"><strong><img loading=\"lazy\" decoding=\"async\" class=\"size-full wp-image-7168 alignleft\" src=\"http:\/\/serveiseducatius.xtec.cat\/badalona\/wp-content\/uploads\/usu1088\/2017\/04\/unnamed.jpg\" alt=\"unnamed\" width=\"300\" height=\"425\" \/>L&#8217;alternativa al col.lapse dels combustible f\u00f2ssils<br \/><\/strong>(Confer\u00e8ncia i materials did\u00e0ctics)<\/p>\n<p dir=\"auto\">Xerrada organitzada pel <a href=\"https:\/\/somenergiabdn.wordpress.com\/\" target=\"_blank\">Grup Local de Som Energia de Badalona<\/a>, en col\u00b7laboraci\u00f3 amb l&#8217;Ajuntament de Badalona i el <a href=\"http:\/\/srvcnpbs.xtec.cat\/cdec\/\" target=\"_blank\">CESIRE<\/a> del Dep. d&#8217;Enseyament, \u00a0<\/p>\n<p dir=\"auto\">Dijous 27 d&#8217;abril de 2017, a les 19 h.<br \/>Planta baixa de la Casa de la Vila. <br \/>Pl de la Vila, 1<\/p>\n<p dir=\"auto\"><!--more-->En aquesta xerrada es presentar\u00e0 un Material Did\u00e0ctic molt ben elaborat pel CESIRE, pensat expressament per als professors de Secund\u00e0ria amb l&#8217;objectiu de con\u00e8ixer l&#8217;\u00fas de l&#8217;energia a Catalunya i proposar una estrat\u00e8gia de \u00a0canvi cap les energies renovables.\u00a0Aquest material que ja est\u00e0 disponible on-line de forma p\u00fablica, inclou, a m\u00e9s d&#8217;abundant informaci\u00f3 i moltes dades, propostes d&#8217;activitats i r\u00fabriques d&#8217;avaluaci\u00f3.<\/p>\n<p dir=\"auto\">Aquest material que ja est\u00e0 disponible on-line de forma p\u00fablica, inclou, a m\u00e9s d&#8217;abundant informaci\u00f3 i moltes dades, propostes d&#8217;activitats i r\u00fabriques d&#8217;avaluaci\u00f3.<\/p>\n<p>&nbsp;<\/p>\n","protected":false},"excerpt":{"rendered":"<p>L&#8217;alternativa al col.lapse dels combustible f\u00f2ssils(Confer\u00e8ncia i materials did\u00e0ctics) Xerrada organitzada pel Grup Local de Som Energia de Badalona, en [&hellip;]<\/p>\n","protected":false},"author":1,"featured_media":7170,"comment_status":"open","ping_status":"open","sticky":false,"template":"","format":"standard","meta":{"_bbp_topic_count":0,"_bbp_reply_count":0,"_bbp_total_topic_count":0,"_bbp_total_reply_count":0,"_bbp_voice_count":0,"_bbp_anonymous_reply_count":0,"_bbp_topic_count_hidden":0,"_bbp_reply_count_hidden":0,"_bbp_forum_subforum_count":0,"site-sidebar-layout":"default","site-content-layout":"","ast-site-content-layout":"","site-content-style":"default","site-sidebar-style":"default","ast-global-header-display":"","ast-banner-title-visibility":"","ast-main-header-display":"","ast-hfb-above-header-display":"","ast-hfb-below-header-display":"","ast-hfb-mobile-header-display":"","site-post-title":"","ast-breadcrumbs-content":"","ast-featured-img":"","footer-sml-layout":"","theme-transparent-header-meta":"","adv-header-id-meta":"","stick-header-meta":"","header-above-stick-meta":"","header-main-stick-meta":"","header-below-stick-meta":"","astra-migrate-meta-layouts":"default","ast-page-background-enabled":"default","ast-page-background-meta":{"desktop":{"background-color":"var(--ast-global-color-4)","background-image":"","background-repeat":"repeat","background-position":"center center","background-size":"auto","background-attachment":"scroll","background-type":"","background-media":"","overlay-type":"","overlay-color":"","overlay-opacity":"","overlay-gradient":""},"tablet":{"background-color":"","background-image":"","background-repeat":"repeat","background-position":"center center","background-size":"auto","background-attachment":"scroll","background-type":"","background-media":"","overlay-type":"","overlay-color":"","overlay-opacity":"","overlay-gradient":""},"mobile":{"background-color":"","background-image":"","background-repeat":"repeat","background-position":"center center","background-size":"auto","background-attachment":"scroll","background-type":"","background-media":"","overlay-type":"","overlay-color":"","overlay-opacity":"","overlay-gradient":""}},"ast-content-background-meta":{"desktop":{"background-color":"var(--ast-global-color-5)","background-image":"","background-repeat":"repeat","background-position":"center center","background-size":"auto","background-attachment":"scroll","background-type":"","background-media":"","overlay-type":"","overlay-color":"","overlay-opacity":"","overlay-gradient":""},"tablet":{"background-color":"var(--ast-global-color-5)","background-image":"","background-repeat":"repeat","background-position":"center center","background-size":"auto","background-attachment":"scroll","background-type":"","background-media":"","overlay-type":"","overlay-color":"","overlay-opacity":"","overlay-gradient":""},"mobile":{"background-color":"var(--ast-global-color-5)","background-image":"","background-repeat":"repeat","background-position":"center center","background-size":"auto","background-attachment":"scroll","background-type":"","background-media":"","overlay-type":"","overlay-color":"","overlay-opacity":"","overlay-gradient":""}},"footnotes":""},"categories":[29],"tags":[],"class_list":["post-7161","post","type-post","status-publish","format-standard","has-post-thumbnail","hentry","category-portada"],"post_mailing_queue_ids":[],"_links":{"self":[{"href":"https:\/\/serveiseducatius.xtec.cat\/badalona\/wp-json\/wp\/v2\/posts\/7161","targetHints":{"allow":["GET"]}}],"collection":[{"href":"https:\/\/serveiseducatius.xtec.cat\/badalona\/wp-json\/wp\/v2\/posts"}],"about":[{"href":"https:\/\/serveiseducatius.xtec.cat\/badalona\/wp-json\/wp\/v2\/types\/post"}],"author":[{"embeddable":true,"href":"https:\/\/serveiseducatius.xtec.cat\/badalona\/wp-json\/wp\/v2\/users\/1"}],"replies":[{"embeddable":true,"href":"https:\/\/serveiseducatius.xtec.cat\/badalona\/wp-json\/wp\/v2\/comments?post=7161"}],"version-history":[{"count":3,"href":"https:\/\/serveiseducatius.xtec.cat\/badalona\/wp-json\/wp\/v2\/posts\/7161\/revisions"}],"predecessor-version":[{"id":7171,"href":"https:\/\/serveiseducatius.xtec.cat\/badalona\/wp-json\/wp\/v2\/posts\/7161\/revisions\/7171"}],"wp:featuredmedia":[{"embeddable":true,"href":"https:\/\/serveiseducatius.xtec.cat\/badalona\/wp-json\/wp\/v2\/media\/7170"}],"wp:attachment":[{"href":"https:\/\/serveiseducatius.xtec.cat\/badalona\/wp-json\/wp\/v2\/media?parent=7161"}],"wp:term":[{"taxonomy":"category","embeddable":true,"href":"https:\/\/serveiseducatius.xtec.cat\/badalona\/wp-json\/wp\/v2\/categories?post=7161"},{"taxonomy":"post_tag","embeddable":true,"href":"https:\/\/serveiseducatius.xtec.cat\/badalona\/wp-json\/wp\/v2\/tags?post=7161"}],"curies":[{"name":"wp","href":"https:\/\/api.w.org\/{rel}","templated":true}]}}