{"id":7055,"date":"2017-04-03T17:39:16","date_gmt":"2017-04-03T15:39:16","guid":{"rendered":"http:\/\/serveiseducatius.xtec.cat\/badalona\/?p=7055"},"modified":"2017-04-03T17:40:16","modified_gmt":"2017-04-03T15:40:16","slug":"camps-daprenentatge-inscripcions","status":"publish","type":"post","link":"https:\/\/serveiseducatius.xtec.cat\/badalona\/portada\/camps-daprenentatge-inscripcions\/","title":{"rendered":"Camps d\u2019Aprenentatge. Inscripcions"},"content":{"rendered":"<p><img loading=\"lazy\" decoding=\"async\" class=\"wp-image-7056 alignleft\" src=\"http:\/\/serveiseducatius.xtec.cat\/badalona\/wp-content\/uploads\/usu1088\/2017\/04\/betulia.jpg\" alt=\"betulia\" width=\"213\" height=\"249\" srcset=\"https:\/\/serveiseducatius.xtec.cat\/badalona\/wp-content\/uploads\/usu1088\/2017\/04\/betulia.jpg 445w, https:\/\/serveiseducatius.xtec.cat\/badalona\/wp-content\/uploads\/usu1088\/2017\/04\/betulia-257x300.jpg 257w\" sizes=\"auto, (max-width: 213px) 100vw, 213px\" \/>El per\u00edode d\u2019inscripci\u00f3 dels<strong><a href=\"http:\/\/xtec.gencat.cat\/ca\/serveis\/cda\/\"> Camps d\u2019Aprenentatge<\/a><\/strong> per al curs vinent i romandr\u00e0 obert fins el dia <strong>7 de juny.<\/strong><\/p>\n<p><!--more-->Els camps i els entorns d\u2019aprenentatge (CdA\/EdA) s\u00f3n serveis educatius que treballen conjuntament amb els centres educatius per promoure l\u2019aprenentatge de l\u2019alumnat a trav\u00e9s d\u2019oferir activitats did\u00e0ctiques innovadores realitzades en un medi natural o cultural singular de Catalunya i contribuir a l\u2019aprofundiment de la formaci\u00f3 competencial de l\u2019alumne.<\/p>\n<p>Els camps i els entorns d\u2019aprenentatge ofereixen activitats did\u00e0ctiques innovadores que poden ser de m\u00e9s d\u2019un dia o d\u2019un dia. Les activitats de m\u00e9s d\u2019un dia promouen la consolidaci\u00f3 dels aprenentatges dels alumnes. Per tal d\u2019assolir els objectius d\u2019aprenentatge es recomana aquesta tipologia d\u2019estada.<\/p>\n<p>Les activitats d\u2019un dia s\u2019adrecen principalment als centres educatius propers als CdA\/EdA.<\/p>\n<p>Els CdA\/EdA s\u2019adrecen principalment a alumnes d\u2019educaci\u00f3 prim\u00e0ria, de secund\u00e0ria, dels cicles formatius i del batxillerat dels centres educatius de Catalunya. En cas excepcional, condicionat per les activitats col\u2022laboratives concretes i a la disponibilitat del CdA\/ l\u2019EdA, es podran atendre centres educatius p\u00fablics de fora de Catalunya.<\/p>\n<p>Si voleu fer la inscripci\u00f3 o rebre m\u00e9s informaci\u00f3 sobre els Camps d\u2019Aprenentatge (incl\u00f2s les tarifes) podeu accedir a la web de la XTEC:\u00a0<a href=\"http:\/\/xtec.gencat.cat\/ca\/serveis\/cda\/\">http:\/\/xtec.gencat.cat\/ca\/serveis\/cda\/<\/a><\/p>\n","protected":false},"excerpt":{"rendered":"<p>El per\u00edode d\u2019inscripci\u00f3 dels Camps d\u2019Aprenentatge per al curs vinent i romandr\u00e0 obert fins el dia 7 de juny.<\/p>\n","protected":false},"author":1,"featured_media":7056,"comment_status":"open","ping_status":"open","sticky":false,"template":"","format":"standard","meta":{"_bbp_topic_count":0,"_bbp_reply_count":0,"_bbp_total_topic_count":0,"_bbp_total_reply_count":0,"_bbp_voice_count":0,"_bbp_anonymous_reply_count":0,"_bbp_topic_count_hidden":0,"_bbp_reply_count_hidden":0,"_bbp_forum_subforum_count":0,"site-sidebar-layout":"default","site-content-layout":"","ast-site-content-layout":"","site-content-style":"default","site-sidebar-style":"default","ast-global-header-display":"","ast-banner-title-visibility":"","ast-main-header-display":"","ast-hfb-above-header-display":"","ast-hfb-below-header-display":"","ast-hfb-mobile-header-display":"","site-post-title":"","ast-breadcrumbs-content":"","ast-featured-img":"","footer-sml-layout":"","theme-transparent-header-meta":"","adv-header-id-meta":"","stick-header-meta":"","header-above-stick-meta":"","header-main-stick-meta":"","header-below-stick-meta":"","astra-migrate-meta-layouts":"default","ast-page-background-enabled":"default","ast-page-background-meta":{"desktop":{"background-color":"var(--ast-global-color-4)","background-image":"","background-repeat":"repeat","background-position":"center center","background-size":"auto","background-attachment":"scroll","background-type":"","background-media":"","overlay-type":"","overlay-color":"","overlay-opacity":"","overlay-gradient":""},"tablet":{"background-color":"","background-image":"","background-repeat":"repeat","background-position":"center center","background-size":"auto","background-attachment":"scroll","background-type":"","background-media":"","overlay-type":"","overlay-color":"","overlay-opacity":"","overlay-gradient":""},"mobile":{"background-color":"","background-image":"","background-repeat":"repeat","background-position":"center center","background-size":"auto","background-attachment":"scroll","background-type":"","background-media":"","overlay-type":"","overlay-color":"","overlay-opacity":"","overlay-gradient":""}},"ast-content-background-meta":{"desktop":{"background-color":"var(--ast-global-color-5)","background-image":"","background-repeat":"repeat","background-position":"center center","background-size":"auto","background-attachment":"scroll","background-type":"","background-media":"","overlay-type":"","overlay-color":"","overlay-opacity":"","overlay-gradient":""},"tablet":{"background-color":"var(--ast-global-color-5)","background-image":"","background-repeat":"repeat","background-position":"center center","background-size":"auto","background-attachment":"scroll","background-type":"","background-media":"","overlay-type":"","overlay-color":"","overlay-opacity":"","overlay-gradient":""},"mobile":{"background-color":"var(--ast-global-color-5)","background-image":"","background-repeat":"repeat","background-position":"center center","background-size":"auto","background-attachment":"scroll","background-type":"","background-media":"","overlay-type":"","overlay-color":"","overlay-opacity":"","overlay-gradient":""}},"footnotes":""},"categories":[29],"tags":[],"class_list":["post-7055","post","type-post","status-publish","format-standard","has-post-thumbnail","hentry","category-portada"],"post_mailing_queue_ids":[],"_links":{"self":[{"href":"https:\/\/serveiseducatius.xtec.cat\/badalona\/wp-json\/wp\/v2\/posts\/7055","targetHints":{"allow":["GET"]}}],"collection":[{"href":"https:\/\/serveiseducatius.xtec.cat\/badalona\/wp-json\/wp\/v2\/posts"}],"about":[{"href":"https:\/\/serveiseducatius.xtec.cat\/badalona\/wp-json\/wp\/v2\/types\/post"}],"author":[{"embeddable":true,"href":"https:\/\/serveiseducatius.xtec.cat\/badalona\/wp-json\/wp\/v2\/users\/1"}],"replies":[{"embeddable":true,"href":"https:\/\/serveiseducatius.xtec.cat\/badalona\/wp-json\/wp\/v2\/comments?post=7055"}],"version-history":[{"count":2,"href":"https:\/\/serveiseducatius.xtec.cat\/badalona\/wp-json\/wp\/v2\/posts\/7055\/revisions"}],"predecessor-version":[{"id":7058,"href":"https:\/\/serveiseducatius.xtec.cat\/badalona\/wp-json\/wp\/v2\/posts\/7055\/revisions\/7058"}],"wp:featuredmedia":[{"embeddable":true,"href":"https:\/\/serveiseducatius.xtec.cat\/badalona\/wp-json\/wp\/v2\/media\/7056"}],"wp:attachment":[{"href":"https:\/\/serveiseducatius.xtec.cat\/badalona\/wp-json\/wp\/v2\/media?parent=7055"}],"wp:term":[{"taxonomy":"category","embeddable":true,"href":"https:\/\/serveiseducatius.xtec.cat\/badalona\/wp-json\/wp\/v2\/categories?post=7055"},{"taxonomy":"post_tag","embeddable":true,"href":"https:\/\/serveiseducatius.xtec.cat\/badalona\/wp-json\/wp\/v2\/tags?post=7055"}],"curies":[{"name":"wp","href":"https:\/\/api.w.org\/{rel}","templated":true}]}}