{"id":7051,"date":"2017-09-27T10:28:55","date_gmt":"2017-09-27T08:28:55","guid":{"rendered":"http:\/\/serveiseducatius.xtec.cat\/badalona\/?p=7051"},"modified":"2017-09-27T12:12:11","modified_gmt":"2017-09-27T10:12:11","slug":"taller-obert-fem-de-lescola-territori-dacollida-i-dels-llibres-racons-on-habitar","status":"publish","type":"post","link":"https:\/\/serveiseducatius.xtec.cat\/badalona\/portada\/taller-obert-fem-de-lescola-territori-dacollida-i-dels-llibres-racons-on-habitar\/","title":{"rendered":"Taller obert: Fem de l&#8217;escola territori d&#8217;acollida i dels llibres racons on habitar"},"content":{"rendered":"<p><img loading=\"lazy\" decoding=\"async\" class=\"size-full wp-image-7052 aligncenter\" src=\"http:\/\/serveiseducatius.xtec.cat\/badalona\/wp-content\/uploads\/usu1088\/2017\/04\/1470848557205.png\" alt=\"1470848557205\" width=\"950\" height=\"325\" srcset=\"https:\/\/serveiseducatius.xtec.cat\/badalona\/wp-content\/uploads\/usu1088\/2017\/04\/1470848557205.png 950w, https:\/\/serveiseducatius.xtec.cat\/badalona\/wp-content\/uploads\/usu1088\/2017\/04\/1470848557205-300x103.png 300w, https:\/\/serveiseducatius.xtec.cat\/badalona\/wp-content\/uploads\/usu1088\/2017\/04\/1470848557205-768x263.png 768w\" sizes=\"auto, (max-width: 950px) 100vw, 950px\" \/><\/p>\n<p style=\"text-align: left;\"><span style=\"font-size: 14pt;\"><strong>\u00daLTIMES PLACES!!! INSCRIPCI\u00d3 OBERTA<\/strong><\/span><\/p>\n<p style=\"text-align: left;\">En aquest curs es treballaran les eines imprescindibles per entendre i realitzar un <strong>abordatge pedag\u00f2gic del refugi i l&#8217;acolliment internacional<\/strong>, des de <strong>l&#8217;educaci\u00f3 sensible al conflicte<\/strong> i partint dels <strong>llibres i la narraci\u00f3 com una eina fonamental.<\/strong><\/p>\n<p style=\"text-align: center;\"><a href=\"https:\/\/aplicacions.gestioeducativa.gencat.cat\/pls\/soloas\/pk_for_mod_ins.p_for_detall_activitat?p_header=Llista%20d%27activitats^pk_for_mod_ins.p_for_cons_activitats?p_poblacio=08015%26p_any=2017-2018%26p_modalitat=23%26p_totes=s%26p_inici=1%26p_excloure_crp_rec=F&amp;p_codi=2040481204&amp;p_curs=2017-2018&amp;p_excloure_crp_rec=F\" target=\"_blank\" rel=\"noopener noreferrer\">\u00a0<strong>INFORMACI\u00d3 I INSCRIPCIONS<\/strong><\/a><\/p>\n<p style=\"text-align: center;\"><!--more--><\/p>\n<p style=\"text-align: left;\"><strong><a href=\"http:\/\/www.fe.ccoo.es\/noticia:232820--Escuelas_de_derechos_humanos\" target=\"_blank\" rel=\"noopener noreferrer\"><img loading=\"lazy\" decoding=\"async\" class=\"alignleft\" src=\"https:\/\/www.education4refugees.org\/images\/Brochurenut.PNG\" width=\"382\" height=\"211\" \/><\/a><\/strong><\/p>\n<p style=\"text-align: left;\">\u00a0<\/p>\n<p style=\"text-align: left;\">\u00a0<\/p>\n<p style=\"text-align: left;\"><strong><a href=\"http:\/\/www.fe.ccoo.es\/noticia:232820--Escuelas_de_derechos_humanos\" target=\"_blank\" rel=\"noopener noreferrer\">Escuelas de derechos humanos<\/a><\/strong><\/p>\n<p style=\"text-align: left;\"><strong><a href=\"https:\/\/www.education4refugees.org\/\" target=\"_blank\" rel=\"noopener noreferrer\">Teachers for refugee&#8217;s and migrant&#8217;s rights<\/a><\/strong><\/p>\n<p>&nbsp;<\/p>\n","protected":false},"excerpt":{"rendered":"<p>\u00daLTIMES PLACES!!! INSCRIPCI\u00d3 OBERTA<br \/>\nInici 18 d&#8217;octubre<br \/>\n15 hores<br \/>\nAdre\u00e7at a prim\u00e0ria i 1r cicle de secund\u00e0ria<\/p>\n","protected":false},"author":9,"featured_media":7052,"comment_status":"open","ping_status":"closed","sticky":false,"template":"","format":"standard","meta":{"_bbp_topic_count":0,"_bbp_reply_count":0,"_bbp_total_topic_count":0,"_bbp_total_reply_count":0,"_bbp_voice_count":0,"_bbp_anonymous_reply_count":0,"_bbp_topic_count_hidden":0,"_bbp_reply_count_hidden":0,"_bbp_forum_subforum_count":0,"site-sidebar-layout":"default","site-content-layout":"","ast-site-content-layout":"","site-content-style":"default","site-sidebar-style":"default","ast-global-header-display":"","ast-banner-title-visibility":"","ast-main-header-display":"","ast-hfb-above-header-display":"","ast-hfb-below-header-display":"","ast-hfb-mobile-header-display":"","site-post-title":"","ast-breadcrumbs-content":"","ast-featured-img":"","footer-sml-layout":"","theme-transparent-header-meta":"","adv-header-id-meta":"","stick-header-meta":"","header-above-stick-meta":"","header-main-stick-meta":"","header-below-stick-meta":"","astra-migrate-meta-layouts":"default","ast-page-background-enabled":"default","ast-page-background-meta":{"desktop":{"background-color":"var(--ast-global-color-4)","background-image":"","background-repeat":"repeat","background-position":"center center","background-size":"auto","background-attachment":"scroll","background-type":"","background-media":"","overlay-type":"","overlay-color":"","overlay-opacity":"","overlay-gradient":""},"tablet":{"background-color":"","background-image":"","background-repeat":"repeat","background-position":"center center","background-size":"auto","background-attachment":"scroll","background-type":"","background-media":"","overlay-type":"","overlay-color":"","overlay-opacity":"","overlay-gradient":""},"mobile":{"background-color":"","background-image":"","background-repeat":"repeat","background-position":"center center","background-size":"auto","background-attachment":"scroll","background-type":"","background-media":"","overlay-type":"","overlay-color":"","overlay-opacity":"","overlay-gradient":""}},"ast-content-background-meta":{"desktop":{"background-color":"var(--ast-global-color-5)","background-image":"","background-repeat":"repeat","background-position":"center center","background-size":"auto","background-attachment":"scroll","background-type":"","background-media":"","overlay-type":"","overlay-color":"","overlay-opacity":"","overlay-gradient":""},"tablet":{"background-color":"var(--ast-global-color-5)","background-image":"","background-repeat":"repeat","background-position":"center center","background-size":"auto","background-attachment":"scroll","background-type":"","background-media":"","overlay-type":"","overlay-color":"","overlay-opacity":"","overlay-gradient":""},"mobile":{"background-color":"var(--ast-global-color-5)","background-image":"","background-repeat":"repeat","background-position":"center center","background-size":"auto","background-attachment":"scroll","background-type":"","background-media":"","overlay-type":"","overlay-color":"","overlay-opacity":"","overlay-gradient":""}},"footnotes":""},"categories":[65,294,165,81,29,76],"tags":[653,652,414,508],"class_list":["post-7051","post","type-post","status-publish","format-standard","has-post-thumbnail","hentry","category-crp","category-pau","category-formacio","category-biblioteca-escolar","category-portada","category-recursos","tag-educacio-per-la-pau","tag-interculturalitat","tag-lij","tag-refugiats"],"post_mailing_queue_ids":[],"_links":{"self":[{"href":"https:\/\/serveiseducatius.xtec.cat\/badalona\/wp-json\/wp\/v2\/posts\/7051","targetHints":{"allow":["GET"]}}],"collection":[{"href":"https:\/\/serveiseducatius.xtec.cat\/badalona\/wp-json\/wp\/v2\/posts"}],"about":[{"href":"https:\/\/serveiseducatius.xtec.cat\/badalona\/wp-json\/wp\/v2\/types\/post"}],"author":[{"embeddable":true,"href":"https:\/\/serveiseducatius.xtec.cat\/badalona\/wp-json\/wp\/v2\/users\/9"}],"replies":[{"embeddable":true,"href":"https:\/\/serveiseducatius.xtec.cat\/badalona\/wp-json\/wp\/v2\/comments?post=7051"}],"version-history":[{"count":4,"href":"https:\/\/serveiseducatius.xtec.cat\/badalona\/wp-json\/wp\/v2\/posts\/7051\/revisions"}],"predecessor-version":[{"id":7822,"href":"https:\/\/serveiseducatius.xtec.cat\/badalona\/wp-json\/wp\/v2\/posts\/7051\/revisions\/7822"}],"wp:featuredmedia":[{"embeddable":true,"href":"https:\/\/serveiseducatius.xtec.cat\/badalona\/wp-json\/wp\/v2\/media\/7052"}],"wp:attachment":[{"href":"https:\/\/serveiseducatius.xtec.cat\/badalona\/wp-json\/wp\/v2\/media?parent=7051"}],"wp:term":[{"taxonomy":"category","embeddable":true,"href":"https:\/\/serveiseducatius.xtec.cat\/badalona\/wp-json\/wp\/v2\/categories?post=7051"},{"taxonomy":"post_tag","embeddable":true,"href":"https:\/\/serveiseducatius.xtec.cat\/badalona\/wp-json\/wp\/v2\/tags?post=7051"}],"curies":[{"name":"wp","href":"https:\/\/api.w.org\/{rel}","templated":true}]}}