{"id":6952,"date":"2017-03-23T09:41:47","date_gmt":"2017-03-23T08:41:47","guid":{"rendered":"http:\/\/serveiseducatius.xtec.cat\/badalona\/?p=6952"},"modified":"2017-03-29T10:20:49","modified_gmt":"2017-03-29T08:20:49","slug":"efim2017-concurs-de-fotografia-i-patrimoni-adrecat-als-joves","status":"publish","type":"post","link":"https:\/\/serveiseducatius.xtec.cat\/badalona\/portada\/efim2017-concurs-de-fotografia-i-patrimoni-adrecat-als-joves\/","title":{"rendered":"#EFIM2017  Concurs de fotografia i patrimoni adre\u00e7at als joves"},"content":{"rendered":"<h5><a title=\"Experi\u00e8ncia Fotogr\u00e0fica Internacional dels Monuments\" href=\"http:\/\/culturaeducacio.gencat.cat\/efim\/\" target=\"_blank\"><img loading=\"lazy\" decoding=\"async\" class=\"wp-image-6955 alignleft\" src=\"http:\/\/serveiseducatius.xtec.cat\/badalona\/wp-content\/uploads\/usu1088\/2017\/03\/14719091_633074480212596_8329620373695889408_a.jpg\" alt=\"14719091_633074480212596_8329620373695889408_a\" width=\"201\" height=\"201\" \/><\/a><a title=\"Experi\u00e8ncia Fotogr\u00e0fica Internacional dels Monuments\" href=\"http:\/\/culturaeducacio.gencat.cat\/efim\/\" target=\"_blank\">Experi\u00e8ncia Fotogr\u00e0fica Internacional dels Monuments<\/a><\/h5>\n<p><strong>Concurs de fotografia<\/strong> <strong>i patrimoni<\/strong> a trav\u00e9s <strong>d&#8217;Instagram<\/strong>, amb l&#8217;objectiu d&#8217;apropar els alumnes al patrimoni monumental.<\/p>\n<p><a href=\"http:\/\/culturaeducacio.gencat.cat\/efim\/participar.php\" target=\"_blank\">Inscripci\u00f3<\/a><strong> fins al 31 de maig de 2017<\/strong><!--more--><\/p>\n<p>L&#8217;<a href=\"http:\/\/culturaeducacio.gencat.cat\/efim\/\" target=\"_blank\">EFIM<\/a> proposa que els <strong>alumnes de secund\u00e0ria<\/strong>, de fins a 20 anys, tinguin l&#8217;ocasi\u00f3 de mirar des de la seva experi\u00e8ncia el patrimoni i que construeixin el seu propi relat amb un llenguatge creatiu.<\/p>\n<div class=\"bloc-mobil\">\n<div class=\"descripcio\">\n<p><a href=\"http:\/\/culturaeducacio.gencat.cat\/efim\/bases.php\" target=\"_blank\">BASES<\/a><\/p>\n<p>&nbsp;<\/p>\n<\/div>\n<\/div>\n","protected":false},"excerpt":{"rendered":"<p>Experi\u00e8ncia Fotogr\u00e0fica Internacional dels Monuments Concurs de fotografia i patrimoni a trav\u00e9s d&#8217;Instagram, amb l&#8217;objectiu d&#8217;apropar els alumnes al patrimoni [&hellip;]<\/p>\n","protected":false},"author":1,"featured_media":6955,"comment_status":"open","ping_status":"open","sticky":false,"template":"","format":"standard","meta":{"_bbp_topic_count":0,"_bbp_reply_count":0,"_bbp_total_topic_count":0,"_bbp_total_reply_count":0,"_bbp_voice_count":0,"_bbp_anonymous_reply_count":0,"_bbp_topic_count_hidden":0,"_bbp_reply_count_hidden":0,"_bbp_forum_subforum_count":0,"site-sidebar-layout":"default","site-content-layout":"","ast-site-content-layout":"","site-content-style":"default","site-sidebar-style":"default","ast-global-header-display":"","ast-banner-title-visibility":"","ast-main-header-display":"","ast-hfb-above-header-display":"","ast-hfb-below-header-display":"","ast-hfb-mobile-header-display":"","site-post-title":"","ast-breadcrumbs-content":"","ast-featured-img":"","footer-sml-layout":"","theme-transparent-header-meta":"","adv-header-id-meta":"","stick-header-meta":"","header-above-stick-meta":"","header-main-stick-meta":"","header-below-stick-meta":"","astra-migrate-meta-layouts":"default","ast-page-background-enabled":"default","ast-page-background-meta":{"desktop":{"background-color":"var(--ast-global-color-4)","background-image":"","background-repeat":"repeat","background-position":"center center","background-size":"auto","background-attachment":"scroll","background-type":"","background-media":"","overlay-type":"","overlay-color":"","overlay-opacity":"","overlay-gradient":""},"tablet":{"background-color":"","background-image":"","background-repeat":"repeat","background-position":"center center","background-size":"auto","background-attachment":"scroll","background-type":"","background-media":"","overlay-type":"","overlay-color":"","overlay-opacity":"","overlay-gradient":""},"mobile":{"background-color":"","background-image":"","background-repeat":"repeat","background-position":"center center","background-size":"auto","background-attachment":"scroll","background-type":"","background-media":"","overlay-type":"","overlay-color":"","overlay-opacity":"","overlay-gradient":""}},"ast-content-background-meta":{"desktop":{"background-color":"var(--ast-global-color-5)","background-image":"","background-repeat":"repeat","background-position":"center center","background-size":"auto","background-attachment":"scroll","background-type":"","background-media":"","overlay-type":"","overlay-color":"","overlay-opacity":"","overlay-gradient":""},"tablet":{"background-color":"var(--ast-global-color-5)","background-image":"","background-repeat":"repeat","background-position":"center center","background-size":"auto","background-attachment":"scroll","background-type":"","background-media":"","overlay-type":"","overlay-color":"","overlay-opacity":"","overlay-gradient":""},"mobile":{"background-color":"var(--ast-global-color-5)","background-image":"","background-repeat":"repeat","background-position":"center center","background-size":"auto","background-attachment":"scroll","background-type":"","background-media":"","overlay-type":"","overlay-color":"","overlay-opacity":"","overlay-gradient":""}},"footnotes":""},"categories":[29],"tags":[],"class_list":["post-6952","post","type-post","status-publish","format-standard","has-post-thumbnail","hentry","category-portada"],"post_mailing_queue_ids":[],"_links":{"self":[{"href":"https:\/\/serveiseducatius.xtec.cat\/badalona\/wp-json\/wp\/v2\/posts\/6952","targetHints":{"allow":["GET"]}}],"collection":[{"href":"https:\/\/serveiseducatius.xtec.cat\/badalona\/wp-json\/wp\/v2\/posts"}],"about":[{"href":"https:\/\/serveiseducatius.xtec.cat\/badalona\/wp-json\/wp\/v2\/types\/post"}],"author":[{"embeddable":true,"href":"https:\/\/serveiseducatius.xtec.cat\/badalona\/wp-json\/wp\/v2\/users\/1"}],"replies":[{"embeddable":true,"href":"https:\/\/serveiseducatius.xtec.cat\/badalona\/wp-json\/wp\/v2\/comments?post=6952"}],"version-history":[{"count":3,"href":"https:\/\/serveiseducatius.xtec.cat\/badalona\/wp-json\/wp\/v2\/posts\/6952\/revisions"}],"predecessor-version":[{"id":6993,"href":"https:\/\/serveiseducatius.xtec.cat\/badalona\/wp-json\/wp\/v2\/posts\/6952\/revisions\/6993"}],"wp:featuredmedia":[{"embeddable":true,"href":"https:\/\/serveiseducatius.xtec.cat\/badalona\/wp-json\/wp\/v2\/media\/6955"}],"wp:attachment":[{"href":"https:\/\/serveiseducatius.xtec.cat\/badalona\/wp-json\/wp\/v2\/media?parent=6952"}],"wp:term":[{"taxonomy":"category","embeddable":true,"href":"https:\/\/serveiseducatius.xtec.cat\/badalona\/wp-json\/wp\/v2\/categories?post=6952"},{"taxonomy":"post_tag","embeddable":true,"href":"https:\/\/serveiseducatius.xtec.cat\/badalona\/wp-json\/wp\/v2\/tags?post=6952"}],"curies":[{"name":"wp","href":"https:\/\/api.w.org\/{rel}","templated":true}]}}