{"id":6912,"date":"2017-03-20T08:39:32","date_gmt":"2017-03-20T07:39:32","guid":{"rendered":"http:\/\/serveiseducatius.xtec.cat\/badalona\/?p=6912"},"modified":"2017-03-20T08:40:42","modified_gmt":"2017-03-20T07:40:42","slug":"iteworldedu9-taula-rodona-avaluar-per-aprendre-estrategies-i-noves-metodologies","status":"publish","type":"post","link":"https:\/\/serveiseducatius.xtec.cat\/badalona\/portada\/iteworldedu9-taula-rodona-avaluar-per-aprendre-estrategies-i-noves-metodologies\/","title":{"rendered":"IteworldEdu9 &#8211; Taula rodona \u201cAvaluar per aprendre: estrat\u00e8gies i noves metodologies\u201c"},"content":{"rendered":"<p><img loading=\"lazy\" decoding=\"async\" class=\"alignnone size-full wp-image-6913\" src=\"http:\/\/serveiseducatius.xtec.cat\/badalona\/wp-content\/uploads\/usu1088\/2017\/03\/taula-rodona.jpg\" alt=\"taula-rodona\" width=\"426\" height=\"127\" srcset=\"https:\/\/serveiseducatius.xtec.cat\/badalona\/wp-content\/uploads\/usu1088\/2017\/03\/taula-rodona.jpg 426w, https:\/\/serveiseducatius.xtec.cat\/badalona\/wp-content\/uploads\/usu1088\/2017\/03\/taula-rodona-300x89.jpg 300w\" sizes=\"auto, (max-width: 426px) 100vw, 426px\" \/><\/p>\n<p>El pr\u00f2xim dimarts 21 de mar\u00e7, l&#8217;Ester Ort\u00edz de l&#8217;escola Jungfrau de Badalona i\u00a0Francesc Gomila de l&#8217;Escola Garb\u00ed Pere Verg\u00e9s de Badalona participaran en la taula rodona\u00a0<strong><a id=\"m_-2659041843819906070m_-7554208372972401813gmail-yui_3_17_2_1_1489743112744_344\" href=\"https:\/\/itworldedu.cat\/taula-rodona-avaluar-aprendre-estrategies-noves-metodologies\/\" target=\"_blank\" data-saferedirecturl=\"https:\/\/www.google.com\/url?hl=ca&amp;q=https:\/\/itworldedu.cat\/taula-rodona-avaluar-aprendre-estrategies-noves-metodologies\/&amp;source=gmail&amp;ust=1490080538025000&amp;usg=AFQjCNHX6bQCHJc68DNXk5nIc7vjWKLw3A\">&#8220;Avaluar per aprendre: estrat\u00e8gies i noves metodologies&#8221;<\/a><\/strong>\u00a0a l&#8217;edici\u00f3 del ITworlEdu9.<br \/><!--more--><\/p>\n<p>En aquesta taula rodona es vol destacar quin \u00e9s el paper de l\u2019avaluaci\u00f3 en el nou marc competencial, qu\u00e8 s\u2019esta fent de nou, quines s\u00f3n les pr\u00e0ctiques i pol\u00edtiques de centre que s\u2019estan portant a terme i quines s\u00f3n les experi\u00e8ncies d\u2019aula m\u00e9s reeixides.<\/p>\n","protected":false},"excerpt":{"rendered":"<p>El pr\u00f2xim dimarts 21 de mar\u00e7, l&#8217;Ester Ort\u00edz de l&#8217;escola Jungfrau de Badalona i\u00a0Francesc Gomila de l&#8217;Escola Garb\u00ed Pere Verg\u00e9s [&hellip;]<\/p>\n","protected":false},"author":1,"featured_media":6913,"comment_status":"open","ping_status":"open","sticky":false,"template":"","format":"standard","meta":{"_bbp_topic_count":0,"_bbp_reply_count":0,"_bbp_total_topic_count":0,"_bbp_total_reply_count":0,"_bbp_voice_count":0,"_bbp_anonymous_reply_count":0,"_bbp_topic_count_hidden":0,"_bbp_reply_count_hidden":0,"_bbp_forum_subforum_count":0,"site-sidebar-layout":"default","site-content-layout":"","ast-site-content-layout":"","site-content-style":"default","site-sidebar-style":"default","ast-global-header-display":"","ast-banner-title-visibility":"","ast-main-header-display":"","ast-hfb-above-header-display":"","ast-hfb-below-header-display":"","ast-hfb-mobile-header-display":"","site-post-title":"","ast-breadcrumbs-content":"","ast-featured-img":"","footer-sml-layout":"","theme-transparent-header-meta":"","adv-header-id-meta":"","stick-header-meta":"","header-above-stick-meta":"","header-main-stick-meta":"","header-below-stick-meta":"","astra-migrate-meta-layouts":"default","ast-page-background-enabled":"default","ast-page-background-meta":{"desktop":{"background-color":"var(--ast-global-color-4)","background-image":"","background-repeat":"repeat","background-position":"center center","background-size":"auto","background-attachment":"scroll","background-type":"","background-media":"","overlay-type":"","overlay-color":"","overlay-opacity":"","overlay-gradient":""},"tablet":{"background-color":"","background-image":"","background-repeat":"repeat","background-position":"center center","background-size":"auto","background-attachment":"scroll","background-type":"","background-media":"","overlay-type":"","overlay-color":"","overlay-opacity":"","overlay-gradient":""},"mobile":{"background-color":"","background-image":"","background-repeat":"repeat","background-position":"center center","background-size":"auto","background-attachment":"scroll","background-type":"","background-media":"","overlay-type":"","overlay-color":"","overlay-opacity":"","overlay-gradient":""}},"ast-content-background-meta":{"desktop":{"background-color":"var(--ast-global-color-5)","background-image":"","background-repeat":"repeat","background-position":"center center","background-size":"auto","background-attachment":"scroll","background-type":"","background-media":"","overlay-type":"","overlay-color":"","overlay-opacity":"","overlay-gradient":""},"tablet":{"background-color":"var(--ast-global-color-5)","background-image":"","background-repeat":"repeat","background-position":"center center","background-size":"auto","background-attachment":"scroll","background-type":"","background-media":"","overlay-type":"","overlay-color":"","overlay-opacity":"","overlay-gradient":""},"mobile":{"background-color":"var(--ast-global-color-5)","background-image":"","background-repeat":"repeat","background-position":"center center","background-size":"auto","background-attachment":"scroll","background-type":"","background-media":"","overlay-type":"","overlay-color":"","overlay-opacity":"","overlay-gradient":""}},"footnotes":""},"categories":[29],"tags":[],"class_list":["post-6912","post","type-post","status-publish","format-standard","has-post-thumbnail","hentry","category-portada"],"post_mailing_queue_ids":[],"_links":{"self":[{"href":"https:\/\/serveiseducatius.xtec.cat\/badalona\/wp-json\/wp\/v2\/posts\/6912","targetHints":{"allow":["GET"]}}],"collection":[{"href":"https:\/\/serveiseducatius.xtec.cat\/badalona\/wp-json\/wp\/v2\/posts"}],"about":[{"href":"https:\/\/serveiseducatius.xtec.cat\/badalona\/wp-json\/wp\/v2\/types\/post"}],"author":[{"embeddable":true,"href":"https:\/\/serveiseducatius.xtec.cat\/badalona\/wp-json\/wp\/v2\/users\/1"}],"replies":[{"embeddable":true,"href":"https:\/\/serveiseducatius.xtec.cat\/badalona\/wp-json\/wp\/v2\/comments?post=6912"}],"version-history":[{"count":3,"href":"https:\/\/serveiseducatius.xtec.cat\/badalona\/wp-json\/wp\/v2\/posts\/6912\/revisions"}],"predecessor-version":[{"id":6916,"href":"https:\/\/serveiseducatius.xtec.cat\/badalona\/wp-json\/wp\/v2\/posts\/6912\/revisions\/6916"}],"wp:featuredmedia":[{"embeddable":true,"href":"https:\/\/serveiseducatius.xtec.cat\/badalona\/wp-json\/wp\/v2\/media\/6913"}],"wp:attachment":[{"href":"https:\/\/serveiseducatius.xtec.cat\/badalona\/wp-json\/wp\/v2\/media?parent=6912"}],"wp:term":[{"taxonomy":"category","embeddable":true,"href":"https:\/\/serveiseducatius.xtec.cat\/badalona\/wp-json\/wp\/v2\/categories?post=6912"},{"taxonomy":"post_tag","embeddable":true,"href":"https:\/\/serveiseducatius.xtec.cat\/badalona\/wp-json\/wp\/v2\/tags?post=6912"}],"curies":[{"name":"wp","href":"https:\/\/api.w.org\/{rel}","templated":true}]}}