{"id":6867,"date":"2017-03-15T12:31:42","date_gmt":"2017-03-15T11:31:42","guid":{"rendered":"http:\/\/serveiseducatius.xtec.cat\/badalona\/?p=6867"},"modified":"2017-03-15T12:31:42","modified_gmt":"2017-03-15T11:31:42","slug":"el-curriculum-de-la-geografia-a-secundaria-i-batxillerat-i-quina-es-la-geografia-que-ens-agradaria","status":"publish","type":"post","link":"https:\/\/serveiseducatius.xtec.cat\/badalona\/portada\/el-curriculum-de-la-geografia-a-secundaria-i-batxillerat-i-quina-es-la-geografia-que-ens-agradaria\/","title":{"rendered":"El curr\u00edculum de la Geografia a secund\u00e0ria i batxillerat i Quina \u00e9s la geografia que ens agradaria"},"content":{"rendered":"<p><img loading=\"lazy\" decoding=\"async\" class=\"alignnone\" src=\"http:\/\/ice.uab.cat\/geografia2017\/_img\/background\/capcalera.png\" width=\"483\" height=\"127\" \/><\/p>\n<p>Encara sou a temps de fer la<a href=\"http:\/\/ice.uab.cat\/geografia2017\/alta.php\" target=\"_blank\"> <strong>inscripci\u00f3 gratu\u00efta<\/strong><\/a> per les dues sessions incloses dintre de les jornades de <strong>Geografia m\u00e9s enll\u00e0 de les PAU<em>. <a href=\"http:\/\/ice.uab.cat\/geografia2017\/index.php\" target=\"_blank\">Repensem el curr\u00edculum. La geografia que ensenyem \u00e9s l\u2019adequada per l\u2019alumnat del segle<\/a><\/em><\/strong><em><a href=\"http:\/\/ice.uab.cat\/geografia2017\/index.php\" target=\"_blank\"> XXI<\/a><\/em><!--more--><\/p>\n<p><strong>\u00a0 <a href=\"http:\/\/ice.uab.cat\/geografia2017\/index.php\" target=\"_blank\">Programa<\/a><\/strong><\/p>\n<p style=\"padding-left: 30px;\"><strong><em>30 de mar\u00e7<\/em>\u00a0<\/strong><strong>El curr\u00edculum de la Geografia a secund\u00e0ria i batxillerat<\/strong><strong>, a les 16 hores.<\/strong><\/p>\n<p style=\"padding-left: 30px;\">\u00a0<em>Amb Albert P\u00e8lachs, Montserrat Oller, Neus Gonz\u00e1lez, Josep Pint\u00f3 i Consolaci\u00f3 Genovart.<\/em><\/p>\n<p><strong>\u00a0\u00a0\u00a0\u00a0\u00a0\u00a0\u00a0\u00a0\u00a0\u00a0 6 d&#8217;abril \u00a0<\/strong><strong>Quina \u00e9s la geografia que ens agradaria fer?<\/strong><strong>, a les 16 hores.<br \/><\/strong><strong>\u00a0 \u00a0 \u00a0 \u00a0 \u00a0 \u00a0 \u00a0 \u00a0 \u00a0 \u00a0 \u00a0 \u00a0 \u00a0 <em>\u00a0<\/em><\/strong><em>Amb Anna Ortiz, Roser Batllori, Jes\u00fas Granados, \u00c0ngel Cebollada, Eliana Gonz\u00e1lez,<\/em><em>i Ricard de los Aires.<\/em><\/p>\n<p>&nbsp;<\/p>\n","protected":false},"excerpt":{"rendered":"<p>Encara sou a temps de fer la inscripci\u00f3 gratu\u00efta per les dues sessions incloses dintre de les jornades de Geografia [&hellip;]<\/p>\n","protected":false},"author":1,"featured_media":6868,"comment_status":"open","ping_status":"open","sticky":false,"template":"","format":"standard","meta":{"_bbp_topic_count":0,"_bbp_reply_count":0,"_bbp_total_topic_count":0,"_bbp_total_reply_count":0,"_bbp_voice_count":0,"_bbp_anonymous_reply_count":0,"_bbp_topic_count_hidden":0,"_bbp_reply_count_hidden":0,"_bbp_forum_subforum_count":0,"site-sidebar-layout":"default","site-content-layout":"","ast-site-content-layout":"","site-content-style":"default","site-sidebar-style":"default","ast-global-header-display":"","ast-banner-title-visibility":"","ast-main-header-display":"","ast-hfb-above-header-display":"","ast-hfb-below-header-display":"","ast-hfb-mobile-header-display":"","site-post-title":"","ast-breadcrumbs-content":"","ast-featured-img":"","footer-sml-layout":"","theme-transparent-header-meta":"","adv-header-id-meta":"","stick-header-meta":"","header-above-stick-meta":"","header-main-stick-meta":"","header-below-stick-meta":"","astra-migrate-meta-layouts":"default","ast-page-background-enabled":"default","ast-page-background-meta":{"desktop":{"background-color":"var(--ast-global-color-4)","background-image":"","background-repeat":"repeat","background-position":"center center","background-size":"auto","background-attachment":"scroll","background-type":"","background-media":"","overlay-type":"","overlay-color":"","overlay-opacity":"","overlay-gradient":""},"tablet":{"background-color":"","background-image":"","background-repeat":"repeat","background-position":"center center","background-size":"auto","background-attachment":"scroll","background-type":"","background-media":"","overlay-type":"","overlay-color":"","overlay-opacity":"","overlay-gradient":""},"mobile":{"background-color":"","background-image":"","background-repeat":"repeat","background-position":"center center","background-size":"auto","background-attachment":"scroll","background-type":"","background-media":"","overlay-type":"","overlay-color":"","overlay-opacity":"","overlay-gradient":""}},"ast-content-background-meta":{"desktop":{"background-color":"var(--ast-global-color-5)","background-image":"","background-repeat":"repeat","background-position":"center center","background-size":"auto","background-attachment":"scroll","background-type":"","background-media":"","overlay-type":"","overlay-color":"","overlay-opacity":"","overlay-gradient":""},"tablet":{"background-color":"var(--ast-global-color-5)","background-image":"","background-repeat":"repeat","background-position":"center center","background-size":"auto","background-attachment":"scroll","background-type":"","background-media":"","overlay-type":"","overlay-color":"","overlay-opacity":"","overlay-gradient":""},"mobile":{"background-color":"var(--ast-global-color-5)","background-image":"","background-repeat":"repeat","background-position":"center center","background-size":"auto","background-attachment":"scroll","background-type":"","background-media":"","overlay-type":"","overlay-color":"","overlay-opacity":"","overlay-gradient":""}},"footnotes":""},"categories":[29],"tags":[],"class_list":["post-6867","post","type-post","status-publish","format-standard","has-post-thumbnail","hentry","category-portada"],"post_mailing_queue_ids":[],"_links":{"self":[{"href":"https:\/\/serveiseducatius.xtec.cat\/badalona\/wp-json\/wp\/v2\/posts\/6867","targetHints":{"allow":["GET"]}}],"collection":[{"href":"https:\/\/serveiseducatius.xtec.cat\/badalona\/wp-json\/wp\/v2\/posts"}],"about":[{"href":"https:\/\/serveiseducatius.xtec.cat\/badalona\/wp-json\/wp\/v2\/types\/post"}],"author":[{"embeddable":true,"href":"https:\/\/serveiseducatius.xtec.cat\/badalona\/wp-json\/wp\/v2\/users\/1"}],"replies":[{"embeddable":true,"href":"https:\/\/serveiseducatius.xtec.cat\/badalona\/wp-json\/wp\/v2\/comments?post=6867"}],"version-history":[{"count":1,"href":"https:\/\/serveiseducatius.xtec.cat\/badalona\/wp-json\/wp\/v2\/posts\/6867\/revisions"}],"predecessor-version":[{"id":6869,"href":"https:\/\/serveiseducatius.xtec.cat\/badalona\/wp-json\/wp\/v2\/posts\/6867\/revisions\/6869"}],"wp:featuredmedia":[{"embeddable":true,"href":"https:\/\/serveiseducatius.xtec.cat\/badalona\/wp-json\/wp\/v2\/media\/6868"}],"wp:attachment":[{"href":"https:\/\/serveiseducatius.xtec.cat\/badalona\/wp-json\/wp\/v2\/media?parent=6867"}],"wp:term":[{"taxonomy":"category","embeddable":true,"href":"https:\/\/serveiseducatius.xtec.cat\/badalona\/wp-json\/wp\/v2\/categories?post=6867"},{"taxonomy":"post_tag","embeddable":true,"href":"https:\/\/serveiseducatius.xtec.cat\/badalona\/wp-json\/wp\/v2\/tags?post=6867"}],"curies":[{"name":"wp","href":"https:\/\/api.w.org\/{rel}","templated":true}]}}