{"id":6507,"date":"2017-02-10T15:45:36","date_gmt":"2017-02-10T14:45:36","guid":{"rendered":"http:\/\/serveiseducatius.xtec.cat\/badalona\/?p=6507"},"modified":"2017-02-10T15:45:36","modified_gmt":"2017-02-10T14:45:36","slug":"full-informatiu-se-badalona-del-06-al-10-de-febrer-de-2017","status":"publish","type":"post","link":"https:\/\/serveiseducatius.xtec.cat\/badalona\/full-informatiu\/full-informatiu-se-badalona-del-06-al-10-de-febrer-de-2017\/","title":{"rendered":"Full informatiu SE Badalona del 06 al 10 de febrer de 2017"},"content":{"rendered":"<header class=\"entry-header\">\n<div class=\"edit-link\">\n<h2 class=\"entry-title\"><img loading=\"lazy\" decoding=\"async\" class=\"alignnone size-full wp-image-6510\" src=\"http:\/\/serveiseducatius.xtec.cat\/badalona\/wp-content\/uploads\/usu1088\/2017\/02\/fullinformatiu6al10febrer.png\" alt=\"fullinformatiu6al10febrer\" width=\"664\" height=\"200\" srcset=\"https:\/\/serveiseducatius.xtec.cat\/badalona\/wp-content\/uploads\/usu1088\/2017\/02\/fullinformatiu6al10febrer.png 664w, https:\/\/serveiseducatius.xtec.cat\/badalona\/wp-content\/uploads\/usu1088\/2017\/02\/fullinformatiu6al10febrer-300x90.png 300w\" sizes=\"auto, (max-width: 664px) 100vw, 664px\" \/><\/h2>\n<h2 class=\"entry-title\"><a title=\"Activitats Escola del Mar. Passejant entre ping\u00fcins.\" href=\"http:\/\/serveiseducatius.xtec.cat\/badalona\/portada\/activitats-escola-del-mar\/\" rel=\"bookmark\">Activitats Escola del Mar. Passejant entre ping\u00fcins.<\/a><\/h2>\n<\/div>\n<div class=\"entry-original-featured-image\"><img loading=\"lazy\" decoding=\"async\" class=\"alignleft\" src=\"http:\/\/serveiseducatius.xtec.cat\/badalona\/wp-content\/uploads\/usu1088\/2017\/02\/escola-del-mar-e1486728242101.jpg\" width=\"295\" height=\"144\" \/><\/div>\n<\/header>\n<div class=\"entry-summary\">\n<p>Exposici\u00f3 \u2018Passejant entre ping\u00fcins\u201d del fot\u00f2graf Daniel Tauste<br \/>Aquest diumenge, 12 de febrer, a les 12 hores, a l\u2019<a href=\"http:\/\/badalona.cat\/portalWeb\/badalona.portal?_nfpb=true&amp;_pageLabel=contingut_estatic&amp;dDocName=AJB000551#wlp\" target=\"_blank\">Escola del Mar<\/a>, Centre d\u2019Estudis Marins de Badalona, s\u2019inaugurar\u00e0 l\u2019exposici\u00f3 \u201c<a href=\"http:\/\/badalona.cat\/portalWeb\/badalona.portal;jsessionid=yhVqYZwX1hCDT7V11x1T0TRSBpG3jMvrRGZNxG1jhDSVQvXPF9M6!-188250816?_nfpb=true&amp;_pageLabel=detall_noticia&amp;dDocName=AJB081684#wlp_detall_noticia\" target=\"_blank\">Passejant entre ping\u00fcins<\/a>\u201d, una mostra de 43 fotografies de les aus marines de les\u2026 <a title=\"Read Activitats Escola del Mar. Passejant entre ping\u00fcins.\" href=\"http:\/\/serveiseducatius.xtec.cat\/badalona\/portada\/activitats-escola-del-mar\/\">Llegeix m\u00e9s\u00bb<\/a><\/p>\n<header class=\"entry-header\">\n<div class=\"edit-link\">\n<h2 class=\"entry-title\"><a title=\"Bons llibres per a tenir criteri en la mediaci\u00f3 lectora\" href=\"http:\/\/serveiseducatius.xtec.cat\/badalona\/portada\/bons-llibres-per-a-tenir-criteri-en-la-mediacio-lectora\/\" rel=\"bookmark\">Bons llibres per a tenir criteri en la mediaci\u00f3 lectora<\/a><\/h2>\n<\/div>\n<\/header>\n<div class=\"entry-summary\">\n<p>Imatge: Andrea Rivola<br \/>Recomanacions de lectures per a mediadors de lectura: mestres, fam\u00edlies, bibliotec\u00e0ries\u2026\u2026 <a title=\"Read Bons llibres per a tenir criteri en la mediaci\u00f3 lectora\" href=\"http:\/\/serveiseducatius.xtec.cat\/badalona\/portada\/bons-llibres-per-a-tenir-criteri-en-la-mediacio-lectora\/\">Llegeix m\u00e9s\u00bb<\/a><\/p>\n<header class=\"entry-header\">\n<div class=\"edit-link\">\n<h2 class=\"entry-title\"><a title=\"Jornades: Experi\u00e8ncies inclusives educatives i socials\" href=\"http:\/\/serveiseducatius.xtec.cat\/badalona\/portada\/jornades-experiencies-inclusives-educatives-i-socials\/\" rel=\"bookmark\">Jornades: Experi\u00e8ncies inclusives educatives i socials<\/a><\/h2>\n<\/div>\n<div class=\"entry-original-featured-image\"><img loading=\"lazy\" decoding=\"async\" class=\"\" src=\"http:\/\/serveiseducatius.xtec.cat\/badalona\/wp-content\/uploads\/usu1088\/2017\/02\/capcalera.jpg\" width=\"657\" height=\"119\" \/><\/div>\n<\/header>\n<div class=\"entry-summary\">\n<p>JORNADES: EXPERI\u00c8NCIES INCLUSIVES EDUCATIVES I SOCIALS Dies 17 i 18 de mar\u00e7.<\/p>\n<p><a href=\"http:\/\/ice.uab.cat\/jornada_inclusio2017\/index.php\" target=\"_blank\">Informaci\u00f3 i el formulari<\/a>\u00a0d\u2019inscripci\u00f3.<\/p>\n<header class=\"entry-header\">\n<div class=\"edit-link\">\n<h2 class=\"entry-title\"><a title=\"Compet\u00e8ncies b\u00e0siques i educaci\u00f3 per al desenvolupament\" href=\"http:\/\/serveiseducatius.xtec.cat\/badalona\/portada\/competencies-basiques-i-educacio-per-al-desenvolupament\/\" rel=\"bookmark\">Compet\u00e8ncies b\u00e0siques i educaci\u00f3 per al desenvolupament<\/a><\/h2>\n<\/div>\n<div class=\"entry-original-featured-image\"><img decoding=\"async\" class=\"alignright\" src=\"http:\/\/serveiseducatius.xtec.cat\/badalona\/wp-content\/uploads\/usu1088\/2017\/02\/logo-1.png\" \/><\/div>\n<\/header>\n<div class=\"entry-summary\">\n<p>Guia d\u2019orientacions pedag\u00f2giques per a la incorporaci\u00f3 de l\u2019Educaci\u00f3 per al Desenvolupament al curr\u00edculum de prim\u00e0ria i secund\u00e0ria des de la perspectiva de les compet\u00e8ncies b\u00e0siques.\u2026 <a title=\"Read Compet\u00e8ncies b\u00e0siques i educaci\u00f3 per al desenvolupament\" href=\"http:\/\/serveiseducatius.xtec.cat\/badalona\/portada\/competencies-basiques-i-educacio-per-al-desenvolupament\/\">Llegeix m\u00e9s\u00bb<\/a><\/p>\n<header class=\"entry-header\">\n<div class=\"edit-link\">\n<h2 class=\"entry-title\"><a title=\"Confer\u00e8ncia: \u201cPsicosociologia de les persones sordes\u201d\" href=\"http:\/\/serveiseducatius.xtec.cat\/badalona\/general\/conferencia-psicosociologia-de-les-persones-sordes\/\" rel=\"bookmark\">Confer\u00e8ncia: \u201cPsicosociologia de les persones sordes\u201d<\/a><\/h2>\n<\/div>\n<div class=\"entry-original-featured-image\"><img loading=\"lazy\" decoding=\"async\" class=\"alignleft\" src=\"http:\/\/serveiseducatius.xtec.cat\/badalona\/wp-content\/uploads\/usu1088\/2017\/02\/Image-4-e1486648009495.png\" width=\"139\" height=\"92\" \/><\/div>\n<\/header>\n<div class=\"entry-summary\">\n<p>La Facultat de Traducci\u00f3 i Interpretaci\u00f3 de la UPF organitza\u00a0un cicle de confer\u00e8ncies sobre la llengua de signes i comunitat sorda, que s\u2019inicia el proper divendres 17 de febrer de 2017 amb la confer\u00e8ncia titulada \u201cPsicosociologia de les persones sordes\u201d. <a href=\"https:\/\/www.facebook.com\/212270508943903\/videos\/686574281513521\" target=\"_blank\">M\u00e9s informaci\u00f3\u2026<\/a><\/p>\n<\/div>\n<header class=\"entry-header\">\n<div class=\"edit-link\">\n<h2 class=\"entry-title\"><a title=\"Dec\u00e0leg + 1 de l\u2019\u00e0lbum il\u00b7lustrat\" href=\"http:\/\/serveiseducatius.xtec.cat\/badalona\/portada\/decaleg-1-de-lalbum-il%c2%b7lustrat\/\" rel=\"bookmark\">Dec\u00e0leg + 1 de l\u2019\u00e0lbum il\u00b7lustrat<\/a><\/h2>\n<\/div>\n<\/header>\n<div class=\"entry-summary\">\n<p>Onze punts que formen el manifest per a l\u2019\u00e0lbum il\u00b7lustrat que es va llegir la primera nit de l\u2019\u00e0lbum, una festa organitzada per 11 editorials de LIJ el passat mes de desembre a Barcelona.\u2026 <a title=\"Read Dec\u00e0leg + 1 de l\u2019\u00e0lbum il\u00b7lustrat\" href=\"http:\/\/serveiseducatius.xtec.cat\/badalona\/portada\/decaleg-1-de-lalbum-il%c2%b7lustrat\/\">Llegeix m\u00e9s\u00bb<\/a><\/p>\n<header class=\"entry-header\">\n<h2 class=\"entry-title\"><a title=\"\u2013 \u00bfMauz iz io? \u2013 Mu\u00f1a mu\u00f1a\u2026\" href=\"http:\/\/serveiseducatius.xtec.cat\/badalona\/portada\/mauz-iz-io-muna-muna\/\" rel=\"bookmark\">\u2013 \u00bfMauz iz io? \u2013 Mu\u00f1a mu\u00f1a\u2026<\/a><\/h2>\n<\/header>\n<div class=\"entry-summary\">\n<p>Preciosa nova aportaci\u00f3 al m\u00f3n de l\u2019\u00e0lbum il.lustrat!\u00a0Llegiu-ne m\u00e9s a<a href=\"https:\/\/jaumecentelles.cat\/2017\/02\/08\/mau-iz-io-de-carson-ellis\/\"> Invitaci\u00f3 a la lectura<\/a>.<\/p>\n<header class=\"entry-header\">\n<div class=\"edit-link\">\n<h2 class=\"entry-title\"><a title=\"(Trailer) 9veus. Sentim l\u2019escola p\u00fablica\" href=\"http:\/\/serveiseducatius.xtec.cat\/badalona\/portada\/trailer-9veus-sentim-lescola-publica\/\" rel=\"bookmark\">(Trailer) 9veus. Sentim l\u2019escola p\u00fablica<\/a><\/h2>\n<\/div>\n<\/header>\n<div class=\"entry-summary\">\n<p>Durant els darrers mesos des de la FAMPAS Badalona s\u2019ha \u00a0treballat en el projecte de <a href=\"https:\/\/youtu.be\/0QG4hsDyNoQ\" target=\"_blank\">Veu en Veu<\/a>, que t\u00e9 com a objectiu principal posar en valor les experi\u00e8ncies positives a les escoles p\u00fabliques de la nostra ciutat, compartint viv\u00e8ncies d\u2019acolliment, d\u2019empoderament, de\u2026 <a title=\"Read (Trailer) 9veus. Sentim l\u2019escola p\u00fablica\" href=\"http:\/\/serveiseducatius.xtec.cat\/badalona\/portada\/trailer-9veus-sentim-lescola-publica\/\">Llegeix m\u00e9s\u00bb<\/a><\/p>\n<\/div>\n<div class=\"entry-summary\">\n<header class=\"entry-header\">\n<div class=\"edit-link\">\n<h2 class=\"entry-title\"><a title=\"Exposici\u00f3 \u201cLeonardo da Vinci: El geni i els invents\u201d\" href=\"http:\/\/serveiseducatius.xtec.cat\/badalona\/portada\/exposicio-leonardo-da-vinci-el-geni-i-els-invents\/\" rel=\"bookmark\">Exposici\u00f3 \u201cLeonardo da Vinci: El geni i els invents\u201d<\/a><\/h2>\n<\/div>\n<\/header>\n<div class=\"entry-summary\">\n<p>Fins al mes de juny, el <a href=\"http:\/\/mnactec.cat\/es\/\" target=\"_blank\">Museu de la Ci\u00e8ncia i de la T\u00e8cnica de Catalunya<\/a> acull l\u2019exposici\u00f3 temporal \u201c<a href=\"http:\/\/mnactec.cat\/leonardo\/exposicio\/inici\/\" target=\"_blank\">Leonardo da Vinci: el geni i els invents<\/a>\u201c.<br \/>L\u2019\u00e0rea d\u2019Acci\u00f3 educativa del mNACTEC us ofereix un ventall de propostes did\u00e0ctiques al\u2026 <a title=\"Read Exposici\u00f3 \u201cLeonardo da Vinci: El geni i els invents\u201d\" href=\"http:\/\/serveiseducatius.xtec.cat\/badalona\/portada\/exposicio-leonardo-da-vinci-el-geni-i-els-invents\/\">Llegeix m\u00e9s\u00bb<\/a><\/p>\n<header class=\"entry-header\">\n<div class=\"edit-link\">\n<h2 class=\"entry-title\"><a title=\"CARNESTOLTES. DISFRESSES\" href=\"http:\/\/serveiseducatius.xtec.cat\/badalona\/portada\/carnestoltes-disfresses\/\" rel=\"bookmark\">CARNESTOLTES. DISFRESSES<\/a><\/h2>\n<\/div>\n<div class=\"entry-original-featured-image\"><img loading=\"lazy\" decoding=\"async\" class=\"alignleft\" src=\"http:\/\/serveiseducatius.xtec.cat\/badalona\/wp-content\/uploads\/usu1088\/2017\/02\/carnestoltes-e1486395419586.jpg\" width=\"118\" height=\"96\" \/><\/div>\n<\/header>\n<div class=\"entry-summary\">\n<p>Ja heu pensat la disfressa de Carnestoltes?<br \/>Us presentem el recull de <a href=\"https:\/\/es.pinterest.com\/sebadalona\/carnestoltes-carnaval-disfresses\/\" target=\"_blank\">Pinterest <\/a>amb un munt d\u2019idees per fer disfresses, m\u00e0scares, maquillatges\u2026<br \/>Mireu tamb\u00e9 els reculls\u00a0<a href=\"https:\/\/es.pinterest.com\/sebadalona\/pirates\/\" target=\"_blank\">Pirates<\/a><a href=\"https:\/\/es.pinterest.com\/sebadalona\/pirates\/\" target=\"_blank\">\u00a0<\/a>i <a href=\"https:\/\/es.pinterest.com\/sebadalona\/circ\/\" target=\"_blank\">Circ<\/a><\/p>\n<\/div>\n<\/div>\n<p>\u00a0<\/p>\n<header class=\"entry-header\">\n<div class=\"edit-link\">\n<h2 class=\"entry-title\"><a title=\"Participa al \u201cCall for Papers\u201d de l\u2019ITworldEdu 9\" href=\"http:\/\/serveiseducatius.xtec.cat\/badalona\/portada\/obert-el-call-for-papers-de-litworldedu-9\/\" rel=\"bookmark\">Participa al \u201cCall for Papers\u201d de l\u2019ITworldEdu 9<\/a><\/h2>\n<\/div>\n<div class=\"entry-original-featured-image\"><img loading=\"lazy\" decoding=\"async\" class=\"alignright\" src=\"http:\/\/serveiseducatius.xtec.cat\/badalona\/wp-content\/uploads\/usu1088\/2017\/01\/itewworld-e1485246528562.jpg\" width=\"252\" height=\"125\" \/><\/div>\n<\/header>\n<div class=\"entry-summary\">\n<p>ITworldEdu (21 i 22 de mar\u00e7). Punt de trobada dels professionals de l\u2019Educaci\u00f3 i les empreses TIC.<br \/>Es convida la comunitat educativa (directius de centres educatius, professorat, especialistes TIC \/ TAC de centre \u2026), a presentar-nos les pr\u00e0ctiques en aquests \u00e0mbits.<br \/>\u2026 <a title=\"Read Participa al \u201cCall for Papers\u201d de l\u2019ITworldEdu 9\" href=\"http:\/\/serveiseducatius.xtec.cat\/badalona\/portada\/obert-el-call-for-papers-de-litworldedu-9\/\">Llegeix m\u00e9s\u00bb<\/a><\/p>\n<header class=\"entry-header\">\n<div class=\"edit-link\">\n<h2 class=\"entry-title\"><a title=\"L\u2019 Escola Llorens Artigas \u00e9s una \u201cEscola amb nom propi\u201d\" href=\"http:\/\/serveiseducatius.xtec.cat\/badalona\/portada\/mhm-escoles-amb-nom-propi\/\" rel=\"bookmark\">L\u2019 Escola Llorens Artigas \u00e9s una \u201cEscola amb nom propi\u201d<\/a><\/h2>\n<\/div>\n<div class=\"entry-thumbnail\">L\u2019escola Lloren\u00e7 Artigas ha participat en el projecte badalon\u00ed de Mobile History Map\u00a0<a href=\"http:\/\/mhm.mobileworldcapital.com\/ca_ES\/escenari\/86\/showedit\" target=\"_blank\">Escoles i instituts amb nom propi<\/a>.<\/div>\n<\/header>\n<div class=\"entry-summary\">\n<p>Han geolocalitzat la seva escola a partir del personatge que li dona nom, el ceramista, muralista Llorens Artigas.\u00a0<\/p>\n<\/div>\n<\/div>\n<header class=\"entry-header\">\n<div class=\"edit-link\">\n<h2 class=\"entry-title\"><a title=\"Tallers destinats a pares al Badiu Jove\" href=\"http:\/\/serveiseducatius.xtec.cat\/badalona\/portada\/tallers-destinats-a-pares-al-badiu-jove\/\" rel=\"bookmark\">Tallers destinats a pares al Badiu Jove<\/a><\/h2>\n<\/div>\n<div class=\"entry-original-featured-image\"><img loading=\"lazy\" decoding=\"async\" class=\"alignleft\" src=\"http:\/\/serveiseducatius.xtec.cat\/badalona\/wp-content\/uploads\/usu1088\/2017\/02\/logo.png\" width=\"145\" height=\"66\" \/><\/div>\n<\/header>\n<div class=\"entry-summary\">\n<p>Sent conscients de la import\u00e0ncia que la comunicaci\u00f3 t\u00e9 en la conviv\u00e8ncia i en el vincle que\u00a0s\u2019estableix entre pares i fills, des del <a href=\"http:\/\/www.badiujove.cat\/\" target=\"_blank\">Badiu Jove<\/a> us volem convidar a participar de dos tallers destinats a pares.<\/p>\n<header class=\"entry-header\">\n<div class=\"edit-link\">\n<h2 class=\"entry-title\"><a title=\"Coses que hem de fer per rodar una pel\u00b7l\u00edcula\" href=\"http:\/\/serveiseducatius.xtec.cat\/badalona\/portada\/creacio-i-produccio-de-recursos-audiovisuals-coses-que-hem-de-fer-per-rodar-una-pel%c2%b7licula-per-molt-curta-que-sigui\/\" rel=\"bookmark\">Coses que hem de fer per rodar una pel\u00b7l\u00edcula<\/a><\/h2>\n<\/div>\n<div class=\"entry-original-featured-image\"><img loading=\"lazy\" decoding=\"async\" class=\"\" src=\"http:\/\/serveiseducatius.xtec.cat\/badalona\/wp-content\/uploads\/usu1088\/2017\/02\/header.jpg\" width=\"508\" height=\"90\" \/><\/div>\n<\/header>\n<div class=\"entry-summary\">\n<p><a href=\"http:\/\/ice.uab.cat\/inscripcions\/presencials1617\/contingut\/cursos\/B23.php\" target=\"_blank\">Creaci\u00f3 i producci\u00f3 de recursos audiovisuals:<br \/>Coses que hem de fer per rodar una pel\u00b7l\u00edcula (per molt curta que sigui)<\/a><\/p>\n<\/div>\n<\/div>\n<\/div>\n<\/div>\n<\/div>\n<\/div>\n<\/div>\n<\/div>\n<\/div>\n","protected":false},"excerpt":{"rendered":"<p>Activitats Escola del Mar. Passejant entre ping\u00fcins. Exposici\u00f3 \u2018Passejant entre ping\u00fcins\u201d del fot\u00f2graf Daniel TausteAquest diumenge, 12 de febrer, a [&hellip;]<\/p>\n","protected":false},"author":1,"featured_media":6510,"comment_status":"open","ping_status":"open","sticky":false,"template":"","format":"standard","meta":{"_bbp_topic_count":0,"_bbp_reply_count":0,"_bbp_total_topic_count":0,"_bbp_total_reply_count":0,"_bbp_voice_count":0,"_bbp_anonymous_reply_count":0,"_bbp_topic_count_hidden":0,"_bbp_reply_count_hidden":0,"_bbp_forum_subforum_count":0,"site-sidebar-layout":"default","site-content-layout":"","ast-site-content-layout":"","site-content-style":"default","site-sidebar-style":"default","ast-global-header-display":"","ast-banner-title-visibility":"","ast-main-header-display":"","ast-hfb-above-header-display":"","ast-hfb-below-header-display":"","ast-hfb-mobile-header-display":"","site-post-title":"","ast-breadcrumbs-content":"","ast-featured-img":"","footer-sml-layout":"","theme-transparent-header-meta":"","adv-header-id-meta":"","stick-header-meta":"","header-above-stick-meta":"","header-main-stick-meta":"","header-below-stick-meta":"","astra-migrate-meta-layouts":"default","ast-page-background-enabled":"default","ast-page-background-meta":{"desktop":{"background-color":"var(--ast-global-color-4)","background-image":"","background-repeat":"repeat","background-position":"center center","background-size":"auto","background-attachment":"scroll","background-type":"","background-media":"","overlay-type":"","overlay-color":"","overlay-opacity":"","overlay-gradient":""},"tablet":{"background-color":"","background-image":"","background-repeat":"repeat","background-position":"center center","background-size":"auto","background-attachment":"scroll","background-type":"","background-media":"","overlay-type":"","overlay-color":"","overlay-opacity":"","overlay-gradient":""},"mobile":{"background-color":"","background-image":"","background-repeat":"repeat","background-position":"center center","background-size":"auto","background-attachment":"scroll","background-type":"","background-media":"","overlay-type":"","overlay-color":"","overlay-opacity":"","overlay-gradient":""}},"ast-content-background-meta":{"desktop":{"background-color":"var(--ast-global-color-5)","background-image":"","background-repeat":"repeat","background-position":"center center","background-size":"auto","background-attachment":"scroll","background-type":"","background-media":"","overlay-type":"","overlay-color":"","overlay-opacity":"","overlay-gradient":""},"tablet":{"background-color":"var(--ast-global-color-5)","background-image":"","background-repeat":"repeat","background-position":"center center","background-size":"auto","background-attachment":"scroll","background-type":"","background-media":"","overlay-type":"","overlay-color":"","overlay-opacity":"","overlay-gradient":""},"mobile":{"background-color":"var(--ast-global-color-5)","background-image":"","background-repeat":"repeat","background-position":"center center","background-size":"auto","background-attachment":"scroll","background-type":"","background-media":"","overlay-type":"","overlay-color":"","overlay-opacity":"","overlay-gradient":""}},"footnotes":""},"categories":[254],"tags":[],"class_list":["post-6507","post","type-post","status-publish","format-standard","has-post-thumbnail","hentry","category-full-informatiu"],"post_mailing_queue_ids":[],"_links":{"self":[{"href":"https:\/\/serveiseducatius.xtec.cat\/badalona\/wp-json\/wp\/v2\/posts\/6507","targetHints":{"allow":["GET"]}}],"collection":[{"href":"https:\/\/serveiseducatius.xtec.cat\/badalona\/wp-json\/wp\/v2\/posts"}],"about":[{"href":"https:\/\/serveiseducatius.xtec.cat\/badalona\/wp-json\/wp\/v2\/types\/post"}],"author":[{"embeddable":true,"href":"https:\/\/serveiseducatius.xtec.cat\/badalona\/wp-json\/wp\/v2\/users\/1"}],"replies":[{"embeddable":true,"href":"https:\/\/serveiseducatius.xtec.cat\/badalona\/wp-json\/wp\/v2\/comments?post=6507"}],"version-history":[{"count":1,"href":"https:\/\/serveiseducatius.xtec.cat\/badalona\/wp-json\/wp\/v2\/posts\/6507\/revisions"}],"predecessor-version":[{"id":6511,"href":"https:\/\/serveiseducatius.xtec.cat\/badalona\/wp-json\/wp\/v2\/posts\/6507\/revisions\/6511"}],"wp:featuredmedia":[{"embeddable":true,"href":"https:\/\/serveiseducatius.xtec.cat\/badalona\/wp-json\/wp\/v2\/media\/6510"}],"wp:attachment":[{"href":"https:\/\/serveiseducatius.xtec.cat\/badalona\/wp-json\/wp\/v2\/media?parent=6507"}],"wp:term":[{"taxonomy":"category","embeddable":true,"href":"https:\/\/serveiseducatius.xtec.cat\/badalona\/wp-json\/wp\/v2\/categories?post=6507"},{"taxonomy":"post_tag","embeddable":true,"href":"https:\/\/serveiseducatius.xtec.cat\/badalona\/wp-json\/wp\/v2\/tags?post=6507"}],"curies":[{"name":"wp","href":"https:\/\/api.w.org\/{rel}","templated":true}]}}