{"id":6469,"date":"2017-02-10T11:11:37","date_gmt":"2017-02-10T10:11:37","guid":{"rendered":"http:\/\/serveiseducatius.xtec.cat\/badalona\/?p=6469"},"modified":"2017-02-10T15:36:59","modified_gmt":"2017-02-10T14:36:59","slug":"jornades-experiencies-inclusives-educatives-i-socials","status":"publish","type":"post","link":"https:\/\/serveiseducatius.xtec.cat\/badalona\/portada\/jornades-experiencies-inclusives-educatives-i-socials\/","title":{"rendered":"Jornades: Experi\u00e8ncies inclusives educatives i socials"},"content":{"rendered":"<p><strong><img loading=\"lazy\" decoding=\"async\" class=\"alignnone alignleft\" src=\"http:\/\/ice.uab.cat\/jornada_inclusio2017\/_img\/background\/capcalera.jpg\" width=\"743\" height=\"135\" \/><\/strong><\/p>\n<p>&nbsp;<\/p>\n<p>&nbsp;<\/p>\n<p>&nbsp;<\/p>\n<p>JORNADES: EXPERI\u00c8NCIES INCLUSIVES EDUCATIVES I SOCIALS<br \/> Dies <strong><strong>17 i 18 de mar\u00e7.\u00a0<\/strong><\/strong><a href=\"http:\/\/ice.uab.cat\/jornada_inclusio2017\/index.php\" target=\"_blank\">Informaci\u00f3 i el formulari<\/a>\u00a0d&#8217;inscripci\u00f3<a href=\"http:\/\/ice.uab.cat\/jornada_inclusio2017\/index.php\" data-saferedirecturl=\"https:\/\/www.google.com\/url?hl=ca&amp;q=http:\/\/ice.uab.cat\/jornada_inclusio2017\/index.php&amp;source=gmail&amp;ust=1486805764427000&amp;usg=AFQjCNGkF2dodig2dWJq9qfrLsxnld2kCA\"><strong><br \/><\/strong><\/a><!--more-->Amb l\u2019objectiu que els professionals coneguin els principis de l&#8217;educaci\u00f3 inclusiva, que siguin capa\u00e7os d&#8217;analitzar les barreres a l&#8217;aprenentatge en els diferents contextos socioeducatius; d\u2019utilitzar m\u00faltiples estrat\u00e8gies metodol\u00f2giques gestionant els recursos de l&#8217;entorn; i de generar espais de col\u00b7laboraci\u00f3 amb tota la comunitat socioeducativa.<\/p>\n<p><strong>Es poden presentar p\u00f2sters, <\/strong>que s\u2019exposaran durant les Jornades i els autors\/es podran comentar-los personalment.<\/p>\n<p>Organitzat des de la coordinaci\u00f3 del <b>M\u00e0ster en Suports per a la Inclusi\u00f3 Educativa i Social<\/b>, i en col\u00b7laboraci\u00f3 amb l&#8217;<b>ICE<\/b> i la <b>Facultat de Ci\u00e8ncies de l&#8217;Educaci\u00f3 de la UAB<\/b>,<\/p>\n<p>&nbsp;<\/p>\n","protected":false},"excerpt":{"rendered":"<p>&nbsp; &nbsp; &nbsp; JORNADES: EXPERI\u00c8NCIES INCLUSIVES EDUCATIVES I SOCIALS Dies 17 i 18 de mar\u00e7.\u00a0Informaci\u00f3 i el formulari\u00a0d&#8217;inscripci\u00f3<\/p>\n","protected":false},"author":1,"featured_media":6470,"comment_status":"open","ping_status":"open","sticky":false,"template":"","format":"standard","meta":{"_bbp_topic_count":0,"_bbp_reply_count":0,"_bbp_total_topic_count":0,"_bbp_total_reply_count":0,"_bbp_voice_count":0,"_bbp_anonymous_reply_count":0,"_bbp_topic_count_hidden":0,"_bbp_reply_count_hidden":0,"_bbp_forum_subforum_count":0,"site-sidebar-layout":"default","site-content-layout":"","ast-site-content-layout":"","site-content-style":"default","site-sidebar-style":"default","ast-global-header-display":"","ast-banner-title-visibility":"","ast-main-header-display":"","ast-hfb-above-header-display":"","ast-hfb-below-header-display":"","ast-hfb-mobile-header-display":"","site-post-title":"","ast-breadcrumbs-content":"","ast-featured-img":"","footer-sml-layout":"","theme-transparent-header-meta":"","adv-header-id-meta":"","stick-header-meta":"","header-above-stick-meta":"","header-main-stick-meta":"","header-below-stick-meta":"","astra-migrate-meta-layouts":"default","ast-page-background-enabled":"default","ast-page-background-meta":{"desktop":{"background-color":"var(--ast-global-color-4)","background-image":"","background-repeat":"repeat","background-position":"center center","background-size":"auto","background-attachment":"scroll","background-type":"","background-media":"","overlay-type":"","overlay-color":"","overlay-opacity":"","overlay-gradient":""},"tablet":{"background-color":"","background-image":"","background-repeat":"repeat","background-position":"center center","background-size":"auto","background-attachment":"scroll","background-type":"","background-media":"","overlay-type":"","overlay-color":"","overlay-opacity":"","overlay-gradient":""},"mobile":{"background-color":"","background-image":"","background-repeat":"repeat","background-position":"center center","background-size":"auto","background-attachment":"scroll","background-type":"","background-media":"","overlay-type":"","overlay-color":"","overlay-opacity":"","overlay-gradient":""}},"ast-content-background-meta":{"desktop":{"background-color":"var(--ast-global-color-5)","background-image":"","background-repeat":"repeat","background-position":"center center","background-size":"auto","background-attachment":"scroll","background-type":"","background-media":"","overlay-type":"","overlay-color":"","overlay-opacity":"","overlay-gradient":""},"tablet":{"background-color":"var(--ast-global-color-5)","background-image":"","background-repeat":"repeat","background-position":"center center","background-size":"auto","background-attachment":"scroll","background-type":"","background-media":"","overlay-type":"","overlay-color":"","overlay-opacity":"","overlay-gradient":""},"mobile":{"background-color":"var(--ast-global-color-5)","background-image":"","background-repeat":"repeat","background-position":"center center","background-size":"auto","background-attachment":"scroll","background-type":"","background-media":"","overlay-type":"","overlay-color":"","overlay-opacity":"","overlay-gradient":""}},"footnotes":""},"categories":[29],"tags":[],"class_list":["post-6469","post","type-post","status-publish","format-standard","has-post-thumbnail","hentry","category-portada"],"post_mailing_queue_ids":[],"_links":{"self":[{"href":"https:\/\/serveiseducatius.xtec.cat\/badalona\/wp-json\/wp\/v2\/posts\/6469","targetHints":{"allow":["GET"]}}],"collection":[{"href":"https:\/\/serveiseducatius.xtec.cat\/badalona\/wp-json\/wp\/v2\/posts"}],"about":[{"href":"https:\/\/serveiseducatius.xtec.cat\/badalona\/wp-json\/wp\/v2\/types\/post"}],"author":[{"embeddable":true,"href":"https:\/\/serveiseducatius.xtec.cat\/badalona\/wp-json\/wp\/v2\/users\/1"}],"replies":[{"embeddable":true,"href":"https:\/\/serveiseducatius.xtec.cat\/badalona\/wp-json\/wp\/v2\/comments?post=6469"}],"version-history":[{"count":3,"href":"https:\/\/serveiseducatius.xtec.cat\/badalona\/wp-json\/wp\/v2\/posts\/6469\/revisions"}],"predecessor-version":[{"id":6508,"href":"https:\/\/serveiseducatius.xtec.cat\/badalona\/wp-json\/wp\/v2\/posts\/6469\/revisions\/6508"}],"wp:featuredmedia":[{"embeddable":true,"href":"https:\/\/serveiseducatius.xtec.cat\/badalona\/wp-json\/wp\/v2\/media\/6470"}],"wp:attachment":[{"href":"https:\/\/serveiseducatius.xtec.cat\/badalona\/wp-json\/wp\/v2\/media?parent=6469"}],"wp:term":[{"taxonomy":"category","embeddable":true,"href":"https:\/\/serveiseducatius.xtec.cat\/badalona\/wp-json\/wp\/v2\/categories?post=6469"},{"taxonomy":"post_tag","embeddable":true,"href":"https:\/\/serveiseducatius.xtec.cat\/badalona\/wp-json\/wp\/v2\/tags?post=6469"}],"curies":[{"name":"wp","href":"https:\/\/api.w.org\/{rel}","templated":true}]}}