{"id":6064,"date":"2017-01-23T12:48:04","date_gmt":"2017-01-23T11:48:04","guid":{"rendered":"http:\/\/serveiseducatius.xtec.cat\/badalona\/?p=6064"},"modified":"2017-01-23T12:48:04","modified_gmt":"2017-01-23T11:48:04","slug":"full-informatiu-se-badalona-del-9-al-13-de-gener-de-2017","status":"publish","type":"post","link":"https:\/\/serveiseducatius.xtec.cat\/badalona\/full-informatiu\/full-informatiu-se-badalona-del-9-al-13-de-gener-de-2017\/","title":{"rendered":"Full informatiu SE Badalona del 9 al 13 de gener de 2017"},"content":{"rendered":"<div>\n<header class=\"m_7230958380418976177entry-header\">\n<h2 class=\"m_7230958380418976177entry-title\"><a title=\"Projectes, una moda?\" href=\"http:\/\/serveiseducatius.xtec.cat\/badalona\/portada\/projectesm-una-moda\/\" target=\"_blank\" rel=\"bookmark\" data-saferedirecturl=\"https:\/\/www.google.com\/url?hl=ca&amp;q=http:\/\/serveiseducatius.xtec.cat\/badalona\/portada\/projectesm-una-moda\/&amp;source=gmail&amp;ust=1485256907297000&amp;usg=AFQjCNF_5NCMChDw5nl0z7gy8rjQDsBh4Q\">Projectes, una moda?<\/a><\/h2>\n<div class=\"m_7230958380418976177entry-original-featured-image\"><img loading=\"lazy\" decoding=\"async\" class=\"CToWUd a6T\" tabindex=\"0\" src=\"https:\/\/ci4.googleusercontent.com\/proxy\/ELBpsYHO-9mJPC5V857wNV_36qsj-k8jL61L5RWNUtRvnhp5d8x3LuM1D8f8ZY_5xorHmw1KpRkY8hw9aCOrgYf3Gc4r8ptftjPZhrh7YZxsqDkPXj8PwE6E50Au1RnZ_Hlt_v5I7OpvghI5cLdXYg=s0-d-e1-ft#http:\/\/serveiseducatius.xtec.cat\/badalona\/wp-content\/uploads\/usu1088\/2017\/01\/projectes.jpg\" width=\"312\" height=\"75\" \/><\/div>\n<\/header>\n<div class=\"m_7230958380418976177entry-summary\">\n<p>Trobada amb mestres de l\u2019equip ICE que treballen a diferents escoles de Catalunya, amb la finalitat de compartir, dialogar i refexionar sobre les diverses pr\u00e0ctiques d\u2019aula sobre projectes.\u2026\u00a0<a title=\"Read Projectes, una moda?\" href=\"http:\/\/serveiseducatius.xtec.cat\/badalona\/portada\/projectesm-una-moda\/\" target=\"_blank\" data-saferedirecturl=\"https:\/\/www.google.com\/url?hl=ca&amp;q=http:\/\/serveiseducatius.xtec.cat\/badalona\/portada\/projectesm-una-moda\/&amp;source=gmail&amp;ust=1485256907297000&amp;usg=AFQjCNF_5NCMChDw5nl0z7gy8rjQDsBh4Q\">Llegeix m\u00e9s\u00bb<\/a><\/p>\n<header class=\"m_7230958380418976177entry-header\">\n<h2 class=\"m_7230958380418976177entry-title\"><a title=\"L\u2019hora del conte a les biblioteques p\u00fabliques de la ciutat\" href=\"http:\/\/serveiseducatius.xtec.cat\/badalona\/general\/lhora-del-conte-a-les-biblioteques-publiques-de-la-ciutat\/\" target=\"_blank\" rel=\"bookmark\" data-saferedirecturl=\"https:\/\/www.google.com\/url?hl=ca&amp;q=http:\/\/serveiseducatius.xtec.cat\/badalona\/general\/lhora-del-conte-a-les-biblioteques-publiques-de-la-ciutat\/&amp;source=gmail&amp;ust=1485256907297000&amp;usg=AFQjCNHCeARMMiC-XwIQSC_HXPzWNPru7A\">L\u2019hora del conte a les biblioteques p\u00fabliques de la ciutat<\/a><\/h2>\n<\/header>\n<div class=\"m_7230958380418976177entry-summary\">\n<p>Segueix el calendari a la p\u00e0gina\u00a0<a href=\"http:\/\/badabiblios.cat\/lhora-del-conte\/\" target=\"_blank\" data-saferedirecturl=\"https:\/\/www.google.com\/url?hl=ca&amp;q=http:\/\/badabiblios.cat\/lhora-del-conte\/&amp;source=gmail&amp;ust=1485256907297000&amp;usg=AFQjCNH3lgPbJ7gjQNYn4eWN6i7NqLoy8w\">Badabiblios<\/a>.<br \/>\nFes-ne difusi\u00f3 a la teva aula, als infants, a les fam\u00edlies de l\u2019escola\u2026<\/p>\n<header class=\"m_7230958380418976177entry-header\">\n<h2 class=\"m_7230958380418976177entry-title\"><a title=\"Constel\u00b7lacions familiars sist\u00e8miques\" href=\"http:\/\/serveiseducatius.xtec.cat\/badalona\/portada\/constel%c2%b7lacions-familiars-sistemiques\/\" target=\"_blank\" rel=\"bookmark\" data-saferedirecturl=\"https:\/\/www.google.com\/url?hl=ca&amp;q=http:\/\/serveiseducatius.xtec.cat\/badalona\/portada\/constel%25c2%25b7lacions-familiars-sistemiques\/&amp;source=gmail&amp;ust=1485256907297000&amp;usg=AFQjCNFO_jRKbHRKjCZQiTsUxvJoU_c11g\">Constel\u00b7lacions familiars sist\u00e8miques<\/a><\/h2>\n<\/header>\n<div class=\"m_7230958380418976177entry-summary\">\n<p>A c\u00e0rrec de: Carmen Garc\u00eda Claret mestra i formadora de docents, constel\u00b7lacions familiars, pedagogia sist\u00e8mica i ter\u00e0pia gestalt)<\/p>\n<p>Dia: Dimecres, 25 de gener<br \/>\nHora: 17:30 a 19 h<br \/>\nLloc: CRP de Badalona<br \/>\n<a href=\"https:\/\/aplicacions.gestioeducativa.gencat.cat\/pls\/soloas\/pk_for_mod_ins.p_for_cons_activitats?p_header=&amp;p_poblacio=08015&amp;p_any=2016-2017&amp;p_modalitat=50&amp;p_totes=s&amp;p_totes=s&amp;p_excloure_crp_rec=F&amp;p_inici=11\" target=\"_blank\" data-saferedirecturl=\"https:\/\/www.google.com\/url?hl=ca&amp;q=https:\/\/aplicacions.gestioeducativa.gencat.cat\/pls\/soloas\/pk_for_mod_ins.p_for_cons_activitats?p_header%3D%26p_poblacio%3D08015%26p_any%3D2016-2017%26p_modalitat%3D50%26p_totes%3Ds%26p_totes%3Ds%26p_excloure_crp_rec%3DF%26p_inici%3D11&amp;source=gmail&amp;ust=1485256907298000&amp;usg=AFQjCNFqD259RkD8VFwTRf_BX1M0JNkAhQ\">INSCRIPCI\u00d3<\/a><\/p>\n<p>Taller de Constel\u00b7lacions Familiars CF) on ens informarem i experimentarem corporalment.<\/p>\n<p>\u2013 Bases te\u00f2riques. Bert\u2026<a title=\"Read Constel\u00b7lacions familiars sist\u00e8miques\" href=\"http:\/\/serveiseducatius.xtec.cat\/badalona\/portada\/constel%c2%b7lacions-familiars-sistemiques\/\" target=\"_blank\" data-saferedirecturl=\"https:\/\/www.google.com\/url?hl=ca&amp;q=http:\/\/serveiseducatius.xtec.cat\/badalona\/portada\/constel%25c2%25b7lacions-familiars-sistemiques\/&amp;source=gmail&amp;ust=1485256907298000&amp;usg=AFQjCNEsVEzSiDeMSaPjEE8MipzOa1rcng\">Llegeix m\u00e9s\u00bb<\/a><\/p>\n<\/div>\n<\/div>\n<\/div>\n<\/div>\n<div>\n<header class=\"m_7230958380418976177entry-header\">\n<h2 class=\"m_7230958380418976177entry-title\"><a title=\"Tornarem, un conte que obre fronteres.\" href=\"http:\/\/serveiseducatius.xtec.cat\/badalona\/general\/tornarem-un-conte-que-obre-fronteres\/\" target=\"_blank\" rel=\"bookmark\" data-saferedirecturl=\"https:\/\/www.google.com\/url?hl=ca&amp;q=http:\/\/serveiseducatius.xtec.cat\/badalona\/general\/tornarem-un-conte-que-obre-fronteres\/&amp;source=gmail&amp;ust=1485256907298000&amp;usg=AFQjCNGO6upl7x6O5ntQVw4wzPyMr9RTIw\">Tornarem, un conte que obre fronteres.<\/a><\/h2>\n<\/header>\n<div class=\"m_7230958380418976177entry-summary\">\n<p>Estrena a Badalona, el 17 i el 31 de gener, de l\u2019espectacle \u201cTornarem, un conte que obre fronteres\u201d interpretat per un animador que \u00abconta i canta\u00bb pel dret a viure en pau.\u2026\u00a0<a title=\"Read Tornarem, un conte que obre fronteres.\" href=\"http:\/\/serveiseducatius.xtec.cat\/badalona\/general\/tornarem-un-conte-que-obre-fronteres\/\" target=\"_blank\" data-saferedirecturl=\"https:\/\/www.google.com\/url?hl=ca&amp;q=http:\/\/serveiseducatius.xtec.cat\/badalona\/general\/tornarem-un-conte-que-obre-fronteres\/&amp;source=gmail&amp;ust=1485256907298000&amp;usg=AFQjCNGO6upl7x6O5ntQVw4wzPyMr9RTIw\">Llegeix m\u00e9s\u00bb<\/a><\/p>\n<\/div>\n<\/div>\n<header class=\"m_7230958380418976177entry-header\">\n<h2 class=\"m_7230958380418976177entry-title\"><a title=\"mSchools Student Awards 2017\" href=\"http:\/\/serveiseducatius.xtec.cat\/badalona\/portada\/mschools-student-awards-2017\/\" target=\"_blank\" rel=\"bookmark\" data-saferedirecturl=\"https:\/\/www.google.com\/url?hl=ca&amp;q=http:\/\/serveiseducatius.xtec.cat\/badalona\/portada\/mschools-student-awards-2017\/&amp;source=gmail&amp;ust=1485256907298000&amp;usg=AFQjCNHH2KOXsb3FH2LjhTumvng2IXly4w\">mSchools Student Awards 2017<\/a><\/h2>\n<div class=\"m_7230958380418976177entry-original-featured-image\"><img loading=\"lazy\" decoding=\"async\" class=\"CToWUd a6T alignright\" tabindex=\"0\" src=\"https:\/\/ci5.googleusercontent.com\/proxy\/Dm_Obf7yyNwP-hbP47VYU4waiytoq2UTzJkD5fO6m3qz4gexFRSpRvCl6-nbFbmYL2NPpGtSe3ugNn1VHzAHD6gVlT0qkU1UlTOFnKmjGVycZtI_6UWe5rVvbBrIeb1BCziYKZauMsfrcJTQvOZtazNSYKM4N8LV4buBUra-ADMK37-FvA=s0-d-e1-ft#http:\/\/serveiseducatius.xtec.cat\/badalona\/wp-content\/uploads\/usu1088\/2017\/01\/C0IoysBXAAEWtty-e1484138175126.jpg\" width=\"135\" height=\"76\" \/><\/div>\n<\/header>\n<p>Els promotors del programa mSchools convoquen els mSchools Student Awards en les seves modalitats d\u2019App Education i Mobile History Map per premiar les produccions realitzades pels alumnes en aquestes dues iniciatives.\u2026\u00a0<a title=\"Read mSchools Student Awards 2017\" href=\"http:\/\/serveiseducatius.xtec.cat\/badalona\/portada\/mschools-student-awards-2017\/\" target=\"_blank\" data-saferedirecturl=\"https:\/\/www.google.com\/url?hl=ca&amp;q=http:\/\/serveiseducatius.xtec.cat\/badalona\/portada\/mschools-student-awards-2017\/&amp;source=gmail&amp;ust=1485256907298000&amp;usg=AFQjCNHH2KOXsb3FH2LjhTumvng2IXly4w\">Llegeix m\u00e9s\u00bb<\/a><\/p>\n<header class=\"m_7230958380418976177entry-header\">\n<h2 class=\"m_7230958380418976177entry-title\"><a title=\"Lleng\u00fces estrangeres. Formaci\u00f3 2n trimestre\" href=\"http:\/\/serveiseducatius.xtec.cat\/badalona\/portada\/llengues-estrangeres-formacio-2n-trimestre\/\" target=\"_blank\" rel=\"bookmark\" data-saferedirecturl=\"https:\/\/www.google.com\/url?hl=ca&amp;q=http:\/\/serveiseducatius.xtec.cat\/badalona\/portada\/llengues-estrangeres-formacio-2n-trimestre\/&amp;source=gmail&amp;ust=1485256907298000&amp;usg=AFQjCNFnOpzB5KtfxfYFUUmXE_ag8UujSQ\">Lleng\u00fces estrangeres. Formaci\u00f3 2n trimestre<\/a><\/h2>\n<div class=\"m_7230958380418976177entry-original-featured-image\"><img loading=\"lazy\" decoding=\"async\" class=\"CToWUd alignleft\" src=\"https:\/\/ci4.googleusercontent.com\/proxy\/HMN8mAOX-kEL95mYMrN5hifgV4HnEe0Hxm2co6uw4nXsLesPkh1yfBaltO7Xkq7Mxuh3q1FFjXkpDZ_4emjkPLu_cxzzchK8B8qsXvJZMRRNAF7lqClvilhdr_Qt8GtDVWoHOTTyUeIhlCWbN37UP9TlCk76-CzI8Y-YZTDkHr2AQewwtOU6_18fNX_5XOq7Km7_wjubvD-kFbKmsVUjOvSfBCf4IntLV3yfwndJqdFckzE2M3M=s0-d-e1-ft#http:\/\/serveiseducatius.xtec.cat\/badalona\/wp-content\/uploads\/usu1088\/2017\/01\/actualitat-553x553-oferta-formativa-2ntorn-16-17.jpg_1595044798-e1484127730930.jpg\" width=\"111\" height=\"111\" \/><\/div>\n<\/header>\n<div class=\"m_7230958380418976177entry-summary\">\n<p>Us informem que del 9 al 19 de gener est\u00e0 oberta la convocat\u00f2ria de cursos de formaci\u00f3 per al segon trimestre del curs 2016-2017. Aquestes s\u00f3n les activitats en l\u2019\u00e0mbit de lleng\u00fces estrangeres\u2026<a title=\"Read Lleng\u00fces estrangeres. Formaci\u00f3 2n trimestre\" href=\"http:\/\/serveiseducatius.xtec.cat\/badalona\/portada\/llengues-estrangeres-formacio-2n-trimestre\/\" target=\"_blank\" data-saferedirecturl=\"https:\/\/www.google.com\/url?hl=ca&amp;q=http:\/\/serveiseducatius.xtec.cat\/badalona\/portada\/llengues-estrangeres-formacio-2n-trimestre\/&amp;source=gmail&amp;ust=1485256907298000&amp;usg=AFQjCNFnOpzB5KtfxfYFUUmXE_ag8UujSQ\">Llegeix m\u00e9s\u00bb<\/a><\/p>\n<\/div>\n<header class=\"m_7230958380418976177entry-header\">\n<header class=\"m_7230958380418976177entry-header\">\n<h2 class=\"m_7230958380418976177entry-title\"><\/h2>\n<h2 class=\"m_7230958380418976177entry-title\"><a title=\"Ampliat el termini d\u2019inscripci\u00f3 a El gust per la lectura. Animeu-vos!\" href=\"http:\/\/serveiseducatius.xtec.cat\/badalona\/general\/ampliat-el-termini-dinscripcio-a-el-gust-per-la-lectura-animeu-vos\/\" target=\"_blank\" rel=\"bookmark\" data-saferedirecturl=\"https:\/\/www.google.com\/url?hl=ca&amp;q=http:\/\/serveiseducatius.xtec.cat\/badalona\/general\/ampliat-el-termini-dinscripcio-a-el-gust-per-la-lectura-animeu-vos\/&amp;source=gmail&amp;ust=1485256907298000&amp;usg=AFQjCNGiC331DEiXxhebf6Ysm90sMM8seA\">Ampliat el termini d\u2019inscripci\u00f3 a El gust per la lectura. Animeu-vos!<\/a><\/h2>\n<\/header>\n<div class=\"m_7230958380418976177entry-summary\">\n<p>S\u2019ha ampliat fins al 23 de gener el termini d\u2019inscripci\u00f3 al\u00a0<a href=\"http:\/\/xtec.gencat.cat\/ca\/centres\/alscentres\/premis\/concurs-el-gust-per-la-lectura\/\" target=\"_blank\" data-saferedirecturl=\"https:\/\/www.google.com\/url?hl=ca&amp;q=http:\/\/xtec.gencat.cat\/ca\/centres\/alscentres\/premis\/concurs-el-gust-per-la-lectura\/&amp;source=gmail&amp;ust=1485256907298000&amp;usg=AFQjCNGzY3HqQ_wkOqwW1IsNlxh2lvEOVg\">XXII Concurs El gust per la lectura,<\/a>\u00a0adre\u00e7at a grups d\u2019estudiants de cicle mitj\u00e0 i superior de prim\u00e0ria, ESO, batxillerat i educaci\u00f3 de persones adultes.<br \/>\nLa participaci\u00f3 en el concurs \u00e9s una oportunitat excel.lent\u2026<a title=\"Read Ampliat el termini d\u2019inscripci\u00f3 a El gust per la lectura. Animeu-vos!\" href=\"http:\/\/serveiseducatius.xtec.cat\/badalona\/general\/ampliat-el-termini-dinscripcio-a-el-gust-per-la-lectura-animeu-vos\/\" target=\"_blank\" data-saferedirecturl=\"https:\/\/www.google.com\/url?hl=ca&amp;q=http:\/\/serveiseducatius.xtec.cat\/badalona\/general\/ampliat-el-termini-dinscripcio-a-el-gust-per-la-lectura-animeu-vos\/&amp;source=gmail&amp;ust=1485256907298000&amp;usg=AFQjCNGiC331DEiXxhebf6Ysm90sMM8seA\">Llegeix m\u00e9s\u00bb<\/a><\/p>\n<\/div>\n<\/header>\n<div>\n<div class=\"m_7230958380418976177gmail_signature\">\n<div dir=\"ltr\">\n<div dir=\"ltr\">\n<div dir=\"ltr\">\n<div dir=\"ltr\">\n<div dir=\"ltr\">\n<div dir=\"ltr\">\n<div dir=\"ltr\">\n<header class=\"m_7230958380418976177entry-header\">\n<h2 class=\"m_7230958380418976177entry-title\"><a title=\"Sol\u2022licitud d\u2019auxiliars de conversa pel curs 2017-2018\" href=\"http:\/\/serveiseducatius.xtec.cat\/badalona\/general\/sol%e2%80%a2licitud-dauxiliars-de-conversa-pel-curs-2017-2018\/\" target=\"_blank\" rel=\"bookmark\" data-saferedirecturl=\"https:\/\/www.google.com\/url?hl=ca&amp;q=http:\/\/serveiseducatius.xtec.cat\/badalona\/general\/sol%25e2%2580%25a2licitud-dauxiliars-de-conversa-pel-curs-2017-2018\/&amp;source=gmail&amp;ust=1485256907298000&amp;usg=AFQjCNF5xEr2kbtSLC7rgC5qXnd6HCppXA\">Sol\u2022licitud d\u2019auxiliars de conversa pel curs 2017-2018<\/a><\/h2>\n<div class=\"m_7230958380418976177entry-original-featured-image\"><img decoding=\"async\" class=\"CToWUd alignright\" src=\"https:\/\/ci5.googleusercontent.com\/proxy\/RbWbfQQuXNBx5Ghfawnwg-CHFy5kmL1yCmCEfSq8TtKetMuyUgwS0q_IuvwC5VEVIEBg_RRmVnBc1YNo78YA2JqodOfFwCtKvzaLYrMN0hDGJuXs-VdNhr1rA0SDoeHyG6KpHYjHcBSyMqlEeGrPPmIg=s0-d-e1-ft#http:\/\/serveiseducatius.xtec.cat\/badalona\/wp-content\/uploads\/usu1088\/2017\/01\/gencat-logo.jpg\" \/><\/div>\n<\/header>\n<div class=\"m_7230958380418976177entry-summary\">\n<p>Del 9 al 20 de gener, s\u2019ha obert el per\u00edode de sol\u00b7licituds per acollir auxiliars de conversa en llengua estrangera (angl\u00e8s, franc\u00e8s, alemany, itali\u00e0) en centres educatius p\u00fablics de Catalunya pel curs 2017-2018\u2026\u00a0<a title=\"Read Sol\u2022licitud d\u2019auxiliars de conversa pel curs 2017-2018\" href=\"http:\/\/serveiseducatius.xtec.cat\/badalona\/general\/sol%e2%80%a2licitud-dauxiliars-de-conversa-pel-curs-2017-2018\/\" target=\"_blank\" data-saferedirecturl=\"https:\/\/www.google.com\/url?hl=ca&amp;q=http:\/\/serveiseducatius.xtec.cat\/badalona\/general\/sol%25e2%2580%25a2licitud-dauxiliars-de-conversa-pel-curs-2017-2018\/&amp;source=gmail&amp;ust=1485256907298000&amp;usg=AFQjCNF5xEr2kbtSLC7rgC5qXnd6HCppXA\">Llegeix m\u00e9s\u00bb<\/a><\/p>\n<h2><a title=\"Vulneraci\u00f3 dels drets d\u2019infants  en les ruptures conflictives de parella. Sessi\u00f3 formativa per a professionals\" href=\"http:\/\/serveiseducatius.xtec.cat\/badalona\/general\/vulneracio-dels-drets-dels-infants-en-les-ruptures-conflictives-de-parella-sessio-formativa-per-a-professionals\/\" target=\"_blank\" rel=\"bookmark\" data-saferedirecturl=\"https:\/\/www.google.com\/url?hl=ca&amp;q=http:\/\/serveiseducatius.xtec.cat\/badalona\/general\/vulneracio-dels-drets-dels-infants-en-les-ruptures-conflictives-de-parella-sessio-formativa-per-a-professionals\/&amp;source=gmail&amp;ust=1485256907298000&amp;usg=AFQjCNEHRQcvHhAmRA_cz-PiuiOGPEio5A\">Vulneraci\u00f3 dels drets d\u2019infants en les ruptures conflictives de parella. Sessi\u00f3 formativa per a professionals<\/a><\/h2>\n<\/div>\n<div>\n<div class=\"m_7230958380418976177entry-summary\">\n<p>La instrumentalitzaci\u00f3 dels fills i filles en el marc de ruptures conflictives de parella \u00e9s un tipus de maltractament infantil que per les seves particularitats mereix especial atenci\u00f3 i, sobretot, noves estrat\u00e8gies de prevenci\u00f3 i sensibilitzaci\u00f3, tant a nivell de ciutadania en general com dels professionals implicats.\u2026\u00a0<a title=\"Read Vulneraci\u00f3 dels drets d\u2019infants  en les ruptures conflictives de parella. Sessi\u00f3 formativa per a professionals\" href=\"http:\/\/serveiseducatius.xtec.cat\/badalona\/general\/vulneracio-dels-drets-dels-infants-en-les-ruptures-conflictives-de-parella-sessio-formativa-per-a-professionals\/\" target=\"_blank\" data-saferedirecturl=\"https:\/\/www.google.com\/url?hl=ca&amp;q=http:\/\/serveiseducatius.xtec.cat\/badalona\/general\/vulneracio-dels-drets-dels-infants-en-les-ruptures-conflictives-de-parella-sessio-formativa-per-a-professionals\/&amp;source=gmail&amp;ust=1485256907298000&amp;usg=AFQjCNEHRQcvHhAmRA_cz-PiuiOGPEio5A\">Llegeix m\u00e9s\u00bb<\/a><\/p>\n<header class=\"m_7230958380418976177entry-header\">\n<h2 class=\"m_7230958380418976177entry-title\"><\/h2>\n<\/header>\n<div class=\"m_7230958380418976177entry-summary\"><\/div>\n<\/div>\n<\/div>\n<\/div>\n<\/div>\n<\/div>\n<\/div>\n<\/div>\n<\/div>\n<\/div>\n<\/div>\n<\/div>\n","protected":false},"excerpt":{"rendered":"<p>Projectes, una moda? Trobada amb mestres de l\u2019equip ICE que treballen a diferents escoles de Catalunya, amb la finalitat de [&hellip;]<\/p>\n","protected":false},"author":9,"featured_media":6002,"comment_status":"open","ping_status":"open","sticky":false,"template":"","format":"standard","meta":{"_bbp_topic_count":0,"_bbp_reply_count":0,"_bbp_total_topic_count":0,"_bbp_total_reply_count":0,"_bbp_voice_count":0,"_bbp_anonymous_reply_count":0,"_bbp_topic_count_hidden":0,"_bbp_reply_count_hidden":0,"_bbp_forum_subforum_count":0,"site-sidebar-layout":"default","site-content-layout":"","ast-site-content-layout":"","site-content-style":"default","site-sidebar-style":"default","ast-global-header-display":"","ast-banner-title-visibility":"","ast-main-header-display":"","ast-hfb-above-header-display":"","ast-hfb-below-header-display":"","ast-hfb-mobile-header-display":"","site-post-title":"","ast-breadcrumbs-content":"","ast-featured-img":"","footer-sml-layout":"","theme-transparent-header-meta":"","adv-header-id-meta":"","stick-header-meta":"","header-above-stick-meta":"","header-main-stick-meta":"","header-below-stick-meta":"","astra-migrate-meta-layouts":"default","ast-page-background-enabled":"default","ast-page-background-meta":{"desktop":{"background-color":"var(--ast-global-color-4)","background-image":"","background-repeat":"repeat","background-position":"center center","background-size":"auto","background-attachment":"scroll","background-type":"","background-media":"","overlay-type":"","overlay-color":"","overlay-opacity":"","overlay-gradient":""},"tablet":{"background-color":"","background-image":"","background-repeat":"repeat","background-position":"center center","background-size":"auto","background-attachment":"scroll","background-type":"","background-media":"","overlay-type":"","overlay-color":"","overlay-opacity":"","overlay-gradient":""},"mobile":{"background-color":"","background-image":"","background-repeat":"repeat","background-position":"center center","background-size":"auto","background-attachment":"scroll","background-type":"","background-media":"","overlay-type":"","overlay-color":"","overlay-opacity":"","overlay-gradient":""}},"ast-content-background-meta":{"desktop":{"background-color":"var(--ast-global-color-5)","background-image":"","background-repeat":"repeat","background-position":"center center","background-size":"auto","background-attachment":"scroll","background-type":"","background-media":"","overlay-type":"","overlay-color":"","overlay-opacity":"","overlay-gradient":""},"tablet":{"background-color":"var(--ast-global-color-5)","background-image":"","background-repeat":"repeat","background-position":"center center","background-size":"auto","background-attachment":"scroll","background-type":"","background-media":"","overlay-type":"","overlay-color":"","overlay-opacity":"","overlay-gradient":""},"mobile":{"background-color":"var(--ast-global-color-5)","background-image":"","background-repeat":"repeat","background-position":"center center","background-size":"auto","background-attachment":"scroll","background-type":"","background-media":"","overlay-type":"","overlay-color":"","overlay-opacity":"","overlay-gradient":""}},"footnotes":""},"categories":[254],"tags":[],"class_list":["post-6064","post","type-post","status-publish","format-standard","has-post-thumbnail","hentry","category-full-informatiu"],"post_mailing_queue_ids":[],"_links":{"self":[{"href":"https:\/\/serveiseducatius.xtec.cat\/badalona\/wp-json\/wp\/v2\/posts\/6064","targetHints":{"allow":["GET"]}}],"collection":[{"href":"https:\/\/serveiseducatius.xtec.cat\/badalona\/wp-json\/wp\/v2\/posts"}],"about":[{"href":"https:\/\/serveiseducatius.xtec.cat\/badalona\/wp-json\/wp\/v2\/types\/post"}],"author":[{"embeddable":true,"href":"https:\/\/serveiseducatius.xtec.cat\/badalona\/wp-json\/wp\/v2\/users\/9"}],"replies":[{"embeddable":true,"href":"https:\/\/serveiseducatius.xtec.cat\/badalona\/wp-json\/wp\/v2\/comments?post=6064"}],"version-history":[{"count":1,"href":"https:\/\/serveiseducatius.xtec.cat\/badalona\/wp-json\/wp\/v2\/posts\/6064\/revisions"}],"predecessor-version":[{"id":6065,"href":"https:\/\/serveiseducatius.xtec.cat\/badalona\/wp-json\/wp\/v2\/posts\/6064\/revisions\/6065"}],"wp:featuredmedia":[{"embeddable":true,"href":"https:\/\/serveiseducatius.xtec.cat\/badalona\/wp-json\/wp\/v2\/media\/6002"}],"wp:attachment":[{"href":"https:\/\/serveiseducatius.xtec.cat\/badalona\/wp-json\/wp\/v2\/media?parent=6064"}],"wp:term":[{"taxonomy":"category","embeddable":true,"href":"https:\/\/serveiseducatius.xtec.cat\/badalona\/wp-json\/wp\/v2\/categories?post=6064"},{"taxonomy":"post_tag","embeddable":true,"href":"https:\/\/serveiseducatius.xtec.cat\/badalona\/wp-json\/wp\/v2\/tags?post=6064"}],"curies":[{"name":"wp","href":"https:\/\/api.w.org\/{rel}","templated":true}]}}