{"id":6061,"date":"2017-01-23T12:44:29","date_gmt":"2017-01-23T11:44:29","guid":{"rendered":"http:\/\/serveiseducatius.xtec.cat\/badalona\/?p=6061"},"modified":"2017-01-23T12:44:29","modified_gmt":"2017-01-23T11:44:29","slug":"full-informatiu-se-badalona-del-12-al-16-de-desembre-de-2016","status":"publish","type":"post","link":"https:\/\/serveiseducatius.xtec.cat\/badalona\/full-informatiu\/full-informatiu-se-badalona-del-12-al-16-de-desembre-de-2016\/","title":{"rendered":"Full informatiu SE Badalona del 12 al 16 de desembre de 2016"},"content":{"rendered":"<header class=\"m_2822844863155921558m_-7777587728786909361gmail-m_-9043670478305984922gmail-m_8863287587416074164entry-header\">\n<h2 class=\"m_2822844863155921558m_-7777587728786909361gmail-m_-9043670478305984922gmail-m_8863287587416074164entry-title\"><a title=\"BON NADAL I FELI\u00c7 ANY NOU\" href=\"http:\/\/serveiseducatius.xtec.cat\/badalona\/general\/bon-nadal-i-felic-any-nou\/\" target=\"_blank\" rel=\"bookmark\" data-saferedirecturl=\"https:\/\/www.google.com\/url?hl=ca&amp;q=http:\/\/serveiseducatius.xtec.cat\/badalona\/general\/bon-nadal-i-felic-any-nou\/&amp;source=gmail&amp;ust=1485256908377000&amp;usg=AFQjCNGsg2jVUg7pHvjWiLwIByJzveOxaQ\"><span style=\"font-size: large;\">BON NADAL I FELI\u00c7 ANY NOU<\/span><\/a><\/h2>\n<\/header>\n<div class=\"m_2822844863155921558m_-7777587728786909361gmail-m_-9043670478305984922gmail-m_8863287587416074164entry-summary\">\n<p>Els equips dels Servei Educatiu de Badalona (CRP, EAP,ELIC, Logopedes, Gestora) us desitgem un Bon Nadal\u2026\u00a0<a title=\"Read BON NADAL I FELI\u00c7 ANY NOU\" href=\"http:\/\/serveiseducatius.xtec.cat\/badalona\/general\/bon-nadal-i-felic-any-nou\/\" target=\"_blank\" data-saferedirecturl=\"https:\/\/www.google.com\/url?hl=ca&amp;q=http:\/\/serveiseducatius.xtec.cat\/badalona\/general\/bon-nadal-i-felic-any-nou\/&amp;source=gmail&amp;ust=1485256908377000&amp;usg=AFQjCNGsg2jVUg7pHvjWiLwIByJzveOxaQ\">Llegeix m\u00e9s\u00bb<\/a><\/p>\n<header class=\"m_2822844863155921558m_-7777587728786909361entry-header\">\n<h2 class=\"m_2822844863155921558m_-7777587728786909361entry-title\"><a title=\"APAC ELT Convention\" href=\"http:\/\/serveiseducatius.xtec.cat\/badalona\/portada\/apac-elt-convention\/\" target=\"_blank\" rel=\"bookmark\" data-saferedirecturl=\"https:\/\/www.google.com\/url?hl=ca&amp;q=http:\/\/serveiseducatius.xtec.cat\/badalona\/portada\/apac-elt-convention\/&amp;source=gmail&amp;ust=1485256908377000&amp;usg=AFQjCNFIbWvrg4bUrSpjO-LNH7wARyoV7w\"><span style=\"font-size: large;\">APAC ELT Convention<\/span><\/a><\/h2>\n<div class=\"m_2822844863155921558m_-7777587728786909361edit-link\"><\/div>\n<div class=\"m_2822844863155921558m_-7777587728786909361entry-original-featured-image\"><img loading=\"lazy\" decoding=\"async\" class=\"CToWUd a6T alignleft\" tabindex=\"0\" src=\"https:\/\/ci4.googleusercontent.com\/proxy\/MJkpmRtivPH_cpzkZ7X7vdc1zmtvCFZhZtJdqSI95HkFkI3I7DA_mLPnCMMCM2VA-oofvGF5_YL_80NSfkBGBDioMLPIZivtWmGYzKZzeZ45SnTt8UWGM9AdwsLr_KPvCV0D1hoYFqaRzxiCa5Q5=s0-d-e1-ft#http:\/\/serveiseducatius.xtec.cat\/badalona\/wp-content\/uploads\/usu1088\/2016\/12\/Apac2017.jpg\" width=\"146\" height=\"117\" \/><\/div>\n<\/header>\n<div class=\"m_2822844863155921558m_-7777587728786909361entry-summary\">\n<p>Fes un cop d\u2019ull al pre-programa de les properes Jornades de l\u2019APAC.\u2026\u00a0<a title=\"Read APAC ELT Convention\" href=\"http:\/\/serveiseducatius.xtec.cat\/badalona\/portada\/apac-elt-convention\/\" target=\"_blank\" data-saferedirecturl=\"https:\/\/www.google.com\/url?hl=ca&amp;q=http:\/\/serveiseducatius.xtec.cat\/badalona\/portada\/apac-elt-convention\/&amp;source=gmail&amp;ust=1485256908377000&amp;usg=AFQjCNFIbWvrg4bUrSpjO-LNH7wARyoV7w\">Llegeix m\u00e9s\u00bb<\/a><\/p>\n<\/div>\n<header class=\"m_2822844863155921558m_-7777587728786909361gmail-m_-9043670478305984922entry-header\">\n<h2 class=\"m_2822844863155921558m_-7777587728786909361gmail-m_-9043670478305984922entry-title\"><\/h2>\n<h2 class=\"m_2822844863155921558m_-7777587728786909361gmail-m_-9043670478305984922entry-title\"><\/h2>\n<h2 class=\"m_2822844863155921558m_-7777587728786909361gmail-m_-9043670478305984922entry-title\"><span style=\"font-size: large;\"><a title=\"Jornades de Geografia en Acci\u00f3\" href=\"https:\/\/serveiseducatius.xtec.cat\/badalona\/portada\/jornades-de-geografia-en-accio\/\" target=\"_blank\" rel=\"bookmark\" data-saferedirecturl=\"https:\/\/www.google.com\/url?hl=ca&amp;q=https:\/\/serveiseducatius.xtec.cat\/badalona\/portada\/jornades-de-geografia-en-accio\/&amp;source=gmail&amp;ust=1485256908377000&amp;usg=AFQjCNE5WoZBvDTLo17rNhhMYW4YNtmbrQ\">Jornades de Geografia en Acci\u00f3<\/a><\/span><\/h2>\n<div class=\"m_2822844863155921558m_-7777587728786909361gmail-m_-9043670478305984922entry-original-featured-image\"><img loading=\"lazy\" decoding=\"async\" class=\"CToWUd alignright\" src=\"https:\/\/ci5.googleusercontent.com\/proxy\/K47xhx7ccjkzuenOxMQF7HEuTsF-6DoAP3Y-ugzMhZLEMohAUEQYj3H6ZZW1kj8AxSEBqPm6QCqsOdJv4GcQMCimC92BqmZhEdH6DSps43VkjlK8bhHgLsiekafLjmGHcoU7M1KSSThZBz96GSqb_iYBM5pSDpj0ZOKjP3eZbaU=s0-d-e1-ft#https:\/\/serveiseducatius.xtec.cat\/badalona\/wp-content\/uploads\/usu1088\/2016\/12\/geografia-e1482132337960.jpg\" width=\"372\" height=\"67\" \/><\/div>\n<\/header>\n<div class=\"m_2822844863155921558m_-7777587728786909361gmail-m_-9043670478305984922entry-summary\">\n<p>El Departament de Geografia de la Universitat Aut\u00f2noma de Barcelona conjuntament amb el Programa Arg\u00f3 de l\u2019Institut de Ci\u00e8ncies de l\u2019Educaci\u00f3, us oferex la possibilitat de participar en les Jornades de Geografia en Acci\u00f3. Adre\u00e7ades a l\u2019alumnat a partir del segon cicle de l\u2019ESO i, especialment, de Batxillerat.\u2026<a title=\"Read Jornades de Geografia en Acci\u00f3\" href=\"https:\/\/serveiseducatius.xtec.cat\/badalona\/portada\/jornades-de-geografia-en-accio\/\" target=\"_blank\" data-saferedirecturl=\"https:\/\/www.google.com\/url?hl=ca&amp;q=https:\/\/serveiseducatius.xtec.cat\/badalona\/portada\/jornades-de-geografia-en-accio\/&amp;source=gmail&amp;ust=1485256908377000&amp;usg=AFQjCNE5WoZBvDTLo17rNhhMYW4YNtmbrQ\">Llegeix m\u00e9s\u00bb<\/a><\/p>\n<\/div>\n<p><span style=\"font-size: large;\"><a title=\"Curs \u201cOrientacions pr\u00e0ctiques per a la millora de la geometria a l\u2019Educaci\u00f3 Secund\u00e0ria\u201d\" href=\"http:\/\/serveiseducatius.xtec.cat\/badalona\/portada\/curs-orientacions-practiques-per-a-la-millora-de-la-geometria-a-leducacio-secundaria\/\" target=\"_blank\" rel=\"bookmark\" data-saferedirecturl=\"https:\/\/www.google.com\/url?hl=ca&amp;q=http:\/\/serveiseducatius.xtec.cat\/badalona\/portada\/curs-orientacions-practiques-per-a-la-millora-de-la-geometria-a-leducacio-secundaria\/&amp;source=gmail&amp;ust=1485256908377000&amp;usg=AFQjCNHNj4XyvYJGhWRA-hifRL5jHF-yNg\">Curs \u201cOrientacions pr\u00e0ctiques per a la millora de la geometria a l\u2019Educaci\u00f3 Secund\u00e0ria\u201d<\/a><\/span><\/p>\n<header class=\"m_2822844863155921558m_-7777587728786909361gmail-m_-9043670478305984922gmail-m_8863287587416074164entry-header\">\n<div class=\"m_2822844863155921558m_-7777587728786909361gmail-m_-9043670478305984922gmail-m_8863287587416074164entry-original-featured-image\"><img loading=\"lazy\" decoding=\"async\" class=\"CToWUd a6T alignleft\" tabindex=\"0\" src=\"https:\/\/ci4.googleusercontent.com\/proxy\/d6AZINyBAIOo_MbaUB5Cva4af8PE323T1SqlZF9SHecJhY3JzMhSEOSCc4WomWGK9ZoDCvC02ZWkf2zy_HFSkahXfMZTfHO23p1wlPOtcVNH__QlLiahbmcT4PU-yubbneg9SgfGMB7CdqjuPGmfITUM=s0-d-e1-ft#http:\/\/serveiseducatius.xtec.cat\/badalona\/wp-content\/uploads\/usu1088\/2016\/12\/article_gro.png\" width=\"168\" height=\"112\" \/><\/div>\n<\/header>\n<div class=\"m_2822844863155921558m_-7777587728786909361gmail-m_-9043670478305984922gmail-m_8863287587416074164entry-summary\">\n<p>Formaci\u00f3 telem\u00e0tica amb propostes de millora de l\u2019ensenyament de la geometria a l\u2019ESO.\u2026<a title=\"Read Curs \u201cOrientacions pr\u00e0ctiques per a la millora de la geometria a l\u2019Educaci\u00f3 Secund\u00e0ria\u201d\" href=\"http:\/\/serveiseducatius.xtec.cat\/badalona\/portada\/curs-orientacions-practiques-per-a-la-millora-de-la-geometria-a-leducacio-secundaria\/\" target=\"_blank\" data-saferedirecturl=\"https:\/\/www.google.com\/url?hl=ca&amp;q=http:\/\/serveiseducatius.xtec.cat\/badalona\/portada\/curs-orientacions-practiques-per-a-la-millora-de-la-geometria-a-leducacio-secundaria\/&amp;source=gmail&amp;ust=1485256908377000&amp;usg=AFQjCNHNj4XyvYJGhWRA-hifRL5jHF-yNg\">Llegeix m\u00e9s\u00bb<\/a><\/p>\n<header class=\"m_2822844863155921558m_-7777587728786909361gmail-m_-9043670478305984922entry-header\">\n<h2 class=\"m_2822844863155921558m_-7777587728786909361gmail-m_-9043670478305984922entry-title\"><\/h2>\n<h2 class=\"m_2822844863155921558m_-7777587728786909361gmail-m_-9043670478305984922entry-title\"><\/h2>\n<h2 class=\"m_2822844863155921558m_-7777587728786909361gmail-m_-9043670478305984922entry-title\"><span style=\"font-size: large;\"><a title=\"El \u201cmannequin challenge\u201d tamb\u00e9 al servei del foment de la lectura\" href=\"https:\/\/serveiseducatius.xtec.cat\/badalona\/portada\/el-mannequin-challenge-tambe-al-servei-del-foment-de-la-lectura\/\" target=\"_blank\" rel=\"bookmark\" data-saferedirecturl=\"https:\/\/www.google.com\/url?hl=ca&amp;q=https:\/\/serveiseducatius.xtec.cat\/badalona\/portada\/el-mannequin-challenge-tambe-al-servei-del-foment-de-la-lectura\/&amp;source=gmail&amp;ust=1485256908377000&amp;usg=AFQjCNHUgop3FNf_dZpNSKxJgxiY04hBZA\">El \u201cmannequin challenge\u201d tamb\u00e9 al servei del foment de la lectura<\/a><\/span><\/h2>\n<div class=\"m_2822844863155921558m_-7777587728786909361gmail-m_-9043670478305984922entry-original-featured-image\"><img loading=\"lazy\" decoding=\"async\" class=\"CToWUd alignright\" src=\"https:\/\/ci3.googleusercontent.com\/proxy\/h6UwjcSb8RM4bhZ1aYmLurNsWHxfJaYu8hpMhEW1rRzeDMxUdj9jTynb5F9oI3vgB8h7raWDX909fkInJSfaShgcP1GzecnFKmP3Szqq23d12VClHdcHc6uurjE0vMH65hnavJL3Sp36Zja5nq2faLKAodZwoEITJPLttTjfeE9ikgme=s0-d-e1-ft#https:\/\/serveiseducatius.xtec.cat\/badalona\/wp-content\/uploads\/usu1088\/2016\/12\/novio-germana-e1481905623444.jpg\" width=\"95\" height=\"144\" \/><\/div>\n<\/header>\n<div class=\"m_2822844863155921558m_-7777587728786909361gmail-m_-9043670478305984922entry-summary\">\n<p>La moda del mannequin challenge arriba al foment de la lectura. No us perdeu el v\u00eddeo de l\u2019escola Llibertat!\u2026\u00a0<a title=\"Read El \u201cmannequin challenge\u201d tamb\u00e9 al servei del foment de la lectura\" href=\"https:\/\/serveiseducatius.xtec.cat\/badalona\/portada\/el-mannequin-challenge-tambe-al-servei-del-foment-de-la-lectura\/\" target=\"_blank\" data-saferedirecturl=\"https:\/\/www.google.com\/url?hl=ca&amp;q=https:\/\/serveiseducatius.xtec.cat\/badalona\/portada\/el-mannequin-challenge-tambe-al-servei-del-foment-de-la-lectura\/&amp;source=gmail&amp;ust=1485256908377000&amp;usg=AFQjCNHUgop3FNf_dZpNSKxJgxiY04hBZA\">Llegeix m\u00e9s\u00bb<\/a><\/p>\n<\/div>\n<header class=\"m_2822844863155921558m_-7777587728786909361gmail-m_-9043670478305984922gmail-m_8863287587416074164entry-header\">\n<h2 class=\"m_2822844863155921558m_-7777587728786909361gmail-m_-9043670478305984922gmail-m_8863287587416074164entry-title\"><\/h2>\n<h2 class=\"m_2822844863155921558m_-7777587728786909361gmail-m_-9043670478305984922gmail-m_8863287587416074164entry-title\"><\/h2>\n<h2 class=\"m_2822844863155921558m_-7777587728786909361gmail-m_-9043670478305984922gmail-m_8863287587416074164entry-title\"><a title=\"I els llibres que m\u2019agradarien s\u00f3n\u2026\" href=\"http:\/\/serveiseducatius.xtec.cat\/badalona\/portada\/i-els-llibres-que-magradarien-son\/\" target=\"_blank\" rel=\"bookmark\" data-saferedirecturl=\"https:\/\/www.google.com\/url?hl=ca&amp;q=http:\/\/serveiseducatius.xtec.cat\/badalona\/portada\/i-els-llibres-que-magradarien-son\/&amp;source=gmail&amp;ust=1485256908377000&amp;usg=AFQjCNFcgYcU4JhbI5TS2cb_Zv4hW8TCjg\"><span style=\"font-size: large;\">I els llibres que m\u2019agradarien s\u00f3n\u2026<\/span><\/a><\/h2>\n<div class=\"m_2822844863155921558m_-7777587728786909361gmail-m_-9043670478305984922gmail-m_8863287587416074164entry-original-featured-image\"><img loading=\"lazy\" decoding=\"async\" class=\"CToWUd alignleft\" src=\"https:\/\/ci3.googleusercontent.com\/proxy\/OKhTsJuLnXeJkd6hEkz8muE00JFFa4TA--6ZhWf09JSEO-wO5EMDFbNAO5CE-av_MQffJfHeDr5kGhKF1tnHbg6amNZC2hz5jkQl92hX2IZiYCav2MQKBVJf5d2o6iz69xB2fkFB0BTuywgiWZXmRqf2EIKdPszMJUh19k_w9RkVR0PtglrMBQ=s0-d-e1-ft#http:\/\/serveiseducatius.xtec.cat\/badalona\/wp-content\/uploads\/usu1088\/2016\/12\/lectura-i-biblio-1-e1481892088278.jpg\" width=\"46\" height=\"93\" \/><\/div>\n<\/header>\n<div class=\"m_2822844863155921558m_-7777587728786909361gmail-m_-9043670478305984922gmail-m_8863287587416074164entry-summary\">\n<p>Us oferim alguns recursos per triar les lectures m\u00e9s adequades per a infants i joves aquest Nadal.\u2026<a title=\"Read I els llibres que m\u2019agradarien s\u00f3n\u2026\" href=\"http:\/\/serveiseducatius.xtec.cat\/badalona\/portada\/i-els-llibres-que-magradarien-son\/\" target=\"_blank\" data-saferedirecturl=\"https:\/\/www.google.com\/url?hl=ca&amp;q=http:\/\/serveiseducatius.xtec.cat\/badalona\/portada\/i-els-llibres-que-magradarien-son\/&amp;source=gmail&amp;ust=1485256908378000&amp;usg=AFQjCNETurn3IoE3iuStfODVgFR6n3BnKQ\">Llegeix m\u00e9s\u00bb<\/a><\/p>\n<header class=\"m_2822844863155921558m_-7777587728786909361gmail-m_-9043670478305984922gmail-m_8863287587416074164entry-header\">\n<h2 class=\"m_2822844863155921558m_-7777587728786909361gmail-m_-9043670478305984922gmail-m_8863287587416074164entry-title\"><\/h2>\n<h2 class=\"m_2822844863155921558m_-7777587728786909361gmail-m_-9043670478305984922gmail-m_8863287587416074164entry-title\"><a title=\"Recursos per fomentar l\u2019aprenentatge de l\u2019alumnat d\u2019origen estranger a l\u2019aula ordin\u00e0ria\" href=\"http:\/\/serveiseducatius.xtec.cat\/badalona\/portada\/recursos-per-fomentar-laprenentatge-de-lalumnat-dorigen-estranger-a-laula-ordinaria\/\" target=\"_blank\" rel=\"bookmark\" data-saferedirecturl=\"https:\/\/www.google.com\/url?hl=ca&amp;q=http:\/\/serveiseducatius.xtec.cat\/badalona\/portada\/recursos-per-fomentar-laprenentatge-de-lalumnat-dorigen-estranger-a-laula-ordinaria\/&amp;source=gmail&amp;ust=1485256908378000&amp;usg=AFQjCNF5r5_vXMmv31vM3fhczjScO9KPQg\"><span style=\"font-size: large;\">Recursos per fomentar l\u2019aprenentatge de l\u2019alumnat d\u2019origen estranger a l\u2019aula ordin\u00e0ria<\/span><\/a><\/h2>\n<div class=\"m_2822844863155921558m_-7777587728786909361gmail-m_-9043670478305984922gmail-m_8863287587416074164entry-original-featured-image\"><img loading=\"lazy\" decoding=\"async\" class=\"CToWUd a6T alignright\" tabindex=\"0\" src=\"https:\/\/ci4.googleusercontent.com\/proxy\/msjK1rAVl9dV8ceH7cvlrIjAHy9_gMPWMyUqwlHsvszz3AAQkIcCJtxlFVTtTrUG-99EKrDeqsYK4PjhWBOfEHPC063PNSi4biKayMyZPIk_rLuJsEncRxmbZ8W3wERcs2peAC-ypXz94RokNdqRyr5BkdZNb3aRy6fue5cYbjdQa2e6ljE=s0-d-e1-ft#http:\/\/serveiseducatius.xtec.cat\/badalona\/wp-content\/uploads\/usu1088\/2016\/12\/nouvingut2-copia-e1481886389354.jpg\" width=\"92\" height=\"73\" \/><\/div>\n<\/header>\n<div class=\"m_2822844863155921558m_-7777587728786909361gmail-m_-9043670478305984922gmail-m_8863287587416074164entry-summary\">\n<p>Taller internivells: Recursos per fomentar l\u2019aprenentatge de l\u2019alumnat d\u2019origen estranger a l\u2019aula ordin\u00e0ria.\u2026\u00a0<a title=\"Read Recursos per fomentar l\u2019aprenentatge de l\u2019alumnat d\u2019origen estranger a l\u2019aula ordin\u00e0ria\" href=\"http:\/\/serveiseducatius.xtec.cat\/badalona\/portada\/recursos-per-fomentar-laprenentatge-de-lalumnat-dorigen-estranger-a-laula-ordinaria\/\" target=\"_blank\" data-saferedirecturl=\"https:\/\/www.google.com\/url?hl=ca&amp;q=http:\/\/serveiseducatius.xtec.cat\/badalona\/portada\/recursos-per-fomentar-laprenentatge-de-lalumnat-dorigen-estranger-a-laula-ordinaria\/&amp;source=gmail&amp;ust=1485256908378000&amp;usg=AFQjCNF5r5_vXMmv31vM3fhczjScO9KPQg\">Llegeix m\u00e9s\u00bb<\/a><\/p>\n<header class=\"m_2822844863155921558m_-7777587728786909361gmail-m_-9043670478305984922gmail-m_8863287587416074164entry-header\">\n<h2 class=\"m_2822844863155921558m_-7777587728786909361gmail-m_-9043670478305984922gmail-m_8863287587416074164entry-title\"><a title=\"CONTES PER LA PAU 2016\" href=\"http:\/\/serveiseducatius.xtec.cat\/badalona\/portada\/contes-per-la-pau-2016\/\" target=\"_blank\" rel=\"bookmark\" data-saferedirecturl=\"https:\/\/www.google.com\/url?hl=ca&amp;q=http:\/\/serveiseducatius.xtec.cat\/badalona\/portada\/contes-per-la-pau-2016\/&amp;source=gmail&amp;ust=1485256908378000&amp;usg=AFQjCNFbYN-_HT8OEtmY7cxkPHWXbe0gyw\"><span style=\"font-size: large;\">CONTES PER LA PAU 2016<\/span><\/a><\/h2>\n<div class=\"m_2822844863155921558m_-7777587728786909361gmail-m_-9043670478305984922gmail-m_8863287587416074164entry-original-featured-image\"><img loading=\"lazy\" decoding=\"async\" class=\"CToWUd alignleft\" src=\"https:\/\/ci4.googleusercontent.com\/proxy\/MPMl2MvEk9NMO8zI8U9Zgn-7xaucAqC8Vi64-NPFcS8aoUYoAq-_02xa0iV5QldW3dAUjWn_fx_nZihQxqqAFwWG02lgenEDUcod-ftAO-Vbr3Xv14muTK7chXXH71Z_cTCpGOk91tgaJZw5KaFsZ2iQwz-ynBBxH67JCcO0ZzMzM0mIDMi0Jqfgly3x94xl6n_PrKhrMNkezmrkKBld-g3SqlnjC1J_vGPPTMSHTg=s0-d-e1-ft#http:\/\/serveiseducatius.xtec.cat\/badalona\/wp-content\/uploads\/usu1088\/2016\/12\/Juguem-amb-les-ones-Nick-Fadaeff-.-Nick-Fadaeff-portada--e1481877248160.jpg\" width=\"74\" height=\"104\" \/><\/div>\n<\/header>\n<div class=\"m_2822844863155921558m_-7777587728786909361gmail-m_-9043670478305984922gmail-m_8863287587416074164entry-summary\">\n<p>Aquest recull de contes \u00e9s el resultat de l\u2019activitat cooperativa CONTES PER LA PAU, realitzada pels alumnes de 5\u00e8 curs d\u2019educaci\u00f3 prim\u00e0ria de diferents escoles de Badalona\u2026\u00a0<a title=\"Read CONTES PER LA PAU 2016\" href=\"http:\/\/serveiseducatius.xtec.cat\/badalona\/portada\/contes-per-la-pau-2016\/\" target=\"_blank\" data-saferedirecturl=\"https:\/\/www.google.com\/url?hl=ca&amp;q=http:\/\/serveiseducatius.xtec.cat\/badalona\/portada\/contes-per-la-pau-2016\/&amp;source=gmail&amp;ust=1485256908378000&amp;usg=AFQjCNFbYN-_HT8OEtmY7cxkPHWXbe0gyw\">Llegeix m\u00e9s\u00bb<\/a><\/p>\n<header class=\"m_2822844863155921558m_-7777587728786909361gmail-m_-9043670478305984922gmail-m_8863287587416074164entry-header\">\n<h2 class=\"m_2822844863155921558m_-7777587728786909361gmail-m_-9043670478305984922gmail-m_8863287587416074164entry-title\"><\/h2>\n<h2 class=\"m_2822844863155921558m_-7777587728786909361gmail-m_-9043670478305984922gmail-m_8863287587416074164entry-title\"><a title=\"I Trobada Eduquem a partir de les Intel\u00b7lig\u00e8ncies M\u00faltiples\" href=\"http:\/\/serveiseducatius.xtec.cat\/badalona\/portada\/i-trobada-eduquem-a-partir-de-les-intel%c2%b7ligencies-multiples\/\" target=\"_blank\" rel=\"bookmark\" data-saferedirecturl=\"https:\/\/www.google.com\/url?hl=ca&amp;q=http:\/\/serveiseducatius.xtec.cat\/badalona\/portada\/i-trobada-eduquem-a-partir-de-les-intel%25c2%25b7ligencies-multiples\/&amp;source=gmail&amp;ust=1485256908378000&amp;usg=AFQjCNFY8SPqyo2dAR6BeLhEW30CbKsdLQ\"><span style=\"font-size: large;\">I Trobada Eduquem a partir de les Intel\u00b7lig\u00e8ncies M\u00faltiples<\/span><\/a><\/h2>\n<div class=\"m_2822844863155921558m_-7777587728786909361gmail-m_-9043670478305984922gmail-m_8863287587416074164entry-original-featured-image\"><img decoding=\"async\" class=\"CToWUd\" src=\"https:\/\/ci6.googleusercontent.com\/proxy\/oD2i6Xc8OF6q7vCB0aD3GC06AfU-B7PVP3SLu3hC07UkTQ-x23eTVtng-aVXni38xFLA8H-oBUHobi6jaVA_auQdWcmHxrIdE8zSMc7197iEOEAx61RuomM_fZfRdafNfP484_2_K3OVvbLUY8eOABduCBouDalA9F87h62z1LYNDjvdUJih1Q=s0-d-e1-ft#http:\/\/serveiseducatius.xtec.cat\/badalona\/wp-content\/uploads\/usu1088\/2016\/12\/intel-multiplesjpg-e1481883299151.jpg\" \/><\/div>\n<\/header>\n<div class=\"m_2822844863155921558m_-7777587728786909361gmail-m_-9043670478305984922gmail-m_8863287587416074164entry-summary\">\n<p>Una trobada per reflexionar i conversar sobre com podem fer servir la intel\u00b7lig\u00e8ncia per aprendre i ajudar al nostre alumnat a utilitzar els seus recursos personals.\u2026\u00a0<a title=\"Read I Trobada Eduquem a partir de les Intel\u00b7lig\u00e8ncies M\u00faltiples\" href=\"http:\/\/serveiseducatius.xtec.cat\/badalona\/portada\/i-trobada-eduquem-a-partir-de-les-intel%c2%b7ligencies-multiples\/\" target=\"_blank\" data-saferedirecturl=\"https:\/\/www.google.com\/url?hl=ca&amp;q=http:\/\/serveiseducatius.xtec.cat\/badalona\/portada\/i-trobada-eduquem-a-partir-de-les-intel%25c2%25b7ligencies-multiples\/&amp;source=gmail&amp;ust=1485256908378000&amp;usg=AFQjCNFY8SPqyo2dAR6BeLhEW30CbKsdLQ\">Llegeix m\u00e9s\u00bb<\/a><\/p>\n<header class=\"m_2822844863155921558m_-7777587728786909361gmail-m_-9043670478305984922gmail-m_8863287587416074164entry-header\">\n<h2 class=\"m_2822844863155921558m_-7777587728786909361gmail-m_-9043670478305984922gmail-m_8863287587416074164entry-title\"><a title=\"Concurs \u201cJoves i Mobilitat\u201d\" href=\"http:\/\/serveiseducatius.xtec.cat\/badalona\/general\/concurs-joves-i-mobilitat\/\" target=\"_blank\" rel=\"bookmark\" data-saferedirecturl=\"https:\/\/www.google.com\/url?hl=ca&amp;q=http:\/\/serveiseducatius.xtec.cat\/badalona\/general\/concurs-joves-i-mobilitat\/&amp;source=gmail&amp;ust=1485256908378000&amp;usg=AFQjCNHWmxUqFgqYxFYO-euVOIdgBdTV0Q\"><span style=\"font-size: large;\">Concurs \u201cJoves i Mobilitat\u201d<\/span><\/a><\/h2>\n<div class=\"m_2822844863155921558m_-7777587728786909361gmail-m_-9043670478305984922gmail-m_8863287587416074164entry-original-featured-image\"><img decoding=\"async\" class=\"CToWUd\" src=\"https:\/\/ci6.googleusercontent.com\/proxy\/WpmgahiohvbiRrpYgxJit4lG6MGM2hUMCmRdf4Cdpwo58qeiLM8wv2F-FjzgPvFfwjex6EkphxCC_4PCxHGr7izcjhOTOSoe6-aW7Ssh5rmknv7f79e8sHEEq_UEly6noRyA1u2gEO3xNnEfeyzWDILASI69bP0AMKM2tXDe1A=s0-d-e1-ft#http:\/\/serveiseducatius.xtec.cat\/badalona\/wp-content\/uploads\/usu1088\/2016\/12\/raccjoves-e1481807153952.png\" \/><\/div>\n<\/header>\n<div class=\"m_2822844863155921558m_-7777587728786909361gmail-m_-9043670478305984922gmail-m_8863287587416074164entry-summary\">\n<p>S\u2019ha convocat la desena edici\u00f3 del concurs \u201cJoves i mobilitat\u201d promogut pel RACC amb el suport del Departament d\u2019Ensenyament i adre\u00e7at a alumnes de 13 a 17 anys\u2026<a title=\"Read Concurs \u201cJoves i Mobilitat\u201d\" href=\"http:\/\/serveiseducatius.xtec.cat\/badalona\/general\/concurs-joves-i-mobilitat\/\" target=\"_blank\" data-saferedirecturl=\"https:\/\/www.google.com\/url?hl=ca&amp;q=http:\/\/serveiseducatius.xtec.cat\/badalona\/general\/concurs-joves-i-mobilitat\/&amp;source=gmail&amp;ust=1485256908378000&amp;usg=AFQjCNHWmxUqFgqYxFYO-euVOIdgBdTV0Q\">Llegeix m\u00e9s\u00bb<\/a><\/p>\n<header class=\"m_2822844863155921558m_-7777587728786909361gmail-m_-9043670478305984922gmail-m_8863287587416074164entry-header\">\n<h2 class=\"m_2822844863155921558m_-7777587728786909361gmail-m_-9043670478305984922gmail-m_8863287587416074164entry-title\"><a title=\"Lectures a l\u2019ESO \u2013 Pr\u00e9stec\" href=\"http:\/\/serveiseducatius.xtec.cat\/badalona\/portada\/lectures-a-leso-prestec\/\" target=\"_blank\" rel=\"bookmark\" data-saferedirecturl=\"https:\/\/www.google.com\/url?hl=ca&amp;q=http:\/\/serveiseducatius.xtec.cat\/badalona\/portada\/lectures-a-leso-prestec\/&amp;source=gmail&amp;ust=1485256908378000&amp;usg=AFQjCNEG3HRppbWqAypOfMR0jm6lX2E4Nw\"><span style=\"font-size: large;\">Lectures a l\u2019ESO \u2013 Pr\u00e9stec<\/span><\/a><\/h2>\n<div class=\"m_2822844863155921558m_-7777587728786909361gmail-m_-9043670478305984922gmail-m_8863287587416074164entry-original-featured-image\"><img loading=\"lazy\" decoding=\"async\" class=\"CToWUd alignright\" src=\"https:\/\/ci6.googleusercontent.com\/proxy\/JlMaUM425HsygWMVuNJrjgeYoz1u25MgzLx_w8cdjz3_NiJtRbJOvyybmipjbjehnrcwSsjC_U4pZ_Ur-EKqkz0uGCNv4bv4JXNL3R5eIWJZnQ3_zIcEoF1TEQ3Zngz6OOlTI2-3wEov4IQRvoY=s0-d-e1-ft#http:\/\/serveiseducatius.xtec.cat\/badalona\/wp-content\/uploads\/usu1088\/2016\/12\/biblios.jpg\" width=\"101\" height=\"116\" \/><\/div>\n<\/header>\n<div class=\"m_2822844863155921558m_-7777587728786909361gmail-m_-9043670478305984922gmail-m_8863287587416074164entry-summary\">\n<p>Dinamitzaci\u00f3 de la lectura a l\u2019ESO: Llibres de lectura<br \/>\nAquesta\u00a0<a href=\"http:\/\/serveiseducatius.xtec.cat\/badalona\/recursos\/mediateca-biblioteques\/llibres-de-text-lectures-a-leso-premis-ciutat-de-badalona\/\" target=\"_blank\" data-saferedirecturl=\"https:\/\/www.google.com\/url?hl=ca&amp;q=http:\/\/serveiseducatius.xtec.cat\/badalona\/recursos\/mediateca-biblioteques\/llibres-de-text-lectures-a-leso-premis-ciutat-de-badalona\/&amp;source=gmail&amp;ust=1485256908378000&amp;usg=AFQjCNEbdGtqnzobA28Pcy0r06WaH84RDw\">iniciativa<\/a>\u00a0sorgeix del grup de treball de dinamitzaci\u00f3 lectora\u00a0i t\u00e9 com a finalitat crear un vincle entre els\/les alumnes de secund\u00e0ria\u00a0i les biblioteques municipals del territori, aix\u00ed com que els alumnes\u00a0tinguin\u00a0<span title=\"Read Lectures a l\u2019ESO \u2013 Pr\u00e9stec\">Llegeix m\u00e9s\u00bb<\/span><\/p>\n<header class=\"m_2822844863155921558m_-7777587728786909361gmail-m_-9043670478305984922gmail-m_8863287587416074164entry-header\">\n<h2 class=\"m_2822844863155921558m_-7777587728786909361gmail-m_-9043670478305984922gmail-m_8863287587416074164entry-title\"><a title=\"Que les  noies no podem fer qu\u00e8?\" href=\"http:\/\/serveiseducatius.xtec.cat\/badalona\/general\/que-les-noies-no-podem-fer-que\/\" target=\"_blank\" rel=\"bookmark\" data-saferedirecturl=\"https:\/\/www.google.com\/url?hl=ca&amp;q=http:\/\/serveiseducatius.xtec.cat\/badalona\/general\/que-les-noies-no-podem-fer-que\/&amp;source=gmail&amp;ust=1485256908378000&amp;usg=AFQjCNEKJisZbrTClHtdoZxEqLq14gxNBA\"><span style=\"font-size: large;\">Que les noies no podem fer qu\u00e8?<\/span><\/a><\/h2>\n<\/header>\n<div class=\"m_2822844863155921558m_-7777587728786909361gmail-m_-9043670478305984922gmail-m_8863287587416074164entry-summary\">\n<p>Un recull bibliogr\u00e0fic de documents infantils que trenquen amb la imatge estereotipada de la dona.<br \/>\nDocuments per treballar la igualtat entre les persones, la igualtat de g\u00e9nere, el respecte, la no viol\u00e8ncia i la toler\u00e0ncia.\u2026<a title=\"Read Que les  noies no podem fer qu\u00e8?\" href=\"http:\/\/serveiseducatius.xtec.cat\/badalona\/general\/que-les-noies-no-podem-fer-que\/\" target=\"_blank\" data-saferedirecturl=\"https:\/\/www.google.com\/url?hl=ca&amp;q=http:\/\/serveiseducatius.xtec.cat\/badalona\/general\/que-les-noies-no-podem-fer-que\/&amp;source=gmail&amp;ust=1485256908378000&amp;usg=AFQjCNEKJisZbrTClHtdoZxEqLq14gxNBA\">Llegeix m\u00e9s\u00bb<\/a><\/p>\n<header class=\"m_2822844863155921558m_-7777587728786909361gmail-m_-9043670478305984922gmail-m_8863287587416074164entry-header\">\n<h2 class=\"m_2822844863155921558m_-7777587728786909361gmail-m_-9043670478305984922gmail-m_8863287587416074164entry-title\"><a title=\"ICE UAB  Formaci\u00f3 pel segon quadrimestre\" href=\"http:\/\/serveiseducatius.xtec.cat\/badalona\/portada\/ice-uab-formacio-pel-segon-quadrimestre\/\" target=\"_blank\" rel=\"bookmark\" data-saferedirecturl=\"https:\/\/www.google.com\/url?hl=ca&amp;q=http:\/\/serveiseducatius.xtec.cat\/badalona\/portada\/ice-uab-formacio-pel-segon-quadrimestre\/&amp;source=gmail&amp;ust=1485256908378000&amp;usg=AFQjCNHgHLSsnU8ZvJ6z7xQSwboCr_o0ZA\"><span style=\"font-size: large;\">ICE UAB Formaci\u00f3 pel segon quadrimestre<\/span><\/a><\/h2>\n<div class=\"m_2822844863155921558m_-7777587728786909361gmail-m_-9043670478305984922gmail-m_8863287587416074164entry-original-featured-image\"><img loading=\"lazy\" decoding=\"async\" class=\"CToWUd alignleft\" src=\"https:\/\/ci3.googleusercontent.com\/proxy\/e87gw9pbRpidq6Mg321rDmO5ZT66b1NjciupluwYg_ho7eBJPwU0FHRpHwoGAcDr0haj16uxD2mpm0JziRHVAoMLzMDUq5ApkDRCYzZ4XiB43jveoS9Km7Q_bcaBaq3MG-DA8bteusxvixShZDCrlcY_VxPC1x48lA=s0-d-e1-ft#http:\/\/serveiseducatius.xtec.cat\/badalona\/wp-content\/uploads\/usu1088\/2016\/12\/ice-e1481556601629.jpg\" width=\"284\" height=\"51\" \/><\/div>\n<\/header>\n<div class=\"m_2822844863155921558m_-7777587728786909361gmail-m_-9043670478305984922gmail-m_8863287587416074164entry-summary\">\n<p>ICE UAB. Cursos de formaci\u00f3 pel segon quadrimestre, presencials i virtuals, per l\u2019Educaci\u00f3 Infantil, Prim\u00e0ria i Secund\u00e0ria, que poden ser del vostre inter\u00e9s\u2026<a title=\"Read ICE UAB  Formaci\u00f3 pel segon quadrimestre\" href=\"http:\/\/serveiseducatius.xtec.cat\/badalona\/portada\/ice-uab-formacio-pel-segon-quadrimestre\/\" target=\"_blank\" data-saferedirecturl=\"https:\/\/www.google.com\/url?hl=ca&amp;q=http:\/\/serveiseducatius.xtec.cat\/badalona\/portada\/ice-uab-formacio-pel-segon-quadrimestre\/&amp;source=gmail&amp;ust=1485256908378000&amp;usg=AFQjCNHgHLSsnU8ZvJ6z7xQSwboCr_o0ZA\">Llegeix m\u00e9s\u00bb<\/a><\/p>\n<header class=\"m_2822844863155921558m_-7777587728786909361gmail-m_-9043670478305984922gmail-m_8863287587416074164entry-header\">\n<h2 class=\"m_2822844863155921558m_-7777587728786909361gmail-m_-9043670478305984922gmail-m_8863287587416074164entry-title\"><a title=\"El tresor de recursos. Avaluar per aprendre\" href=\"http:\/\/serveiseducatius.xtec.cat\/badalona\/portada\/el-tresor-de-recursos-avaluar-per-aprendre\/\" target=\"_blank\" rel=\"bookmark\" data-saferedirecturl=\"https:\/\/www.google.com\/url?hl=ca&amp;q=http:\/\/serveiseducatius.xtec.cat\/badalona\/portada\/el-tresor-de-recursos-avaluar-per-aprendre\/&amp;source=gmail&amp;ust=1485256908378000&amp;usg=AFQjCNGaTdsWpkUCM53kYPOEuWtdMXSAIA\"><span style=\"font-size: large;\">El tresor de recursos. Avaluar per aprendre<\/span><\/a><\/h2>\n<div class=\"m_2822844863155921558m_-7777587728786909361gmail-m_-9043670478305984922gmail-m_8863287587416074164entry-original-featured-image\"><img loading=\"lazy\" decoding=\"async\" class=\"CToWUd alignright\" src=\"https:\/\/ci4.googleusercontent.com\/proxy\/5mR-7VMKfAaqNZHZgnFRJeH8_glWqo4UlefcD0YmSMe_FXDH_pGkbWFFQBZfUA4xjoS8PyQYzlZdQOz9L13mmg4MF7LGhXsvp6QyK73PnMl5aoDXtk7mvEBD2tOUsc-1gS-Ec7CFfkWUbEILgPxGUA=s0-d-e1-ft#http:\/\/serveiseducatius.xtec.cat\/badalona\/wp-content\/uploads\/usu1088\/2016\/12\/el-tresor.jpg\" width=\"89\" height=\"85\" \/><\/div>\n<\/header>\n<div class=\"m_2822844863155921558m_-7777587728786909361gmail-m_-9043670478305984922gmail-m_8863287587416074164entry-summary\">\n<p>Per qu\u00e8 avaluar? Qu\u00e8 comporta avaluar? Qu\u00e8 entenem per avaluaci\u00f3 formadora? Quina gesti\u00f3 d\u2019aula \u00e9s necess\u00e0ria per aplicar una avaluaci\u00f3 formadora?\u2026 \u2026\u00a0<a title=\"Read El tresor de recursos. Avaluar per aprendre\" href=\"http:\/\/serveiseducatius.xtec.cat\/badalona\/portada\/el-tresor-de-recursos-avaluar-per-aprendre\/\" target=\"_blank\" data-saferedirecturl=\"https:\/\/www.google.com\/url?hl=ca&amp;q=http:\/\/serveiseducatius.xtec.cat\/badalona\/portada\/el-tresor-de-recursos-avaluar-per-aprendre\/&amp;source=gmail&amp;ust=1485256908378000&amp;usg=AFQjCNGaTdsWpkUCM53kYPOEuWtdMXSAIA\">Llegeix m\u00e9s\u00bb<\/a><\/p>\n<\/div>\n<\/div>\n<\/div>\n<\/div>\n<\/div>\n<\/div>\n<\/div>\n<\/div>\n<\/div>\n<\/div>\n<\/div>\n","protected":false},"excerpt":{"rendered":"<p>BON NADAL I FELI\u00c7 ANY NOU Els equips dels Servei Educatiu de Badalona (CRP, EAP,ELIC, Logopedes, Gestora) us desitgem un [&hellip;]<\/p>\n","protected":false},"author":9,"featured_media":6062,"comment_status":"open","ping_status":"open","sticky":false,"template":"","format":"standard","meta":{"_bbp_topic_count":0,"_bbp_reply_count":0,"_bbp_total_topic_count":0,"_bbp_total_reply_count":0,"_bbp_voice_count":0,"_bbp_anonymous_reply_count":0,"_bbp_topic_count_hidden":0,"_bbp_reply_count_hidden":0,"_bbp_forum_subforum_count":0,"site-sidebar-layout":"default","site-content-layout":"","ast-site-content-layout":"","site-content-style":"default","site-sidebar-style":"default","ast-global-header-display":"","ast-banner-title-visibility":"","ast-main-header-display":"","ast-hfb-above-header-display":"","ast-hfb-below-header-display":"","ast-hfb-mobile-header-display":"","site-post-title":"","ast-breadcrumbs-content":"","ast-featured-img":"","footer-sml-layout":"","theme-transparent-header-meta":"","adv-header-id-meta":"","stick-header-meta":"","header-above-stick-meta":"","header-main-stick-meta":"","header-below-stick-meta":"","astra-migrate-meta-layouts":"default","ast-page-background-enabled":"default","ast-page-background-meta":{"desktop":{"background-color":"var(--ast-global-color-4)","background-image":"","background-repeat":"repeat","background-position":"center center","background-size":"auto","background-attachment":"scroll","background-type":"","background-media":"","overlay-type":"","overlay-color":"","overlay-opacity":"","overlay-gradient":""},"tablet":{"background-color":"","background-image":"","background-repeat":"repeat","background-position":"center center","background-size":"auto","background-attachment":"scroll","background-type":"","background-media":"","overlay-type":"","overlay-color":"","overlay-opacity":"","overlay-gradient":""},"mobile":{"background-color":"","background-image":"","background-repeat":"repeat","background-position":"center center","background-size":"auto","background-attachment":"scroll","background-type":"","background-media":"","overlay-type":"","overlay-color":"","overlay-opacity":"","overlay-gradient":""}},"ast-content-background-meta":{"desktop":{"background-color":"var(--ast-global-color-5)","background-image":"","background-repeat":"repeat","background-position":"center center","background-size":"auto","background-attachment":"scroll","background-type":"","background-media":"","overlay-type":"","overlay-color":"","overlay-opacity":"","overlay-gradient":""},"tablet":{"background-color":"var(--ast-global-color-5)","background-image":"","background-repeat":"repeat","background-position":"center center","background-size":"auto","background-attachment":"scroll","background-type":"","background-media":"","overlay-type":"","overlay-color":"","overlay-opacity":"","overlay-gradient":""},"mobile":{"background-color":"var(--ast-global-color-5)","background-image":"","background-repeat":"repeat","background-position":"center center","background-size":"auto","background-attachment":"scroll","background-type":"","background-media":"","overlay-type":"","overlay-color":"","overlay-opacity":"","overlay-gradient":""}},"footnotes":""},"categories":[254],"tags":[],"class_list":["post-6061","post","type-post","status-publish","format-standard","has-post-thumbnail","hentry","category-full-informatiu"],"post_mailing_queue_ids":[],"_links":{"self":[{"href":"https:\/\/serveiseducatius.xtec.cat\/badalona\/wp-json\/wp\/v2\/posts\/6061","targetHints":{"allow":["GET"]}}],"collection":[{"href":"https:\/\/serveiseducatius.xtec.cat\/badalona\/wp-json\/wp\/v2\/posts"}],"about":[{"href":"https:\/\/serveiseducatius.xtec.cat\/badalona\/wp-json\/wp\/v2\/types\/post"}],"author":[{"embeddable":true,"href":"https:\/\/serveiseducatius.xtec.cat\/badalona\/wp-json\/wp\/v2\/users\/9"}],"replies":[{"embeddable":true,"href":"https:\/\/serveiseducatius.xtec.cat\/badalona\/wp-json\/wp\/v2\/comments?post=6061"}],"version-history":[{"count":1,"href":"https:\/\/serveiseducatius.xtec.cat\/badalona\/wp-json\/wp\/v2\/posts\/6061\/revisions"}],"predecessor-version":[{"id":6063,"href":"https:\/\/serveiseducatius.xtec.cat\/badalona\/wp-json\/wp\/v2\/posts\/6061\/revisions\/6063"}],"wp:featuredmedia":[{"embeddable":true,"href":"https:\/\/serveiseducatius.xtec.cat\/badalona\/wp-json\/wp\/v2\/media\/6062"}],"wp:attachment":[{"href":"https:\/\/serveiseducatius.xtec.cat\/badalona\/wp-json\/wp\/v2\/media?parent=6061"}],"wp:term":[{"taxonomy":"category","embeddable":true,"href":"https:\/\/serveiseducatius.xtec.cat\/badalona\/wp-json\/wp\/v2\/categories?post=6061"},{"taxonomy":"post_tag","embeddable":true,"href":"https:\/\/serveiseducatius.xtec.cat\/badalona\/wp-json\/wp\/v2\/tags?post=6061"}],"curies":[{"name":"wp","href":"https:\/\/api.w.org\/{rel}","templated":true}]}}