{"id":6055,"date":"2017-01-23T12:32:03","date_gmt":"2017-01-23T11:32:03","guid":{"rendered":"http:\/\/serveiseducatius.xtec.cat\/badalona\/?p=6055"},"modified":"2017-01-23T12:32:03","modified_gmt":"2017-01-23T11:32:03","slug":"full-informatiu-se-badalona-del-28-de-novembre-al-2-de-desembre","status":"publish","type":"post","link":"https:\/\/serveiseducatius.xtec.cat\/badalona\/full-informatiu\/full-informatiu-se-badalona-del-28-de-novembre-al-2-de-desembre\/","title":{"rendered":"Full informatiu SE Badalona del 28 de novembre al 2 de desembre"},"content":{"rendered":"<header class=\"m_4618587071882529878m_-2249707874979655621entry-header\">\n<h2 class=\"m_4618587071882529878m_-2249707874979655621entry-title\"><a title=\"AV\u00cdS!! Oficina gestora tancada!\" href=\"http:\/\/serveiseducatius.xtec.cat\/badalona\/general\/avis-oficina-gestora-tancada\/\" target=\"_blank\" rel=\"bookmark\" data-saferedirecturl=\"https:\/\/www.google.com\/url?hl=ca&amp;q=http:\/\/serveiseducatius.xtec.cat\/badalona\/general\/avis-oficina-gestora-tancada\/&amp;source=gmail&amp;ust=1485256908813000&amp;usg=AFQjCNEZZJBG3CIG9-5KeuMors77bDu9Eg\">AV\u00cdS!! Oficina gestora tancada!<\/a><\/h2>\n<div class=\"m_4618587071882529878m_-2249707874979655621entry-original-featured-image\"><img loading=\"lazy\" decoding=\"async\" class=\"CToWUd alignleft\" src=\"https:\/\/ci4.googleusercontent.com\/proxy\/RL3jUSGvPlCZMIxm__VPyo2t--TZ46CZfBZk-8upKzaCzXeMf9BRfLCmON_dHzCHvas6-wsXxOA33IAV9lykK222Ve7zwPNg0ammWIkyBRnM2JwGD-yxer8u-v8mkp3vWlwq2F7HRODx_VBddJyMUDV7pb2rzxXCuIfpwQ=s0-d-e1-ft#http:\/\/serveiseducatius.xtec.cat\/badalona\/wp-content\/uploads\/usu1088\/2016\/12\/tancat-e1480598336402.jpg\" width=\"97\" height=\"96\" \/><\/div>\n<\/header>\n<div class=\"m_4618587071882529878m_-2249707874979655621entry-summary\">\n<p>Els propers dies 5 i 7 de desembre, l\u2019oficina gestora de Badalona, situada a les depend\u00e8ncies de l\u2019Institut Eugeni d\u2019Ors, romandr\u00e0 tancada.\u2026\u00a0<a title=\"Read AV\u00cdS!! Oficina gestora tancada!\" href=\"http:\/\/serveiseducatius.xtec.cat\/badalona\/general\/avis-oficina-gestora-tancada\/\" target=\"_blank\" data-saferedirecturl=\"https:\/\/www.google.com\/url?hl=ca&amp;q=http:\/\/serveiseducatius.xtec.cat\/badalona\/general\/avis-oficina-gestora-tancada\/&amp;source=gmail&amp;ust=1485256908813000&amp;usg=AFQjCNEZZJBG3CIG9-5KeuMors77bDu9Eg\">Llegeix m\u00e9s\u00bb<\/a><\/p>\n<header class=\"m_4618587071882529878m_-2249707874979655621entry-header\">\n<h2 class=\"m_4618587071882529878m_-2249707874979655621entry-title\"><\/h2>\n<h2 class=\"m_4618587071882529878m_-2249707874979655621entry-title\"><a title=\"Model Competencial Orientador (SCAP)\" href=\"http:\/\/serveiseducatius.xtec.cat\/badalona\/portada\/model-competencial-orientador-scap\/\" target=\"_blank\" rel=\"bookmark\" data-saferedirecturl=\"https:\/\/www.google.com\/url?hl=ca&amp;q=http:\/\/serveiseducatius.xtec.cat\/badalona\/portada\/model-competencial-orientador-scap\/&amp;source=gmail&amp;ust=1485256908814000&amp;usg=AFQjCNG2jx3JwNuBiBPiRKo4iFtXD4VCvg\">Model Competencial Orientador (SCAP)<\/a><\/h2>\n<\/header>\n<div class=\"m_4618587071882529878m_-2249707874979655621entry-summary\">\n<p>Us donem a con\u00e8ixer l\u2019itinerari formatiu que desenvolupa el Model Competencial Orientador (SCAP) com a instrument de centre per a desenvolupar el treball per compet\u00e8ncies, el disseny de projectes, l\u2019avaluaci\u00f3 autoreguladora i formativa de l\u2019alumne i la personalitzaci\u00f3 de l\u2019aprenentatge.<br \/>\nAcc\u00e9s al document:\u00a0<a href=\"https:\/\/drive.google.com\/file\/d\/0B7J2wtKTJ0CvUUpzN0ZUbDU3eVhUcG5DWUM3ckhBcmwydmJB\/view\" target=\"_blank\" data-saferedirecturl=\"https:\/\/www.google.com\/url?hl=ca&amp;q=https:\/\/drive.google.com\/file\/d\/0B7J2wtKTJ0CvUUpzN0ZUbDU3eVhUcG5DWUM3ckhBcmwydmJB\/view&amp;source=gmail&amp;ust=1485256908814000&amp;usg=AFQjCNGmi7_syErSD8vkpNlwHlKxb4KaPQ\">Itinerari\u2026\u00a0<\/a><a title=\"Read Model Competencial Orientador (SCAP)\" href=\"http:\/\/serveiseducatius.xtec.cat\/badalona\/portada\/model-competencial-orientador-scap\/\" target=\"_blank\" data-saferedirecturl=\"https:\/\/www.google.com\/url?hl=ca&amp;q=http:\/\/serveiseducatius.xtec.cat\/badalona\/portada\/model-competencial-orientador-scap\/&amp;source=gmail&amp;ust=1485256908814000&amp;usg=AFQjCNG2jx3JwNuBiBPiRKo4iFtXD4VCvg\">Llegeix m\u00e9s\u00bb<\/a><\/p>\n<header class=\"m_4618587071882529878m_-2249707874979655621entry-header\">\n<h2 class=\"m_4618587071882529878m_-2249707874979655621entry-title\"><a title=\"Nova publicaci\u00f3 de compet\u00e8ncies b\u00e0siques a prim\u00e0ria: Educaci\u00f3 F\u00edsica\" href=\"http:\/\/serveiseducatius.xtec.cat\/badalona\/portada\/nova-publicacio-de-competencies-basiques-a-primaria-educacio-fisica\/\" target=\"_blank\" rel=\"bookmark\" data-saferedirecturl=\"https:\/\/www.google.com\/url?hl=ca&amp;q=http:\/\/serveiseducatius.xtec.cat\/badalona\/portada\/nova-publicacio-de-competencies-basiques-a-primaria-educacio-fisica\/&amp;source=gmail&amp;ust=1485256908814000&amp;usg=AFQjCNEfhs9tPbCG7r5oN6g_FlOgdLFqMg\">Nova publicaci\u00f3 de compet\u00e8ncies b\u00e0siques a prim\u00e0ria: Educaci\u00f3 F\u00edsica<\/a><\/h2>\n<div class=\"m_4618587071882529878m_-2249707874979655621entry-original-featured-image\"><img loading=\"lazy\" decoding=\"async\" class=\"CToWUd alignright\" src=\"https:\/\/ci3.googleusercontent.com\/proxy\/RnDd_iR16-kOPGEw9xc5Uk9YJ4EpJmlotw-nuRf00n1Mqs0B0KLUfq9FYuyWJZARORQ79xcx5Yc0FNa3MRc3KKGH-sAHRTBNy_YX3aCjTUpoHYN7mKAl98GiixaOeZU70oRZGrAiHi1DJZwW5dCy1pWkq51h18TdmIzIZiVEY5RkAxqbwXyTlqkf_NELJNMcZ353b43cqOSbfn7M=s0-d-e1-ft#http:\/\/serveiseducatius.xtec.cat\/badalona\/wp-content\/uploads\/usu1088\/2016\/12\/prim-educacio-fisica.jpg_1599195446-1-e1480692096633.jpg\" width=\"108\" height=\"153\" \/><\/div>\n<\/header>\n<div class=\"m_4618587071882529878m_-2249707874979655621entry-summary\">\n<p>El document cont\u00e9 les compet\u00e8ncies, graduades en tres nivells, que cal haver adquirit en acabar l\u2019etapa, els continguts clau relacionats amb cada compet\u00e8ncia, les orientacions metodol\u00f2giques i les d\u2019avaluaci\u00f3\u2026\u00a0<a title=\"Read Nova publicaci\u00f3 de compet\u00e8ncies b\u00e0siques a prim\u00e0ria: Educaci\u00f3 F\u00edsica\" href=\"http:\/\/serveiseducatius.xtec.cat\/badalona\/portada\/nova-publicacio-de-competencies-basiques-a-primaria-educacio-fisica\/\" target=\"_blank\" data-saferedirecturl=\"https:\/\/www.google.com\/url?hl=ca&amp;q=http:\/\/serveiseducatius.xtec.cat\/badalona\/portada\/nova-publicacio-de-competencies-basiques-a-primaria-educacio-fisica\/&amp;source=gmail&amp;ust=1485256908814000&amp;usg=AFQjCNEfhs9tPbCG7r5oN6g_FlOgdLFqMg\">Llegeix m\u00e9s\u00bb<\/a><\/p>\n<\/div>\n<\/div>\n<\/div>\n<p>&nbsp;<\/p>\n<div class=\"m_4618587071882529878m_-2249707874979655621entry-summary\">\n<div class=\"m_4618587071882529878m_-2249707874979655621entry-summary\">\n<div class=\"m_4618587071882529878m_-2249707874979655621entry-summary\">\n<header class=\"m_4618587071882529878m_-2249707874979655621entry-header\">\n<h2 class=\"m_4618587071882529878m_-2249707874979655621entry-title\"><\/h2>\n<h2 class=\"m_4618587071882529878m_-2249707874979655621entry-title\"><a title=\"Projecte \u00abCasalsEduca\u00bb apropa Pau Casals als escolars catalans\" href=\"http:\/\/serveiseducatius.xtec.cat\/badalona\/portada\/projecte-casalseduca-apropa-pau-casals-als-escolars-catalans\/\" target=\"_blank\" rel=\"bookmark\" data-saferedirecturl=\"https:\/\/www.google.com\/url?hl=ca&amp;q=http:\/\/serveiseducatius.xtec.cat\/badalona\/portada\/projecte-casalseduca-apropa-pau-casals-als-escolars-catalans\/&amp;source=gmail&amp;ust=1485256908814000&amp;usg=AFQjCNG7Frj9kZL80PbjlsFH0fwXlwE5Xw\">Projecte \u00abCasalsEduca\u00bb apropa Pau Casals als escolars catalans<\/a><\/h2>\n<div class=\"m_4618587071882529878m_-2249707874979655621entry-original-featured-image\"><img loading=\"lazy\" decoding=\"async\" class=\"CToWUd alignleft\" src=\"https:\/\/ci5.googleusercontent.com\/proxy\/m6zWVQzPQV3q8yfO6umK3zQ289MHsMtFKEWTMYw8wcB4jCPu4REo6T9vvn6140_MpzRMkgMJTiWyNqpBtmVwLgc2Ia9OpaMN8AsQvjPlXxen_WYp3A4vgyY8lNibo3lnalNJXtn_VeiLeg_iEktzcNawOng7vvrS9RO3CBJTJD0=s0-d-e1-ft#http:\/\/serveiseducatius.xtec.cat\/badalona\/wp-content\/uploads\/usu1088\/2016\/12\/pau-casals-e1480694358141.png\" width=\"64\" height=\"88\" \/><\/div>\n<\/header>\n<div class=\"m_4618587071882529878m_-2249707874979655621entry-summary\">\n<p>La Fundaci\u00f3 Pau Casals, amb l\u2019objectiu d\u2019apropar la figura de Pau Casals a tots els escolars de Catalunya, ha engegat el projecte \u00abCasalEduca\u00bb, una p\u00e0gina web amb una gran varietat de recursos educatius i un recull d\u2019activitats per a fer a l\u2019aula.\u2026\u00a0<a title=\"Read Projecte \u00abCasalsEduca\u00bb apropa Pau Casals als escolars catalans\" href=\"http:\/\/serveiseducatius.xtec.cat\/badalona\/portada\/projecte-casalseduca-apropa-pau-casals-als-escolars-catalans\/\" target=\"_blank\" data-saferedirecturl=\"https:\/\/www.google.com\/url?hl=ca&amp;q=http:\/\/serveiseducatius.xtec.cat\/badalona\/portada\/projecte-casalseduca-apropa-pau-casals-als-escolars-catalans\/&amp;source=gmail&amp;ust=1485256908814000&amp;usg=AFQjCNG7Frj9kZL80PbjlsFH0fwXlwE5Xw\">Llegeix m\u00e9s\u00bb<\/a><\/p>\n<header class=\"m_4618587071882529878m_-2249707874979655621entry-header\">\n<h2 class=\"m_4618587071882529878m_-2249707874979655621entry-title\"><\/h2>\n<h2 class=\"m_4618587071882529878m_-2249707874979655621entry-title\"><a title=\"La UB divulga \u2013 Toc-toc\" href=\"http:\/\/serveiseducatius.xtec.cat\/badalona\/portada\/la-ub-divulga-toc-toc\/\" target=\"_blank\" rel=\"bookmark\" data-saferedirecturl=\"https:\/\/www.google.com\/url?hl=ca&amp;q=http:\/\/serveiseducatius.xtec.cat\/badalona\/portada\/la-ub-divulga-toc-toc\/&amp;source=gmail&amp;ust=1485256908815000&amp;usg=AFQjCNGOC-mR9ueN2r8YOBaetm-KajM-iQ\">La UB divulga \u2013 Toc-toc<\/a><\/h2>\n<div class=\"m_4618587071882529878m_-2249707874979655621entry-original-featured-image\"><img loading=\"lazy\" decoding=\"async\" class=\"CToWUd alignright\" src=\"https:\/\/ci3.googleusercontent.com\/proxy\/RNQzwaSuUU75jGLU9r5QXYzhhW4h4dcuxJoxhsD-3WIYD43sM8pI_qXrsOEYhnhwGt0XTV-SlaO-yw6rH9H_vukPxPGTUpt__oDueCmg6x-r8HMojvCXDvD05-d_le0r9HFPc2lfBe09ownxDfMJ6jwMkNLgT1vExy20VLEELw=s0-d-e1-ft#http:\/\/serveiseducatius.xtec.cat\/badalona\/wp-content\/uploads\/usu1088\/2016\/12\/unnamed-3-e1480598452540.jpg\" width=\"71\" height=\"115\" \/><\/div>\n<\/header>\n<div class=\"m_4618587071882529878m_-2249707874979655621entry-summary\">\n<p>Vols rebre la visita d\u2019un investigador@ al teu centre? Doncs fes-nos un \u201ctoc-toc\u201d!\u2026\u00a0<a title=\"Read La UB divulga \u2013 Toc-toc\" href=\"http:\/\/serveiseducatius.xtec.cat\/badalona\/portada\/la-ub-divulga-toc-toc\/\" target=\"_blank\" data-saferedirecturl=\"https:\/\/www.google.com\/url?hl=ca&amp;q=http:\/\/serveiseducatius.xtec.cat\/badalona\/portada\/la-ub-divulga-toc-toc\/&amp;source=gmail&amp;ust=1485256908815000&amp;usg=AFQjCNGOC-mR9ueN2r8YOBaetm-KajM-iQ\">Llegeix m\u00e9s\u00bb<\/a><\/p>\n<header class=\"m_4618587071882529878m_-2249707874979655621entry-header\">\n<h2 class=\"m_4618587071882529878m_-2249707874979655621entry-title\"><\/h2>\n<h2 class=\"m_4618587071882529878m_-2249707874979655621entry-title\"><a title=\"Concurs en angl\u00e8s: The Fonix\" href=\"http:\/\/serveiseducatius.xtec.cat\/badalona\/general\/concursos-en-angles-the-fonix-i-concurs-de-teatre-shakespeare-del-trinity-college\/\" target=\"_blank\" rel=\"bookmark\" data-saferedirecturl=\"https:\/\/www.google.com\/url?hl=ca&amp;q=http:\/\/serveiseducatius.xtec.cat\/badalona\/general\/concursos-en-angles-the-fonix-i-concurs-de-teatre-shakespeare-del-trinity-college\/&amp;source=gmail&amp;ust=1485256908815000&amp;usg=AFQjCNFTVGmASnnYZXMeHdWzc9geCn49pA\">Concurs en angl\u00e8s: The Fonix<\/a><\/h2>\n<div class=\"m_4618587071882529878m_-2249707874979655621entry-original-featured-image\"><img loading=\"lazy\" decoding=\"async\" class=\"CToWUd a6T alignleft\" tabindex=\"0\" src=\"https:\/\/ci5.googleusercontent.com\/proxy\/mVgPIYPXuwh8Dh_7u4_uxaQzZ0V68rfjh7RW-XlYxBpz7mm8F_bdb8DwQdyk3V-GW2BR1DaFnk79tzcNoP45Du3WEX_f8EGa472y-PEZgieJrfjE2qqfUVfbac98ZwT0QusDTkrZoglk0qjLfykw77IAcxLEIjDdAOzw=s0-d-e1-ft#http:\/\/serveiseducatius.xtec.cat\/badalona\/wp-content\/uploads\/usu1088\/2016\/12\/fonix-e1480693191296.png\" width=\"179\" height=\"110\" \/><\/div>\n<\/header>\n<div class=\"m_4618587071882529878m_-2249707874979655621entry-summary\">\n<p><a href=\"http:\/\/www.the-fonix.org\/index.html\" target=\"_blank\" data-saferedirecturl=\"https:\/\/www.google.com\/url?hl=ca&amp;q=http:\/\/www.the-fonix.org\/index.html&amp;source=gmail&amp;ust=1485256908815000&amp;usg=AFQjCNERs9YT9HHbJU0rGx5kj8CuWaoG4Q\">CONCURS\u00a0THE\u00a0FONIX<\/a>\u00a0\u2013 El proper 10 de novembre s\u2019obrir\u00e0 la inscripci\u00f3 al 10\u00e8 concurs d\u2019escriptura en angl\u00e8s\u00a0the\u00a0Fonix. \u00c9s\u00a0una iniciativa que pret\u00e9n complementar els plans de millora de la llengua anglesa als centres educatius, i s\u2019adre\u00e7a a tot l\u2019alumnat de qualsevol centre educatiu de\u2026<a title=\"Read Concurs en angl\u00e8s: The Fonix\" href=\"http:\/\/serveiseducatius.xtec.cat\/badalona\/general\/concursos-en-angles-the-fonix-i-concurs-de-teatre-shakespeare-del-trinity-college\/\" target=\"_blank\" data-saferedirecturl=\"https:\/\/www.google.com\/url?hl=ca&amp;q=http:\/\/serveiseducatius.xtec.cat\/badalona\/general\/concursos-en-angles-the-fonix-i-concurs-de-teatre-shakespeare-del-trinity-college\/&amp;source=gmail&amp;ust=1485256908815000&amp;usg=AFQjCNFTVGmASnnYZXMeHdWzc9geCn49pA\">Llegeix m\u00e9s\u00bb<\/a><\/p>\n<header class=\"m_4618587071882529878m_-2249707874979655621entry-header\">\n<h2 class=\"m_4618587071882529878m_-2249707874979655621entry-title\"><a title=\"Exposici\u00f3 \u201cDespr\u00e9s de les onades\u201d a l\u2019Ateneu Sant Roc\" href=\"http:\/\/serveiseducatius.xtec.cat\/badalona\/portada\/exposicio-despres-de-les-onades-a-lateneu-sant-roc\/\" target=\"_blank\" rel=\"bookmark\" data-saferedirecturl=\"https:\/\/www.google.com\/url?hl=ca&amp;q=http:\/\/serveiseducatius.xtec.cat\/badalona\/portada\/exposicio-despres-de-les-onades-a-lateneu-sant-roc\/&amp;source=gmail&amp;ust=1485256908816000&amp;usg=AFQjCNFHtphnzIblzxUfggtRryyaQgRhEQ\">Exposici\u00f3 \u201cDespr\u00e9s de les onades\u201d a l\u2019Ateneu Sant Roc<\/a><\/h2>\n<div class=\"m_4618587071882529878m_-2249707874979655621entry-original-featured-image\"><img loading=\"lazy\" decoding=\"async\" class=\"CToWUd a6T alignright\" tabindex=\"0\" src=\"https:\/\/ci5.googleusercontent.com\/proxy\/RkD74Ky0w7GKmm76oZLobqk-CXP6Ue1oTiJfhhqkANZumSGzqkZt-aEZ2QxMsDWLRj85v_AH6c3OJEF5kmURfXvASGjcE12THLH4bJNjy_UVjBT6N_7a6RUV_PgAbpxmzQbtj7kRV8Ni8VG8QK30-sruhzTDHJxGLTz1d9U=s0-d-e1-ft#http:\/\/serveiseducatius.xtec.cat\/badalona\/wp-content\/uploads\/usu1088\/2016\/12\/unnamed-e1480596593407.jpg\" width=\"155\" height=\"103\" \/><\/div>\n<\/header>\n<div class=\"m_4618587071882529878m_-2249707874979655621entry-summary\">\n<p>L\u2019Ateneu Sant Roc acollir\u00e0 l\u2019exposici\u00f3 DESPR\u00c9S DE LES ONADES<br \/>\ndel 21 de novembre al 23 de desembre de 2016.\u2026<a title=\"Read Exposici\u00f3 \u201cDespr\u00e9s de les onades\u201d a l\u2019Ateneu Sant Roc\" href=\"http:\/\/serveiseducatius.xtec.cat\/badalona\/portada\/exposicio-despres-de-les-onades-a-lateneu-sant-roc\/\" target=\"_blank\" data-saferedirecturl=\"https:\/\/www.google.com\/url?hl=ca&amp;q=http:\/\/serveiseducatius.xtec.cat\/badalona\/portada\/exposicio-despres-de-les-onades-a-lateneu-sant-roc\/&amp;source=gmail&amp;ust=1485256908816000&amp;usg=AFQjCNFHtphnzIblzxUfggtRryyaQgRhEQ\">Llegeix m\u00e9s\u00bb<\/a><\/p>\n<header class=\"m_4618587071882529878m_-2249707874979655621entry-header\">\n<h2 class=\"m_4618587071882529878m_-2249707874979655621entry-title\"><\/h2>\n<h2 class=\"m_4618587071882529878m_-2249707874979655621entry-title\"><\/h2>\n<h2 class=\"m_4618587071882529878m_-2249707874979655621entry-title\"><a title=\"El gust per la lectura: Encara hi sou a temps!\" href=\"http:\/\/serveiseducatius.xtec.cat\/badalona\/general\/el-gust-per-la-lectura-encara-hi-sou-a-temps\/\" target=\"_blank\" rel=\"bookmark\" data-saferedirecturl=\"https:\/\/www.google.com\/url?hl=ca&amp;q=http:\/\/serveiseducatius.xtec.cat\/badalona\/general\/el-gust-per-la-lectura-encara-hi-sou-a-temps\/&amp;source=gmail&amp;ust=1485256908816000&amp;usg=AFQjCNEEzvUpvCxcP5qOgcUBjnY08W5fzw\">El gust per la lectura: Encara hi sou a temps!<\/a><\/h2>\n<div class=\"m_4618587071882529878m_-2249707874979655621entry-original-featured-image\"><img loading=\"lazy\" decoding=\"async\" class=\"CToWUd a6T alignleft\" tabindex=\"0\" src=\"https:\/\/ci6.googleusercontent.com\/proxy\/19dahOsqMAfENDd2pmoa-HJ5YuCGsrwjten6eXhAfGT81tI4_qY3MyHky7oR4gmAmICUFIJxPS4054vaDvxp-iC71R5qet268kQn0RMA362WMKNDtYO2ILNbctDx2r-2aeYu4G2B0Q9j8BmujL7fhNjiH4lDOYSEA2bHG3a1r40=s0-d-e1-ft#http:\/\/serveiseducatius.xtec.cat\/badalona\/wp-content\/uploads\/usu1088\/2016\/11\/elgust_358.png_1595044798.png\" width=\"75\" height=\"75\" \/><\/div>\n<\/header>\n<div class=\"m_4618587071882529878m_-2249707874979655621entry-summary\">\n<p>Oberta la inscripci\u00f3 per al XXII Concurs El gust per la lectura,\u2026\u00a0<a title=\"Read El gust per la lectura: Encara hi sou a temps!\" href=\"http:\/\/serveiseducatius.xtec.cat\/badalona\/general\/el-gust-per-la-lectura-encara-hi-sou-a-temps\/\" target=\"_blank\" data-saferedirecturl=\"https:\/\/www.google.com\/url?hl=ca&amp;q=http:\/\/serveiseducatius.xtec.cat\/badalona\/general\/el-gust-per-la-lectura-encara-hi-sou-a-temps\/&amp;source=gmail&amp;ust=1485256908816000&amp;usg=AFQjCNEEzvUpvCxcP5qOgcUBjnY08W5fzw\">Llegeix m\u00e9s\u00bb<\/a><\/p>\n<\/div>\n<\/div>\n<\/div>\n<\/div>\n<\/div>\n<\/div>\n<\/div>\n<\/div>\n","protected":false},"excerpt":{"rendered":"<p>AV\u00cdS!! Oficina gestora tancada! Els propers dies 5 i 7 de desembre, l\u2019oficina gestora de Badalona, situada a les depend\u00e8ncies [&hellip;]<\/p>\n","protected":false},"author":9,"featured_media":6011,"comment_status":"open","ping_status":"open","sticky":false,"template":"","format":"standard","meta":{"_bbp_topic_count":0,"_bbp_reply_count":0,"_bbp_total_topic_count":0,"_bbp_total_reply_count":0,"_bbp_voice_count":0,"_bbp_anonymous_reply_count":0,"_bbp_topic_count_hidden":0,"_bbp_reply_count_hidden":0,"_bbp_forum_subforum_count":0,"site-sidebar-layout":"default","site-content-layout":"","ast-site-content-layout":"","site-content-style":"default","site-sidebar-style":"default","ast-global-header-display":"","ast-banner-title-visibility":"","ast-main-header-display":"","ast-hfb-above-header-display":"","ast-hfb-below-header-display":"","ast-hfb-mobile-header-display":"","site-post-title":"","ast-breadcrumbs-content":"","ast-featured-img":"","footer-sml-layout":"","theme-transparent-header-meta":"","adv-header-id-meta":"","stick-header-meta":"","header-above-stick-meta":"","header-main-stick-meta":"","header-below-stick-meta":"","astra-migrate-meta-layouts":"default","ast-page-background-enabled":"default","ast-page-background-meta":{"desktop":{"background-color":"var(--ast-global-color-4)","background-image":"","background-repeat":"repeat","background-position":"center center","background-size":"auto","background-attachment":"scroll","background-type":"","background-media":"","overlay-type":"","overlay-color":"","overlay-opacity":"","overlay-gradient":""},"tablet":{"background-color":"","background-image":"","background-repeat":"repeat","background-position":"center center","background-size":"auto","background-attachment":"scroll","background-type":"","background-media":"","overlay-type":"","overlay-color":"","overlay-opacity":"","overlay-gradient":""},"mobile":{"background-color":"","background-image":"","background-repeat":"repeat","background-position":"center center","background-size":"auto","background-attachment":"scroll","background-type":"","background-media":"","overlay-type":"","overlay-color":"","overlay-opacity":"","overlay-gradient":""}},"ast-content-background-meta":{"desktop":{"background-color":"var(--ast-global-color-5)","background-image":"","background-repeat":"repeat","background-position":"center center","background-size":"auto","background-attachment":"scroll","background-type":"","background-media":"","overlay-type":"","overlay-color":"","overlay-opacity":"","overlay-gradient":""},"tablet":{"background-color":"var(--ast-global-color-5)","background-image":"","background-repeat":"repeat","background-position":"center center","background-size":"auto","background-attachment":"scroll","background-type":"","background-media":"","overlay-type":"","overlay-color":"","overlay-opacity":"","overlay-gradient":""},"mobile":{"background-color":"var(--ast-global-color-5)","background-image":"","background-repeat":"repeat","background-position":"center center","background-size":"auto","background-attachment":"scroll","background-type":"","background-media":"","overlay-type":"","overlay-color":"","overlay-opacity":"","overlay-gradient":""}},"footnotes":""},"categories":[254],"tags":[],"class_list":["post-6055","post","type-post","status-publish","format-standard","has-post-thumbnail","hentry","category-full-informatiu"],"post_mailing_queue_ids":[],"_links":{"self":[{"href":"https:\/\/serveiseducatius.xtec.cat\/badalona\/wp-json\/wp\/v2\/posts\/6055","targetHints":{"allow":["GET"]}}],"collection":[{"href":"https:\/\/serveiseducatius.xtec.cat\/badalona\/wp-json\/wp\/v2\/posts"}],"about":[{"href":"https:\/\/serveiseducatius.xtec.cat\/badalona\/wp-json\/wp\/v2\/types\/post"}],"author":[{"embeddable":true,"href":"https:\/\/serveiseducatius.xtec.cat\/badalona\/wp-json\/wp\/v2\/users\/9"}],"replies":[{"embeddable":true,"href":"https:\/\/serveiseducatius.xtec.cat\/badalona\/wp-json\/wp\/v2\/comments?post=6055"}],"version-history":[{"count":1,"href":"https:\/\/serveiseducatius.xtec.cat\/badalona\/wp-json\/wp\/v2\/posts\/6055\/revisions"}],"predecessor-version":[{"id":6056,"href":"https:\/\/serveiseducatius.xtec.cat\/badalona\/wp-json\/wp\/v2\/posts\/6055\/revisions\/6056"}],"wp:featuredmedia":[{"embeddable":true,"href":"https:\/\/serveiseducatius.xtec.cat\/badalona\/wp-json\/wp\/v2\/media\/6011"}],"wp:attachment":[{"href":"https:\/\/serveiseducatius.xtec.cat\/badalona\/wp-json\/wp\/v2\/media?parent=6055"}],"wp:term":[{"taxonomy":"category","embeddable":true,"href":"https:\/\/serveiseducatius.xtec.cat\/badalona\/wp-json\/wp\/v2\/categories?post=6055"},{"taxonomy":"post_tag","embeddable":true,"href":"https:\/\/serveiseducatius.xtec.cat\/badalona\/wp-json\/wp\/v2\/tags?post=6055"}],"curies":[{"name":"wp","href":"https:\/\/api.w.org\/{rel}","templated":true}]}}