{"id":6024,"date":"2016-11-18T16:47:08","date_gmt":"2016-11-18T15:47:08","guid":{"rendered":"http:\/\/serveiseducatius.xtec.cat\/badalona\/?p=6024"},"modified":"2017-01-19T14:50:46","modified_gmt":"2017-01-19T13:50:46","slug":"full-informatiu-se-badalona-del-14-al-18-de-novembre","status":"publish","type":"post","link":"https:\/\/serveiseducatius.xtec.cat\/badalona\/full-informatiu\/full-informatiu-se-badalona-del-14-al-18-de-novembre\/","title":{"rendered":"Full informatiu SE Badalona del 14 al 18 de novembre"},"content":{"rendered":"<header class=\"m_-6388522375298349523m_401812601780242480m_8876869786990371528m_8079281532028038730entry-header\">\n<h2 class=\"m_-6388522375298349523m_401812601780242480m_8876869786990371528m_8079281532028038730entry-title\"><a title=\"Confer\u00e8ncia: \u201cAprendre ci\u00e8ncia des del n\u00e9ixer \u201c\" href=\"http:\/\/serveiseducatius.xtec.cat\/badalona\/portada\/cicle-de-conferencies-investigar-en-larea-de-coneixement-del-medi-natural-i-social-a-educacio-infantil-i-primaria\/\" target=\"_blank\" rel=\"bookmark\" data-saferedirecturl=\"https:\/\/www.google.com\/url?hl=ca&amp;q=http:\/\/serveiseducatius.xtec.cat\/badalona\/portada\/cicle-de-conferencies-investigar-en-larea-de-coneixement-del-medi-natural-i-social-a-educacio-infantil-i-primaria\/&amp;source=gmail&amp;ust=1484912376501000&amp;usg=AFQjCNGFgaVk_bzZ7auOcTiGsJh6eB0hpA\">Confer\u00e8ncia: \u201cAprendre ci\u00e8ncia des del n\u00e9ixer\u00a0<\/a>&#8220;<\/h2>\n<div class=\"m_-6388522375298349523m_401812601780242480m_8876869786990371528m_8079281532028038730entry-original-featured-image\"><img loading=\"lazy\" decoding=\"async\" class=\"CToWUd alignleft\" src=\"https:\/\/ci4.googleusercontent.com\/proxy\/j8Y0pbLyboXjEKl2PN2o8B_4VoE3neWZxQOXKwrlMlp1ZYni6__84FhYpn0VyRETCa82IDeZJ1brLcjjUwq9uYuK4TDhitgM0sYDkWO2t2zKSEvePpWtgKZ3Wkvo56eT0EeORlKnkgvvS8cO4wmQGpIKHXzpM0lPWAPg=s0-d-e1-ft#http:\/\/serveiseducatius.xtec.cat\/badalona\/wp-content\/uploads\/usu1088\/2016\/10\/lab06-e1478862334863.jpg\" width=\"199\" height=\"124\" \/><\/div>\n<\/header>\n<div class=\"m_-6388522375298349523m_401812601780242480m_8876869786990371528m_8079281532028038730entry-summary\">\n<p>Reflexions al voltant de les ci\u00e8ncies i els infants a partir de pr\u00e0ctiques d\u2019aula que aporten pistes per a aconseguir una ci\u00e8ncia seductora i emocionant a l\u2019ed. infantil.<br \/>\nA c\u00e0rrec de: Montserrat Pedreira<br \/>\n24 de novembre, Inscripci\u00f3 oberta\u2026<a title=\"Read Confer\u00e8ncia: \u201cAprendre ci\u00e8ncia des del n\u00e9ixer \u201c\" href=\"http:\/\/serveiseducatius.xtec.cat\/badalona\/portada\/cicle-de-conferencies-investigar-en-larea-de-coneixement-del-medi-natural-i-social-a-educacio-infantil-i-primaria\/\" target=\"_blank\" data-saferedirecturl=\"https:\/\/www.google.com\/url?hl=ca&amp;q=http:\/\/serveiseducatius.xtec.cat\/badalona\/portada\/cicle-de-conferencies-investigar-en-larea-de-coneixement-del-medi-natural-i-social-a-educacio-infantil-i-primaria\/&amp;source=gmail&amp;ust=1484912376502000&amp;usg=AFQjCNElSDI3jOf-4fCdcNRGFK32c9DiIA\">Llegeix m\u00e9s\u00bb<\/a><\/p>\n<header class=\"m_-6388522375298349523m_401812601780242480m_8876869786990371528m_8079281532028038730entry-header\">\n<h2 class=\"m_-6388522375298349523m_401812601780242480m_8876869786990371528m_8079281532028038730entry-title\"><a title=\"Taller de Matem\u00e0tica recreativa\" href=\"http:\/\/serveiseducatius.xtec.cat\/badalona\/portada\/taller-de-matematica-recreativa\/\" target=\"_blank\" rel=\"bookmark\" data-saferedirecturl=\"https:\/\/www.google.com\/url?hl=ca&amp;q=http:\/\/serveiseducatius.xtec.cat\/badalona\/portada\/taller-de-matematica-recreativa\/&amp;source=gmail&amp;ust=1484912376502000&amp;usg=AFQjCNGS8qZo0cucxsQb8b_msWXoJhP5vQ\">Taller de Matem\u00e0tica recreativa<\/a><\/h2>\n<\/header>\n<div class=\"m_-6388522375298349523m_401812601780242480m_8876869786990371528m_8079281532028038730entry-summary\">\n<p>Taller de matem\u00e0tica recreativa per a professorat de prim\u00e0ria i secund\u00e0ria<br \/>\nDimarts 29 novembre, a les 17.30h,<br \/>\nCasal del Mestre Sta Coloma Gramenet\u2026<a title=\"Read Taller de Matem\u00e0tica recreativa\" href=\"http:\/\/serveiseducatius.xtec.cat\/badalona\/portada\/taller-de-matematica-recreativa\/\" target=\"_blank\" data-saferedirecturl=\"https:\/\/www.google.com\/url?hl=ca&amp;q=http:\/\/serveiseducatius.xtec.cat\/badalona\/portada\/taller-de-matematica-recreativa\/&amp;source=gmail&amp;ust=1484912376502000&amp;usg=AFQjCNGS8qZo0cucxsQb8b_msWXoJhP5vQ\">Llegeix m\u00e9s\u00bb<\/a><\/p>\n<header class=\"m_-6388522375298349523m_401812601780242480m_8876869786990371528m_8079281532028038730entry-header\">\n<h2 class=\"m_-6388522375298349523m_401812601780242480m_8876869786990371528m_8079281532028038730entry-title\"><a title=\"La ci\u00e8ncia en primera persona, a dos centres de Badalona\" href=\"http:\/\/serveiseducatius.xtec.cat\/badalona\/portada\/la-ciencia-en-primera-persona-a-dos-centres-de-badalona\/\" target=\"_blank\" rel=\"bookmark\" data-saferedirecturl=\"https:\/\/www.google.com\/url?hl=ca&amp;q=http:\/\/serveiseducatius.xtec.cat\/badalona\/portada\/la-ciencia-en-primera-persona-a-dos-centres-de-badalona\/&amp;source=gmail&amp;ust=1484912376502000&amp;usg=AFQjCNFhHCspkk2omUjW6HjbPkGjtiFXsQ\">La ci\u00e8ncia en primera persona, a dos centres de Badalona<\/a><\/h2>\n<\/header>\n<div class=\"m_-6388522375298349523m_401812601780242480m_8876869786990371528m_8079281532028038730entry-summary\">\n<p>L\u2019Institut Badalona VII i el Col\u00b7legi Maristes Champagnat han acollit aquest any les confer\u00e8ncies \u201cCi\u00e8ncia en primera persona\u201d, en el marc de la 21\u00aa Setmana de la Ci\u00e8ncia. \u2026\u00a0<a title=\"Read La ci\u00e8ncia en primera persona, a dos centres de Badalona\" href=\"http:\/\/serveiseducatius.xtec.cat\/badalona\/portada\/la-ciencia-en-primera-persona-a-dos-centres-de-badalona\/\" target=\"_blank\" data-saferedirecturl=\"https:\/\/www.google.com\/url?hl=ca&amp;q=http:\/\/serveiseducatius.xtec.cat\/badalona\/portada\/la-ciencia-en-primera-persona-a-dos-centres-de-badalona\/&amp;source=gmail&amp;ust=1484912376502000&amp;usg=AFQjCNFhHCspkk2omUjW6HjbPkGjtiFXsQ\">Llegeix m\u00e9s\u00bb<\/a><\/p>\n<header class=\"m_-6388522375298349523m_401812601780242480m_8876869786990371528m_8079281532028038730entry-header\">\n<h2 class=\"m_-6388522375298349523m_401812601780242480m_8876869786990371528m_8079281532028038730entry-title\"><a title=\"Jocs al Parc de Can Solei!\" href=\"http:\/\/serveiseducatius.xtec.cat\/badalona\/portada\/jocs-al-parc-de-can-solei\/\" target=\"_blank\" rel=\"bookmark\" data-saferedirecturl=\"https:\/\/www.google.com\/url?hl=ca&amp;q=http:\/\/serveiseducatius.xtec.cat\/badalona\/portada\/jocs-al-parc-de-can-solei\/&amp;source=gmail&amp;ust=1484912376502000&amp;usg=AFQjCNF9P3Hf7UGgfmTSI5ruprQlBQ3cOQ\">Jocs al Parc de Can Solei!<\/a><\/h2>\n<\/header>\n<div class=\"m_-6388522375298349523m_401812601780242480m_8876869786990371528m_8079281532028038730entry-summary\">\n<p>El passat dia 7 de novembre els\/les alumnes de 3r i 4t de les escoles\u00a0<a href=\"http:\/\/agora.xtec.cat\/ceip-lola-anglada-badalona\/\" target=\"_blank\" data-saferedirecturl=\"https:\/\/www.google.com\/url?hl=ca&amp;q=http:\/\/agora.xtec.cat\/ceip-lola-anglada-badalona\/&amp;source=gmail&amp;ust=1484912376502000&amp;usg=AFQjCNFfAWfTi6-t4cReonWv1T4ZQoY0UQ\">Lola Anglada<\/a>\u00a0i\u00a0<a href=\"https:\/\/agora.xtec.cat\/ceiparturmartorell\/\" target=\"_blank\" data-saferedirecturl=\"https:\/\/www.google.com\/url?hl=ca&amp;q=https:\/\/agora.xtec.cat\/ceiparturmartorell\/&amp;source=gmail&amp;ust=1484912376502000&amp;usg=AFQjCNGgJTBupzq6MlKujLY6mJBxs_HY0g\">Artur Martorell<\/a>\u00a0de Badalona han\u00a0realitzat un mat\u00ed d\u2019activitat f\u00edsica intercentres al parc de\u00a0<a href=\"http:\/\/badalona.cat\/portalWeb\/badalona.portal?_nfpb=true&amp;_pageLabel=contingut_estatic&amp;dCollectionID=23#wlp_contingut_estatic\" target=\"_blank\" data-saferedirecturl=\"https:\/\/www.google.com\/url?hl=ca&amp;q=http:\/\/badalona.cat\/portalWeb\/badalona.portal?_nfpb%3Dtrue%26_pageLabel%3Dcontingut_estatic%26dCollectionID%3D23%23wlp_contingut_estatic&amp;source=gmail&amp;ust=1484912376502000&amp;usg=AFQjCNE89yt8QSq8CgJaQSlsAHyZGj3tcg\">Can Solei<\/a>.<br \/>\nEls objectius de la Jornada han estat\u2026<a title=\"Read Jocs al Parc de Can Solei!\" href=\"http:\/\/serveiseducatius.xtec.cat\/badalona\/portada\/jocs-al-parc-de-can-solei\/\" target=\"_blank\" data-saferedirecturl=\"https:\/\/www.google.com\/url?hl=ca&amp;q=http:\/\/serveiseducatius.xtec.cat\/badalona\/portada\/jocs-al-parc-de-can-solei\/&amp;source=gmail&amp;ust=1484912376502000&amp;usg=AFQjCNF9P3Hf7UGgfmTSI5ruprQlBQ3cOQ\">Llegeix m\u00e9s\u00bb<\/a><\/p>\n<header class=\"m_-6388522375298349523m_401812601780242480m_8876869786990371528m_8079281532028038730entry-header\">\n<h2 class=\"m_-6388522375298349523m_401812601780242480m_8876869786990371528m_8079281532028038730entry-title\"><a title=\"Prim\u00e0ria. CB\" href=\"http:\/\/serveiseducatius.xtec.cat\/badalona\/portada\/primaria-cb\/\" target=\"_blank\" rel=\"bookmark\" data-saferedirecturl=\"https:\/\/www.google.com\/url?hl=ca&amp;q=http:\/\/serveiseducatius.xtec.cat\/badalona\/portada\/primaria-cb\/&amp;source=gmail&amp;ust=1484912376502000&amp;usg=AFQjCNFaRg9x35DMfX1Iaz7hankJtDAUtQ\">Prim\u00e0ria. CB<\/a><\/h2>\n<\/header>\n<div class=\"m_-6388522375298349523m_401812601780242480m_8876869786990371528m_8079281532028038730entry-summary\">\n<p>Un curr\u00edculum competencial per a l\u2019educaci\u00f3 prim\u00e0ria<br \/>\n<a href=\"http:\/\/ensenyament.gencat.cat\/web\/.content\/home\/departament\/publicacions\/a-cop-ull\/infografia_17.pdf\" target=\"_blank\" data-saferedirecturl=\"https:\/\/www.google.com\/url?hl=ca&amp;q=http:\/\/ensenyament.gencat.cat\/web\/.content\/home\/departament\/publicacions\/a-cop-ull\/infografia_17.pdf&amp;source=gmail&amp;ust=1484912376502000&amp;usg=AFQjCNH0zo6J3qYTPubDFQNYXFb7Bb4-Ow\">Infografia<\/a><br \/>\n\u2013 Fonaments<br \/>\n\u2013 Principis<br \/>\n\u2013 Trets principals<br \/>\n\u2013 Organitzaci\u00f3<br \/>\n\u2013 Metodologia<br \/>\n\u2013 Equips docents<br \/>\n\u2013 Avaluaci\u00f3<\/p>\n<header class=\"m_-6388522375298349523m_401812601780242480m_8876869786990371528m_8079281532028038730entry-header\">\n<h2 class=\"m_-6388522375298349523m_401812601780242480m_8876869786990371528m_8079281532028038730entry-title\"><a title=\"XXVII Conversa pedag\u00f2gica: La biblioteca, un projecte de centre\" href=\"http:\/\/serveiseducatius.xtec.cat\/badalona\/general\/xxvii-conversa-pedagogica-la-biblioteca-un-projecte-de-centre\/\" target=\"_blank\" rel=\"bookmark\" data-saferedirecturl=\"https:\/\/www.google.com\/url?hl=ca&amp;q=http:\/\/serveiseducatius.xtec.cat\/badalona\/general\/xxvii-conversa-pedagogica-la-biblioteca-un-projecte-de-centre\/&amp;source=gmail&amp;ust=1484912376502000&amp;usg=AFQjCNFbAFw5N2R18GFfQvA-nrAQl7ddnQ\">XXVII Conversa pedag\u00f2gica: La biblioteca, un projecte de centre<\/a><\/h2>\n<\/header>\n<div class=\"m_-6388522375298349523m_401812601780242480m_8876869786990371528m_8079281532028038730entry-summary\">\n<p>Vine a berenar al CRP!<br \/>\nMentrestant connectarem amb la XXVII Conversa pedag\u00f2gica\u2026\u00a0<a title=\"Read XXVII Conversa pedag\u00f2gica: La biblioteca, un projecte de centre\" href=\"http:\/\/serveiseducatius.xtec.cat\/badalona\/general\/xxvii-conversa-pedagogica-la-biblioteca-un-projecte-de-centre\/\" target=\"_blank\" data-saferedirecturl=\"https:\/\/www.google.com\/url?hl=ca&amp;q=http:\/\/serveiseducatius.xtec.cat\/badalona\/general\/xxvii-conversa-pedagogica-la-biblioteca-un-projecte-de-centre\/&amp;source=gmail&amp;ust=1484912376502000&amp;usg=AFQjCNFbAFw5N2R18GFfQvA-nrAQl7ddnQ\">Llegeix m\u00e9s\u00bb<\/a><\/p>\n<header class=\"m_-6388522375298349523m_401812601780242480m_8876869786990371528m_8079281532028038730entry-header\">\n<h2 class=\"m_-6388522375298349523m_401812601780242480m_8876869786990371528m_8079281532028038730entry-title\"><a title=\"20 de novembre. Dia internacional dels Drets dels Infants\" href=\"http:\/\/serveiseducatius.xtec.cat\/badalona\/portada\/20-de-novembre-dia-internacional-dels-drets-dels-infants\/\" target=\"_blank\" rel=\"bookmark\" data-saferedirecturl=\"https:\/\/www.google.com\/url?hl=ca&amp;q=http:\/\/serveiseducatius.xtec.cat\/badalona\/portada\/20-de-novembre-dia-internacional-dels-drets-dels-infants\/&amp;source=gmail&amp;ust=1484912376502000&amp;usg=AFQjCNHYzdhJ9NsqI7-JwJu9d9yAAAA2lA\">20 de novembre. Dia internacional dels Drets dels Infants<\/a><\/h2>\n<div class=\"m_-6388522375298349523m_401812601780242480m_8876869786990371528m_8079281532028038730entry-original-featured-image\"><img loading=\"lazy\" decoding=\"async\" class=\"CToWUd alignright\" src=\"https:\/\/ci5.googleusercontent.com\/proxy\/aJO9-XOCrizqod0dHQuM2KqgeItLLKNHnMFL70_otn9GvVGzp-yYMnzRtSTKt8eWlNlNcKV1fltMOnpP_ahMyQrrL4zzRLqjcRrLmuQuPSZc7M0rYl0a8ZQW5lqPNAQZJaC9o2QlyJtJNfbxN_B15p72zvdzKizp3CnfSQ=s0-d-e1-ft#http:\/\/serveiseducatius.xtec.cat\/badalona\/wp-content\/uploads\/usu1088\/2016\/11\/drets2-e1479133127759.jpg\" width=\"131\" height=\"98\" \/><\/div>\n<\/header>\n<div class=\"m_-6388522375298349523m_401812601780242480m_8876869786990371528m_8079281532028038730entry-summary\">\n<p>No hi ha causa que mereixi m\u00e9s alta prioritat que la protecci\u00f3 i el desenvolupament de l\u2019infant, de qui depenen la superviv\u00e8ncia, l\u2019estabilitat i el progr\u00e9s de totes les nacions i, de fet, de la civilitzaci\u00f3 humana\u201d.\u2026\u00a0<a title=\"Read 20 de novembre. Dia internacional dels Drets dels Infants\" href=\"http:\/\/serveiseducatius.xtec.cat\/badalona\/portada\/20-de-novembre-dia-internacional-dels-drets-dels-infants\/\" target=\"_blank\" data-saferedirecturl=\"https:\/\/www.google.com\/url?hl=ca&amp;q=http:\/\/serveiseducatius.xtec.cat\/badalona\/portada\/20-de-novembre-dia-internacional-dels-drets-dels-infants\/&amp;source=gmail&amp;ust=1484912376502000&amp;usg=AFQjCNHYzdhJ9NsqI7-JwJu9d9yAAAA2lA\">Llegeix m\u00e9s\u00bb<\/a><\/p>\n<header class=\"m_-6388522375298349523m_401812601780242480m_8876869786990371528m_8079281532028038730entry-header\">\n<h2 class=\"m_-6388522375298349523m_401812601780242480m_8876869786990371528m_8079281532028038730entry-title\"><a title=\"25 de novembre. Dia internacional contra la viol\u00e8ncia vers les dones\" href=\"http:\/\/serveiseducatius.xtec.cat\/badalona\/portada\/25-de-novembre-dia-internacional-contra-la-violencia-vers-les-dones\/\" target=\"_blank\" rel=\"bookmark\" data-saferedirecturl=\"https:\/\/www.google.com\/url?hl=ca&amp;q=http:\/\/serveiseducatius.xtec.cat\/badalona\/portada\/25-de-novembre-dia-internacional-contra-la-violencia-vers-les-dones\/&amp;source=gmail&amp;ust=1484912376502000&amp;usg=AFQjCNG46rm5-xRWuiWX3zllCWO6YC7uNA\">25 de novembre. Dia internacional contra la viol\u00e8ncia vers les dones<\/a><\/h2>\n<div class=\"m_-6388522375298349523m_401812601780242480m_8876869786990371528m_8079281532028038730entry-original-featured-image\"><img loading=\"lazy\" decoding=\"async\" class=\"CToWUd alignleft\" src=\"https:\/\/ci3.googleusercontent.com\/proxy\/yqh9RjEoo2Ey2mqiCKZANV1cndOAoOTMz2hL0umnQ89Qm-0uJBpef9I1d7oVrXN4aSS9jb5MB570w-UcnbUIL4X-pzWzMEKhizkQ4rU_HIh2Ab0EhCsmaYXeBpLpoKg7wsg7oi4WWZgWOIy-=s0-d-e1-ft#http:\/\/serveiseducatius.xtec.cat\/badalona\/wp-content\/uploads\/usu1088\/2016\/11\/dones.jpg\" width=\"71\" height=\"72\" \/><\/div>\n<\/header>\n<div class=\"m_-6388522375298349523m_401812601780242480m_8876869786990371528m_8079281532028038730entry-summary\">\n<p>25 de novembre. Dia internacional contra la viol\u00e8ncia vers les dones<br \/>\n\u2013 Recursos Educatius<br \/>\n\u2013 Webs d\u2019inter\u00e8s\u2026<a title=\"Read 25 de novembre. Dia internacional contra la viol\u00e8ncia vers les dones\" href=\"http:\/\/serveiseducatius.xtec.cat\/badalona\/portada\/25-de-novembre-dia-internacional-contra-la-violencia-vers-les-dones\/\" target=\"_blank\" data-saferedirecturl=\"https:\/\/www.google.com\/url?hl=ca&amp;q=http:\/\/serveiseducatius.xtec.cat\/badalona\/portada\/25-de-novembre-dia-internacional-contra-la-violencia-vers-les-dones\/&amp;source=gmail&amp;ust=1484912376502000&amp;usg=AFQjCNG46rm5-xRWuiWX3zllCWO6YC7uNA\">Llegeix m\u00e9s\u00bb<\/a><\/p>\n<header class=\"m_-6388522375298349523m_401812601780242480m_8876869786990371528m_8079281532028038730entry-header m_-6388522375298349523m_401812601780242480m_8876869786990371528m_8079281532028038730gmail-fullwidth\">\n<h2 class=\"m_-6388522375298349523m_401812601780242480m_8876869786990371528m_8079281532028038730entry-title\"><a title=\"El gust per la lectura: Encara hi sou a temps!\" href=\"http:\/\/serveiseducatius.xtec.cat\/badalona\/general\/el-gust-per-la-lectura-encara-hi-sou-a-temps\/\" target=\"_blank\" rel=\"bookmark\" data-saferedirecturl=\"https:\/\/www.google.com\/url?hl=ca&amp;q=http:\/\/serveiseducatius.xtec.cat\/badalona\/general\/el-gust-per-la-lectura-encara-hi-sou-a-temps\/&amp;source=gmail&amp;ust=1484912376502000&amp;usg=AFQjCNFN0R9bIiV7-yBPLfm-1zW9nHzI7w\">El gust per la lectura: Encara hi sou a temps<\/a><\/h2>\n<\/header>\n<div class=\"m_-6388522375298349523m_401812601780242480m_8876869786990371528m_8079281532028038730gmail-large-12 m_-6388522375298349523m_401812601780242480m_8876869786990371528m_8079281532028038730gmail-columns\">\n<div class=\"m_-6388522375298349523m_401812601780242480m_8876869786990371528m_8079281532028038730entry-original-featured-image\"><img loading=\"lazy\" decoding=\"async\" class=\"CToWUd a6T alignright\" tabindex=\"0\" src=\"https:\/\/ci6.googleusercontent.com\/proxy\/19dahOsqMAfENDd2pmoa-HJ5YuCGsrwjten6eXhAfGT81tI4_qY3MyHky7oR4gmAmICUFIJxPS4054vaDvxp-iC71R5qet268kQn0RMA362WMKNDtYO2ILNbctDx2r-2aeYu4G2B0Q9j8BmujL7fhNjiH4lDOYSEA2bHG3a1r40=s0-d-e1-ft#http:\/\/serveiseducatius.xtec.cat\/badalona\/wp-content\/uploads\/usu1088\/2016\/11\/elgust_358.png_1595044798.png\" width=\"100\" height=\"100\" \/><\/div>\n<div class=\"m_-6388522375298349523m_401812601780242480m_8876869786990371528m_8079281532028038730entry-original-featured-image\">Oberta la inscripci\u00f3 per al XXII Concurs El gust per la lectura,\u2026\u00a0<a title=\"Read El gust per la lectura: Encara hi sou a temps!\" href=\"http:\/\/serveiseducatius.xtec.cat\/badalona\/general\/el-gust-per-la-lectura-encara-hi-sou-a-temps\/\" target=\"_blank\" data-saferedirecturl=\"https:\/\/www.google.com\/url?hl=ca&amp;q=http:\/\/serveiseducatius.xtec.cat\/badalona\/general\/el-gust-per-la-lectura-encara-hi-sou-a-temps\/&amp;source=gmail&amp;ust=1484912376502000&amp;usg=AFQjCNFN0R9bIiV7-yBPLfm-1zW9nHzI7w\">Llegeix m\u00e9s\u00bb<\/a><\/div>\n<\/div>\n<\/div>\n<\/div>\n<\/div>\n<\/div>\n<\/div>\n<\/div>\n<\/div>\n<\/div>\n","protected":false},"excerpt":{"rendered":"<p>Confer\u00e8ncia: \u201cAprendre ci\u00e8ncia des del n\u00e9ixer\u00a0&#8220; Reflexions al voltant de les ci\u00e8ncies i els infants a partir de pr\u00e0ctiques d\u2019aula [&hellip;]<\/p>\n","protected":false},"author":9,"featured_media":6005,"comment_status":"open","ping_status":"open","sticky":false,"template":"","format":"standard","meta":{"_bbp_topic_count":0,"_bbp_reply_count":0,"_bbp_total_topic_count":0,"_bbp_total_reply_count":0,"_bbp_voice_count":0,"_bbp_anonymous_reply_count":0,"_bbp_topic_count_hidden":0,"_bbp_reply_count_hidden":0,"_bbp_forum_subforum_count":0,"site-sidebar-layout":"default","site-content-layout":"","ast-site-content-layout":"","site-content-style":"default","site-sidebar-style":"default","ast-global-header-display":"","ast-banner-title-visibility":"","ast-main-header-display":"","ast-hfb-above-header-display":"","ast-hfb-below-header-display":"","ast-hfb-mobile-header-display":"","site-post-title":"","ast-breadcrumbs-content":"","ast-featured-img":"","footer-sml-layout":"","theme-transparent-header-meta":"","adv-header-id-meta":"","stick-header-meta":"","header-above-stick-meta":"","header-main-stick-meta":"","header-below-stick-meta":"","astra-migrate-meta-layouts":"default","ast-page-background-enabled":"default","ast-page-background-meta":{"desktop":{"background-color":"var(--ast-global-color-4)","background-image":"","background-repeat":"repeat","background-position":"center center","background-size":"auto","background-attachment":"scroll","background-type":"","background-media":"","overlay-type":"","overlay-color":"","overlay-opacity":"","overlay-gradient":""},"tablet":{"background-color":"","background-image":"","background-repeat":"repeat","background-position":"center center","background-size":"auto","background-attachment":"scroll","background-type":"","background-media":"","overlay-type":"","overlay-color":"","overlay-opacity":"","overlay-gradient":""},"mobile":{"background-color":"","background-image":"","background-repeat":"repeat","background-position":"center center","background-size":"auto","background-attachment":"scroll","background-type":"","background-media":"","overlay-type":"","overlay-color":"","overlay-opacity":"","overlay-gradient":""}},"ast-content-background-meta":{"desktop":{"background-color":"var(--ast-global-color-5)","background-image":"","background-repeat":"repeat","background-position":"center center","background-size":"auto","background-attachment":"scroll","background-type":"","background-media":"","overlay-type":"","overlay-color":"","overlay-opacity":"","overlay-gradient":""},"tablet":{"background-color":"var(--ast-global-color-5)","background-image":"","background-repeat":"repeat","background-position":"center center","background-size":"auto","background-attachment":"scroll","background-type":"","background-media":"","overlay-type":"","overlay-color":"","overlay-opacity":"","overlay-gradient":""},"mobile":{"background-color":"var(--ast-global-color-5)","background-image":"","background-repeat":"repeat","background-position":"center center","background-size":"auto","background-attachment":"scroll","background-type":"","background-media":"","overlay-type":"","overlay-color":"","overlay-opacity":"","overlay-gradient":""}},"footnotes":""},"categories":[254],"tags":[],"class_list":["post-6024","post","type-post","status-publish","format-standard","has-post-thumbnail","hentry","category-full-informatiu"],"post_mailing_queue_ids":[],"_links":{"self":[{"href":"https:\/\/serveiseducatius.xtec.cat\/badalona\/wp-json\/wp\/v2\/posts\/6024","targetHints":{"allow":["GET"]}}],"collection":[{"href":"https:\/\/serveiseducatius.xtec.cat\/badalona\/wp-json\/wp\/v2\/posts"}],"about":[{"href":"https:\/\/serveiseducatius.xtec.cat\/badalona\/wp-json\/wp\/v2\/types\/post"}],"author":[{"embeddable":true,"href":"https:\/\/serveiseducatius.xtec.cat\/badalona\/wp-json\/wp\/v2\/users\/9"}],"replies":[{"embeddable":true,"href":"https:\/\/serveiseducatius.xtec.cat\/badalona\/wp-json\/wp\/v2\/comments?post=6024"}],"version-history":[{"count":2,"href":"https:\/\/serveiseducatius.xtec.cat\/badalona\/wp-json\/wp\/v2\/posts\/6024\/revisions"}],"predecessor-version":[{"id":6026,"href":"https:\/\/serveiseducatius.xtec.cat\/badalona\/wp-json\/wp\/v2\/posts\/6024\/revisions\/6026"}],"wp:featuredmedia":[{"embeddable":true,"href":"https:\/\/serveiseducatius.xtec.cat\/badalona\/wp-json\/wp\/v2\/media\/6005"}],"wp:attachment":[{"href":"https:\/\/serveiseducatius.xtec.cat\/badalona\/wp-json\/wp\/v2\/media?parent=6024"}],"wp:term":[{"taxonomy":"category","embeddable":true,"href":"https:\/\/serveiseducatius.xtec.cat\/badalona\/wp-json\/wp\/v2\/categories?post=6024"},{"taxonomy":"post_tag","embeddable":true,"href":"https:\/\/serveiseducatius.xtec.cat\/badalona\/wp-json\/wp\/v2\/tags?post=6024"}],"curies":[{"name":"wp","href":"https:\/\/api.w.org\/{rel}","templated":true}]}}