{"id":6022,"date":"2016-11-11T16:40:00","date_gmt":"2016-11-11T15:40:00","guid":{"rendered":"http:\/\/serveiseducatius.xtec.cat\/badalona\/?p=6022"},"modified":"2017-01-19T14:46:20","modified_gmt":"2017-01-19T13:46:20","slug":"full-informatiu-se-badalona-del-7-al-11-de-novembre-de-2016","status":"publish","type":"post","link":"https:\/\/serveiseducatius.xtec.cat\/badalona\/full-informatiu\/full-informatiu-se-badalona-del-7-al-11-de-novembre-de-2016\/","title":{"rendered":"Full informatiu SE Badalona del 7 al 11 de novembre de 2016"},"content":{"rendered":"<div class=\"gmail_quote\">\n<div dir=\"ltr\">\n<div>\n<header class=\"m_-4922120787721606191m_-4312442328085115759m_262570211435340889entry-header\">\n<h2 class=\"m_-4922120787721606191m_-4312442328085115759m_262570211435340889entry-title\"><span style=\"font-size: 12pt; font-family: verdana, geneva, sans-serif;\"><a title=\"Confer\u00e8ncia: \u201cAprendre ci\u00e8ncia des del n\u00e9ixer \u201c\" href=\"http:\/\/serveiseducatius.xtec.cat\/badalona\/portada\/cicle-de-conferencies-investigar-en-larea-de-coneixement-del-medi-natural-i-social-a-educacio-infantil-i-primaria\/\" target=\"_blank\" rel=\"bookmark\" data-saferedirecturl=\"https:\/\/www.google.com\/url?hl=ca&amp;q=http:\/\/serveiseducatius.xtec.cat\/badalona\/portada\/cicle-de-conferencies-investigar-en-larea-de-coneixement-del-medi-natural-i-social-a-educacio-infantil-i-primaria\/&amp;source=gmail&amp;ust=1484912376945000&amp;usg=AFQjCNF9ttMeZtTu6jKDiCkDwWkfuVQnfw\">Confer\u00e8ncia: \u201cAprendre ci\u00e8ncia des del n\u00e9ixer \u201c<\/a><\/span><\/h2>\n<div class=\"m_-4922120787721606191m_-4312442328085115759m_262570211435340889entry-original-featured-image\"><span style=\"font-size: 12pt; font-family: verdana, geneva, sans-serif;\"><img loading=\"lazy\" decoding=\"async\" class=\"CToWUd alignleft\" src=\"https:\/\/ci4.googleusercontent.com\/proxy\/j8Y0pbLyboXjEKl2PN2o8B_4VoE3neWZxQOXKwrlMlp1ZYni6__84FhYpn0VyRETCa82IDeZJ1brLcjjUwq9uYuK4TDhitgM0sYDkWO2t2zKSEvePpWtgKZ3Wkvo56eT0EeORlKnkgvvS8cO4wmQGpIKHXzpM0lPWAPg=s0-d-e1-ft#http:\/\/serveiseducatius.xtec.cat\/badalona\/wp-content\/uploads\/usu1088\/2016\/10\/lab06-e1478862334863.jpg\" width=\"164\" height=\"102\" \/><\/span><\/div>\n<\/header>\n<div class=\"m_-4922120787721606191m_-4312442328085115759m_262570211435340889entry-summary\">\n<p><span style=\"font-size: 10pt; font-family: verdana, geneva, sans-serif;\">Reflexions al voltant de les ci\u00e8ncies i els infants a partir de pr\u00e0ctiques d\u2019aula que aporten pistes per a aconseguir una ci\u00e8ncia seductora i emocionant a l\u2019educaci\u00f3 infantil.<\/span><br \/>\n<span style=\"font-size: 10pt; font-family: verdana, geneva, sans-serif;\">A c\u00e0rrec de: Montserrat Pedreira<\/span><br \/>\n<span style=\"font-size: 10pt; font-family: verdana, geneva, sans-serif;\">24 de novembre\u00a0<strong><a href=\"https:\/\/aplicacions.gestioeducativa.gencat.cat\/pls\/soloas\/pk_for_mod_ins.p_for_detall_activitat?p_header=Llista%20d%27activitats%5Epk_for_mod_ins.p_for_cons_activitats?p_poblacio=08015%26p_any=2016-2017%26p_modalitat=50%26p_totes=s%26p_inici=1%26p_excloure_crp_rec=F&amp;p_codi=2040761204&amp;p_curs=2016-2017&amp;p_excloure_crp_rec=F\" target=\"_blank\" rel=\"nofollow\" data-saferedirecturl=\"https:\/\/www.google.com\/url?hl=ca&amp;q=https:\/\/aplicacions.gestioeducativa.gencat.cat\/pls\/soloas\/pk_for_mod_ins.p_for_detall_activitat?p_header%3DLlista%2520d%2527activitats%255Epk_for_mod_ins.p_for_cons_activitats?p_poblacio%3D08015%2526p_any%3D2016-2017%2526p_modalitat%3D50%2526p_totes%3Ds%2526p_inici%3D1%2526p_excloure_crp_rec%3DF%26p_codi%3D2040761204%26p_curs%3D2016-2017%26p_excloure_crp_rec%3DF&amp;source=gmail&amp;ust=1484912376945000&amp;usg=AFQjCNGld1Onx3rVG8zUuuiZLLbs-QdHYw\">Inscripci\u00f3<\/a>\u00a0<\/strong>\u2026\u00a0<a title=\"Read Confer\u00e8ncia: \u201cAprendre ci\u00e8ncia des del n\u00e9ixer \u201c\" href=\"http:\/\/serveiseducatius.xtec.cat\/badalona\/portada\/cicle-de-conferencies-investigar-en-larea-de-coneixement-del-medi-natural-i-social-a-educacio-infantil-i-primaria\/\" target=\"_blank\" data-saferedirecturl=\"https:\/\/www.google.com\/url?hl=ca&amp;q=http:\/\/serveiseducatius.xtec.cat\/badalona\/portada\/cicle-de-conferencies-investigar-en-larea-de-coneixement-del-medi-natural-i-social-a-educacio-infantil-i-primaria\/&amp;source=gmail&amp;ust=1484912376945000&amp;usg=AFQjCNF9ttMeZtTu6jKDiCkDwWkfuVQnfw\">Llegeix m\u00e9s\u00bb<\/a><\/span><\/p>\n<\/div>\n<\/div>\n<div>\n<header class=\"m_-4922120787721606191m_-4312442328085115759m_262570211435340889entry-header\">\n<h2 class=\"m_-4922120787721606191m_-4312442328085115759m_262570211435340889entry-title\"><span style=\"font-size: 12pt; font-family: verdana, geneva, sans-serif;\"><a title=\"CANVI DE LLOC!!! L\u2019Escola Nova 21 aterra a Badalona\" href=\"http:\/\/serveiseducatius.xtec.cat\/badalona\/general\/lescola-nova-21-aterra-a-badalona\/\" target=\"_blank\" rel=\"bookmark\" data-saferedirecturl=\"https:\/\/www.google.com\/url?hl=ca&amp;q=http:\/\/serveiseducatius.xtec.cat\/badalona\/general\/lescola-nova-21-aterra-a-badalona\/&amp;source=gmail&amp;ust=1484912376945000&amp;usg=AFQjCNGmFfbFXYtpfyegAQPdyNR4p9EWtw\">CANVI DE LLOC!!! L\u2019Escola Nova 21 aterra a Badalona<\/a><\/span><\/h2>\n<div class=\"m_-4922120787721606191m_-4312442328085115759m_262570211435340889entry-original-featured-image\"><span style=\"font-size: 10pt; font-family: verdana, geneva, sans-serif;\"><img loading=\"lazy\" decoding=\"async\" class=\"CToWUd alignright\" src=\"https:\/\/ci4.googleusercontent.com\/proxy\/ocqNPSioihsJP_yCnCwiDR_ka2Jr-Hq8OsHmhv42gySlma1QrsaM-Phq5CGDv6nRMFA16v6WmcakyOZwmpDM8ENQPdDBRhp9S27ZDI1Ulwud1eA9gVdEWY5Mau3b3HBmSATUmocQo7PTfh_BFQ=s0-d-e1-ft#http:\/\/serveiseducatius.xtec.cat\/badalona\/wp-content\/uploads\/usu1088\/2016\/11\/omnium.png\" width=\"92\" height=\"133\" \/><\/span><\/div>\n<\/header>\n<div class=\"m_-4922120787721606191m_-4312442328085115759m_262570211435340889entry-summary\">\n<p><span style=\"font-size: 10pt; font-family: verdana, geneva, sans-serif;\">El programa Escola Nova 21 aterra a Badalona amb una xerrada organitzada per \u00d2mnium.\u00a0Per tal de poder acollir a totes les persones inscrites s\u2019ha canviat de lloc i es realitzar\u00e0 al\u00a0<strong>Teatre Principal.\u00a0<\/strong>Hi intervindran\u00a0Boris Mir, director adjunt del programa, i dos representants d\u2019escoles que ja duen a terme aquest projecte.\u00a0.\u2026\u00a0<a title=\"Read CANVI DE LLOC!!! L\u2019Escola Nova 21 aterra a Badalona\" href=\"http:\/\/serveiseducatius.xtec.cat\/badalona\/general\/lescola-nova-21-aterra-a-badalona\/\" target=\"_blank\" data-saferedirecturl=\"https:\/\/www.google.com\/url?hl=ca&amp;q=http:\/\/serveiseducatius.xtec.cat\/badalona\/general\/lescola-nova-21-aterra-a-badalona\/&amp;source=gmail&amp;ust=1484912376945000&amp;usg=AFQjCNGmFfbFXYtpfyegAQPdyNR4p9EWtw\">Llegeix m\u00e9s\u00bb<\/a><\/span><\/p>\n<\/div>\n<\/div>\n<div>\n<header class=\"m_-4922120787721606191m_-4312442328085115759m_262570211435340889entry-header\">\n<h2 class=\"m_-4922120787721606191m_-4312442328085115759m_262570211435340889entry-title\"><span style=\"font-size: 12pt; font-family: verdana, geneva, sans-serif;\"><a title=\"Recursos angl\u00e8s\" href=\"http:\/\/serveiseducatius.xtec.cat\/badalona\/portada\/recursos-angles\/\" target=\"_blank\" rel=\"bookmark\" data-saferedirecturl=\"https:\/\/www.google.com\/url?hl=ca&amp;q=http:\/\/serveiseducatius.xtec.cat\/badalona\/portada\/recursos-angles\/&amp;source=gmail&amp;ust=1484912376946000&amp;usg=AFQjCNGtAwlbguBrLdjY-8thUo8uFM_YXg\">Recursos angl\u00e8s<\/a><\/span><\/h2>\n<\/header>\n<div class=\"m_-4922120787721606191m_-4312442328085115759m_262570211435340889entry-summary\">\n<p><span style=\"font-size: 10pt; font-family: verdana, geneva, sans-serif;\"><b>2.0 Tools for Communicative Competence Development<\/b><\/span><\/p>\n<p><span style=\"font-size: 10pt; font-family: verdana, geneva, sans-serif;\"><a href=\"http:\/\/serveiseducatius.xtec.cat\/badalona\/recursos\/recursos-llengues-estrangeres\/2-0-tools-for-communicative-competence-development\/\" target=\"_blank\" data-saferedirecturl=\"https:\/\/www.google.com\/url?hl=ca&amp;q=http:\/\/serveiseducatius.xtec.cat\/badalona\/recursos\/recursos-llengues-estrangeres\/2-0-tools-for-communicative-competence-development\/&amp;source=gmail&amp;ust=1484912376946000&amp;usg=AFQjCNG3hNXdMkjyz8Jzc-X-0RcqPmbVtQ\">Eines<\/a>\u00a0que es van mostrar a la presentaci\u00f3\u00a0<a href=\"http:\/\/serveiseducatius.xtec.cat\/badalona\/recursos\/recursos-llengues-estrangeres\/2-0-tools-for-communicative-competence-development\/\" target=\"_blank\" data-saferedirecturl=\"https:\/\/www.google.com\/url?hl=ca&amp;q=http:\/\/serveiseducatius.xtec.cat\/badalona\/recursos\/recursos-llengues-estrangeres\/2-0-tools-for-communicative-competence-development\/&amp;source=gmail&amp;ust=1484912376946000&amp;usg=AFQjCNG3hNXdMkjyz8Jzc-X-0RcqPmbVtQ\">2.0 Tools for Communicative Competence<\/a><\/span><br \/>\n<span style=\"font-size: 10pt; font-family: verdana, geneva, sans-serif;\">Development, realitzada per Ricard Garc\u00eda, en el marc del cicle de confer\u00e8ncies TALKING ABOUT ENGLISH\u00a0LANGUAGE TEACHING. (curs 2014-2015).\u00a0Des d\u2019aquest enlla\u00e7 podeu accedir a la seva\u00a0<strong><a href=\"https:\/\/prezi.com\/wgpb5jhnfpj7\/english-to-communicate\/?utm_campaign=gro&amp;utm_medium=email&amp;utm_source=em0shvwpu\" target=\"_blank\" data-saferedirecturl=\"https:\/\/www.google.com\/url?hl=ca&amp;q=https:\/\/prezi.com\/wgpb5jhnfpj7\/english-to-communicate\/?utm_campaign%3Dgro%26utm_medium%3Demail%26utm_source%3Dem0shvwpu&amp;source=gmail&amp;ust=1484912376946000&amp;usg=AFQjCNGAyo1qlb8wZJCPsuE68QSR3vyVjg\">presentaci\u00f3<\/a><\/strong>(Prezi).\u00a0Podeu trobar tamb\u00e9 aquestes i un bon recull d\u2019altres eines interessants al\u00a0<strong><a href=\"http:\/\/www.edu365.cat\/crea\/#\" target=\"_blank\" data-saferedirecturl=\"https:\/\/www.google.com\/url?hl=ca&amp;q=http:\/\/www.edu365.cat\/crea\/%23&amp;source=gmail&amp;ust=1484912376946000&amp;usg=AFQjCNGq-n0HllxS4UOoqin3XXgWvOkfyg\">CREA<\/a><\/strong><a href=\"http:\/\/www.edu365.cat\/crea\/#\" target=\"_blank\" data-saferedirecturl=\"https:\/\/www.google.com\/url?hl=ca&amp;q=http:\/\/www.edu365.cat\/crea\/%23&amp;source=gmail&amp;ust=1484912376946000&amp;usg=AFQjCNGq-n0HllxS4UOoqin3XXgWvOkfyg\">\u00a0de l\u2019Edu365.<\/a>\u2026<a title=\"Read Recursos angl\u00e8s\" href=\"http:\/\/serveiseducatius.xtec.cat\/badalona\/portada\/recursos-angles\/\" target=\"_blank\" data-saferedirecturl=\"https:\/\/www.google.com\/url?hl=ca&amp;q=http:\/\/serveiseducatius.xtec.cat\/badalona\/portada\/recursos-angles\/&amp;source=gmail&amp;ust=1484912376946000&amp;usg=AFQjCNGtAwlbguBrLdjY-8thUo8uFM_YXg\">Llegeix m\u00e9s\u00bb<\/a><\/span><\/p>\n<\/div>\n<\/div>\n<div>\n<header class=\"m_-4922120787721606191m_-4312442328085115759m_262570211435340889entry-header\">\n<h2 class=\"m_-4922120787721606191m_-4312442328085115759m_262570211435340889entry-title\"><span style=\"font-size: 12pt; font-family: verdana, geneva, sans-serif;\"><a title=\"Materials de programaci\u00f3\" href=\"http:\/\/serveiseducatius.xtec.cat\/badalona\/portada\/materials-de-programacio\/\" target=\"_blank\" rel=\"bookmark\" data-saferedirecturl=\"https:\/\/www.google.com\/url?hl=ca&amp;q=http:\/\/serveiseducatius.xtec.cat\/badalona\/portada\/materials-de-programacio\/&amp;source=gmail&amp;ust=1484912376946000&amp;usg=AFQjCNGN8TiXxaB5ZpP5nwTph7f-OJB4kg\">Materials de programaci\u00f3<\/a><\/span><\/h2>\n<div class=\"m_-4922120787721606191m_-4312442328085115759m_262570211435340889entry-original-featured-image\"><span style=\"font-size: 10pt; font-family: verdana, geneva, sans-serif;\"><img decoding=\"async\" class=\"CToWUd alignright\" src=\"https:\/\/ci5.googleusercontent.com\/proxy\/oYCd7eCPJmPJZEnFylGzEqN_wwhD4PZ1LcQBjLTnicisQyunN4QKHOYbJ6ruhi41owUy038f5-ykalnU8yCOEcZBAKMkFMksprf0w90LLEI-lsZ5FH4h9bR-rnCJCYTKTDwGnTk9DMEzXjI=s0-d-e1-ft#http:\/\/serveiseducatius.xtec.cat\/badalona\/wp-content\/uploads\/usu1088\/2016\/11\/atcb.jpg\" \/><\/span><\/div>\n<\/header>\n<div class=\"m_-4922120787721606191m_-4312442328085115759m_262570211435340889entry-summary\">\n<p><span style=\"font-size: 10pt; font-family: verdana, geneva, sans-serif;\">Materials per con\u00e8ixer el curr\u00edculum de l\u2019educaci\u00f3 prim\u00e0ria i la seva vinculaci\u00f3 amb el dia a dia de les escoles i de la pr\u00e0ctica a l\u2019aula.\u00a0Aquests materials es presenten organitzats en 4 m\u00f2duls<\/span><\/p>\n<ul>\n<li><span style=\"font-size: 10pt; font-family: verdana, geneva, sans-serif;\"><a href=\"http:\/\/ateneu.xtec.cat\/wikiform\/wikiexport\/cursos\/curriculum\/inf_pri\/cape\/decret\" target=\"_blank\" data-saferedirecturl=\"https:\/\/www.google.com\/url?hl=ca&amp;q=http:\/\/ateneu.xtec.cat\/wikiform\/wikiexport\/cursos\/curriculum\/inf_pri\/cape\/decret&amp;source=gmail&amp;ust=1484912376946000&amp;usg=AFQjCNH4LeDJ07NNM5anYkUC_Dd5Nsi3hA\">M\u00f2dul 1: Decret.<\/a>\u00a0Un curr\u00edculum que afavoreix l\u2019assoliment de\u2026<\/span><\/li>\n<li><span style=\"font-size: 10pt; font-family: verdana, geneva, sans-serif;\"><strong><a href=\"http:\/\/ateneu.xtec.cat\/wikiform\/wikiexport\/cursos\/curriculum\/inf_pri\/cape\/metod\" target=\"_blank\" data-saferedirecturl=\"https:\/\/www.google.com\/url?hl=ca&amp;q=http:\/\/ateneu.xtec.cat\/wikiform\/wikiexport\/cursos\/curriculum\/inf_pri\/cape\/metod&amp;source=gmail&amp;ust=1484912376946000&amp;usg=AFQjCNF3_Kvk6OpuncDTQvKpYtX3s_g4hQ\">M\u00f2dul 2: Metodologia<\/a><\/strong>. L\u2019alumne com a protagonista del seu aprenentatge<\/span><\/li>\n<li><span style=\"font-size: 10pt; font-family: verdana, geneva, sans-serif;\"><strong><a href=\"http:\/\/ateneu.xtec.cat\/wikiform\/wikiexport\/cursos\/curriculum\/inf_pri\/cape\/aval\" target=\"_blank\" data-saferedirecturl=\"https:\/\/www.google.com\/url?hl=ca&amp;q=http:\/\/ateneu.xtec.cat\/wikiform\/wikiexport\/cursos\/curriculum\/inf_pri\/cape\/aval&amp;source=gmail&amp;ust=1484912376946000&amp;usg=AFQjCNGmaMZ4OKLRrr69mjEQE1UtEP8XgA\">M\u00f2dul 3: Avaluaci\u00f3<\/a><\/strong>. Avaluar per aprendre<\/span><\/li>\n<li><span style=\"font-size: 10pt; font-family: verdana, geneva, sans-serif;\"><a href=\"http:\/\/ateneu.xtec.cat\/wikiform\/wikiexport\/cursos\/curriculum\/inf_pri\/cape\/prg\/index\" target=\"_blank\" data-saferedirecturl=\"https:\/\/www.google.com\/url?hl=ca&amp;q=http:\/\/ateneu.xtec.cat\/wikiform\/wikiexport\/cursos\/curriculum\/inf_pri\/cape\/prg\/index&amp;source=gmail&amp;ust=1484912376946000&amp;usg=AFQjCNHBvoDc1xeWFx0mjhBeifgiTN5QFA\"><strong>M\u00f2dul 4:Programaci\u00f3<\/strong><\/a>\u00a0Programar \u00e9s prendre decisions<\/span><\/li>\n<li><span style=\"font-size: 10pt; font-family: verdana, geneva, sans-serif;\"><strong><a href=\"http:\/\/ateneu.xtec.cat\/wikiform\/wikiexport\/cursos\/curriculum\/inf_pri\/cape\/pmf\" target=\"_blank\" data-saferedirecturl=\"https:\/\/www.google.com\/url?hl=ca&amp;q=http:\/\/ateneu.xtec.cat\/wikiform\/wikiexport\/cursos\/curriculum\/inf_pri\/cape\/pmf&amp;source=gmail&amp;ust=1484912376946000&amp;usg=AFQjCNHOT9Ov6RSq37utrsMp0-_gG7rxvQ\">Preguntes<\/a><\/strong>\u00a0m\u00e9s freq\u00fcents \u00a0\u2026\u00a0<a title=\"Read Materials de programaci\u00f3\" href=\"http:\/\/serveiseducatius.xtec.cat\/badalona\/portada\/materials-de-programacio\/\" target=\"_blank\" data-saferedirecturl=\"https:\/\/www.google.com\/url?hl=ca&amp;q=http:\/\/serveiseducatius.xtec.cat\/badalona\/portada\/materials-de-programacio\/&amp;source=gmail&amp;ust=1484912376946000&amp;usg=AFQjCNGN8TiXxaB5ZpP5nwTph7f-OJB4kg\">Llegeix m\u00e9s\u00bb<\/a><\/span><\/li>\n<\/ul>\n<\/div>\n<\/div>\n<div>\n<header class=\"m_-4922120787721606191m_-4312442328085115759m_262570211435340889entry-header\">\n<h2 class=\"m_-4922120787721606191m_-4312442328085115759m_262570211435340889entry-title\"><span style=\"font-size: 12pt; font-family: verdana, geneva, sans-serif;\"><a title=\"OME Badalona\" href=\"http:\/\/serveiseducatius.xtec.cat\/badalona\/portada\/ome-badalona\/\" target=\"_blank\" rel=\"bookmark\" data-saferedirecturl=\"https:\/\/www.google.com\/url?hl=ca&amp;q=http:\/\/serveiseducatius.xtec.cat\/badalona\/portada\/ome-badalona\/&amp;source=gmail&amp;ust=1484912376946000&amp;usg=AFQjCNE1XwqYNdXTHsYZKTwciZyPqr9Rhg\">OME Badalona<\/a><\/span><\/h2>\n<\/header>\n<div class=\"m_-4922120787721606191m_-4312442328085115759m_262570211435340889entry-summary\">\n<p><span style=\"font-size: 10pt; font-family: verdana, geneva, sans-serif;\">L\u2019Oficina Municipal d\u2019Escolaritzaci\u00f3 des des dia 15 de novembre incia el servei de cita pr\u00e8via per\u00a0poder oferir una millor servei als ciutadans. Podeu demanar cita mitjan\u00e7ant la p\u00e0gina web de\u00a0l\u2019Ajuntament de Badalona<a href=\"http:\/\/badalona.cat\/portalWeb\/badalona.portal?_nfpb=true&amp;_pageLabel=citaprevia#wlp_citaprevia\" target=\"_blank\" data-saferedirecturl=\"https:\/\/www.google.com\/url?hl=ca&amp;q=http:\/\/badalona.cat\/portalWeb\/badalona.portal?_nfpb%3Dtrue%26_pageLabel%3Dcitaprevia%23wlp_citaprevia&amp;source=gmail&amp;ust=1484912376946000&amp;usg=AFQjCNHMqhqW3N2QudHvEVYaEV8H_FdHQw\">www.badalona.cat&gt;cita previa&gt;<\/a>\u00a0gestions d\u2019Educaci\u00f3 o al tel\u00e8fon\u00a093 483 29 97. \u00a0\u2026\u00a0<a title=\"Read OME Badalona\" href=\"http:\/\/serveiseducatius.xtec.cat\/badalona\/portada\/ome-badalona\/\" target=\"_blank\" data-saferedirecturl=\"https:\/\/www.google.com\/url?hl=ca&amp;q=http:\/\/serveiseducatius.xtec.cat\/badalona\/portada\/ome-badalona\/&amp;source=gmail&amp;ust=1484912376946000&amp;usg=AFQjCNE1XwqYNdXTHsYZKTwciZyPqr9Rhg\">Llegeix m\u00e9s\u00bb<\/a><\/span><\/p>\n<\/div>\n<\/div>\n<\/div>\n<\/div>\n<div class=\"m_-4922120787721606191m_-4312442328085115759m_262570211435340889gmail_signature\">\n<div dir=\"ltr\">\n<div dir=\"ltr\">\n<div dir=\"ltr\">\n<div dir=\"ltr\">\n<div dir=\"ltr\">\n<div dir=\"ltr\">\n<div dir=\"ltr\">\n<div>\n<header class=\"m_-4922120787721606191m_-4312442328085115759m_262570211435340889entry-header\">\n<h2 class=\"m_-4922120787721606191m_-4312442328085115759m_262570211435340889entry-title\"><span style=\"font-size: 12pt; font-family: verdana, geneva, sans-serif;\"><a title=\"XXVII Conversa pedag\u00f2gica: La biblioteca, un projecte de centre\" href=\"http:\/\/serveiseducatius.xtec.cat\/badalona\/general\/xxvii-conversa-pedagogica-la-biblioteca-un-projecte-de-centre\/\" target=\"_blank\" rel=\"bookmark\" data-saferedirecturl=\"https:\/\/www.google.com\/url?hl=ca&amp;q=http:\/\/serveiseducatius.xtec.cat\/badalona\/general\/xxvii-conversa-pedagogica-la-biblioteca-un-projecte-de-centre\/&amp;source=gmail&amp;ust=1484912376946000&amp;usg=AFQjCNH7Pd2oBUZ4LfbFNHbBSzFgNn6KRQ\">XXVII Conversa pedag\u00f2gica: La biblioteca, un projecte de centre<\/a><\/span><\/h2>\n<\/header>\n<div class=\"m_-4922120787721606191m_-4312442328085115759m_262570211435340889entry-summary\">\n<p><span style=\"font-size: 10pt; font-family: verdana, geneva, sans-serif;\"><b>Vine a berenar al CRP!<\/b><\/span><br \/>\n<span style=\"font-size: 10pt; font-family: verdana, geneva, sans-serif;\">Mentrestant connectarem amb la XXVII Conversa pedag\u00f2gica\u2026<strong><a href=\"https:\/\/aplicacions.gestioeducativa.gencat.cat\/pls\/soloas\/pk_for_mod_ins.p_for_detall_activitat?p_header=Llista%20d%27activitats%5Epk_for_mod_ins.p_for_cons_activitats?p_poblacio=08015%26p_any=2016-2017%26p_modalitat=50%26p_totes=s%26p_inici=1%26p_excloure_crp_rec=F&amp;p_codi=2040851204&amp;p_curs=2016-2017&amp;p_excloure_crp_rec=F\" target=\"_blank\" data-saferedirecturl=\"https:\/\/www.google.com\/url?hl=ca&amp;q=https:\/\/aplicacions.gestioeducativa.gencat.cat\/pls\/soloas\/pk_for_mod_ins.p_for_detall_activitat?p_header%3DLlista%2520d%2527activitats%255Epk_for_mod_ins.p_for_cons_activitats?p_poblacio%3D08015%2526p_any%3D2016-2017%2526p_modalitat%3D50%2526p_totes%3Ds%2526p_inici%3D1%2526p_excloure_crp_rec%3DF%26p_codi%3D2040851204%26p_curs%3D2016-2017%26p_excloure_crp_rec%3DF&amp;source=gmail&amp;ust=1484912376946000&amp;usg=AFQjCNHyGHQ2luV42uytKOm2mHyZNJIieg\">INSCRIPCI\u00d3<\/a><\/strong><\/span><\/p>\n<p><span style=\"font-size: 10pt; font-family: verdana, geneva, sans-serif;\">El Departament d\u2019Ensenyament organitza la primera\u00a0<a href=\"http:\/\/xtec.gencat.cat\/ca\/formacio\/converses-pedagogiques\/\" target=\"_blank\" data-saferedirecturl=\"https:\/\/www.google.com\/url?hl=ca&amp;q=http:\/\/xtec.gencat.cat\/ca\/formacio\/converses-pedagogiques\/&amp;source=gmail&amp;ust=1484912376946000&amp;usg=AFQjCNHQZPoZkUDcsIA7RUkIt__yHlcKYw\"><strong>conversa pedag\u00f2gica<\/strong><\/a>\u00a0del curs\u00a0i nosaltres et convidem a participar-hi des del CRP\u00a0<em>maridada<\/em>\u00a0amb una bona coca amb xocolata.\u00a0<a href=\"https:\/\/aplicacions.gestioeducativa.gencat.cat\/pls\/soloas\/pk_for_mod_ins.p_for_detall_activitat?p_header=Llista%20d%27activitats%5Epk_for_mod_ins.p_for_cons_activitats?p_poblacio=08015%26p_any=2016-2017%26p_modalitat=50%26p_totes=s%26p_inici=1%26p_excloure_crp_rec=F&amp;p_codi=2040851204&amp;p_curs=2016-2017&amp;p_excloure_crp_rec=F\" target=\"_blank\" data-saferedirecturl=\"https:\/\/www.google.com\/url?hl=ca&amp;q=https:\/\/aplicacions.gestioeducativa.gencat.cat\/pls\/soloas\/pk_for_mod_ins.p_for_detall_activitat?p_header%3DLlista%2520d%2527activitats%255Epk_for_mod_ins.p_for_cons_activitats?p_poblacio%3D08015%2526p_any%3D2016-2017%2526p_modalitat%3D50%2526p_totes%3Ds%2526p_inici%3D1%2526p_excloure_crp_rec%3DF%26p_codi%3D2040851204%26p_curs%3D2016-2017%26p_excloure_crp_rec%3DF&amp;source=gmail&amp;ust=1484912376946000&amp;usg=AFQjCNHyGHQ2luV42uytKOm2mHyZNJIieg\"><strong>T\u2019hi apuntes?<\/strong><\/a><\/span><\/p>\n<p><span style=\"font-size: 10pt; font-family: verdana, geneva, sans-serif;\"><em><strong>Com hauria de ser una biblioteca d\u2019un centre educatiu del segle XXI? Quins principis hauria de seguir? Quines l\u00ednies de coordinaci\u00f3 hauria de tenir amb la biblioteca p\u00fablica?<\/strong><\/em><\/span><\/p>\n<p><span style=\"font-size: 10pt; font-family: verdana, geneva, sans-serif;\">Intervindran:\u00a0<strong>Dolors Bund\u00f3,<\/strong>\u00a0Mestra responsable de la biblioteca de l\u2019Escola Cosset\u00e0nia de Vilanova i la Geltr\u00fa;\u00a0<strong>Nati Calvo,<\/strong>\u00a0Directora de la Biblioteca Sant Ildefons de Cornell\u00e0, i\u00a0<strong>Albert Correa<\/strong>, Mestre del Col\u00b7legi Sant Andreu de Badalona i membre del grup Biblioteques Escolars de Badalona.\u00a0\u2026\u00a0<a title=\"Read XXVII Conversa pedag\u00f2gica: La biblioteca, un projecte de centre\" href=\"http:\/\/serveiseducatius.xtec.cat\/badalona\/general\/xxvii-conversa-pedagogica-la-biblioteca-un-projecte-de-centre\/\" target=\"_blank\" data-saferedirecturl=\"https:\/\/www.google.com\/url?hl=ca&amp;q=http:\/\/serveiseducatius.xtec.cat\/badalona\/general\/xxvii-conversa-pedagogica-la-biblioteca-un-projecte-de-centre\/&amp;source=gmail&amp;ust=1484912376946000&amp;usg=AFQjCNH7Pd2oBUZ4LfbFNHbBSzFgNn6KRQ\">Llegeix m\u00e9s\u00bb<\/a><\/span><\/p>\n<\/div>\n<\/div>\n<div>\n<header class=\"m_-4922120787721606191m_-4312442328085115759m_262570211435340889entry-header\">\n<h2 class=\"m_-4922120787721606191m_-4312442328085115759m_262570211435340889entry-title\"><span style=\"font-size: 12pt; font-family: verdana, geneva, sans-serif;\"><a title=\"Videoconfer\u00e8ncia\" href=\"http:\/\/serveiseducatius.xtec.cat\/badalona\/portada\/videoconferencia\/\" target=\"_blank\" rel=\"bookmark\" data-saferedirecturl=\"https:\/\/www.google.com\/url?hl=ca&amp;q=http:\/\/serveiseducatius.xtec.cat\/badalona\/portada\/videoconferencia\/&amp;source=gmail&amp;ust=1484912376946000&amp;usg=AFQjCNEgyRSZbOvOM438TzyqAGSUigCa8g\">Videoconfer\u00e8ncia<\/a><\/span><\/h2>\n<div class=\"m_-4922120787721606191m_-4312442328085115759m_262570211435340889entry-original-featured-image\"><span style=\"font-size: 10pt; font-family: verdana, geneva, sans-serif;\"><img decoding=\"async\" class=\"CToWUd alignleft\" src=\"https:\/\/ci5.googleusercontent.com\/proxy\/gbx1khZdXhKDTnnSQmMng8FkrAFi_V7vyj8tvOEovYZt_AXTpTDRiMS3VwYZ65OuNfIW0njimhCiTF2f2u7PZ18LdfJ__r7-xXrZRtdXojaYSFTHThNteX_7r28-npz-p-_V4kKdn7ygjz6YZdPPmHXPkAmrh1NZWd4=s0-d-e1-ft#http:\/\/serveiseducatius.xtec.cat\/badalona\/wp-content\/uploads\/usu1088\/2016\/11\/sc16-e1478676905483.jpg\" \/><\/span><\/div>\n<\/header>\n<div class=\"m_-4922120787721606191m_-4312442328085115759m_262570211435340889entry-summary\">\n<p><span style=\"font-size: 10pt; font-family: verdana, geneva, sans-serif;\"><a href=\"http:\/\/xtec.gencat.cat\/ca\/innovacio\/setmana-de-la-ciencia-2016\/retransmissio\/index.html\" target=\"_blank\" data-saferedirecturl=\"https:\/\/www.google.com\/url?hl=ca&amp;q=http:\/\/xtec.gencat.cat\/ca\/innovacio\/setmana-de-la-ciencia-2016\/retransmissio\/index.html&amp;source=gmail&amp;ust=1484912376947000&amp;usg=AFQjCNE0DkvOs0h37ode_sJpbkN7c6SPww\">La gen\u00e8tica que et menges; del laboratori a la taula<\/a><\/span><br \/>\n<span style=\"font-size: 10pt; font-family: verdana, geneva, sans-serif;\">16 de novembre de 2016, a les 11:30 h,<\/span><br \/>\n<span style=\"font-size: 10pt; font-family: verdana, geneva, sans-serif;\">en el marc de la Setmana de la Ci\u00e8ncia: La ci\u00e8ncia en primera persona.<\/span><br \/>\n<span style=\"font-size: 10pt; font-family: verdana, geneva, sans-serif;\">Maria Jos\u00e9 Aranzana, investigadora\u00a0de l\u2019IRTA al Centre de Recerca Agrigen\u00f2mica\u00a0\u2026\u00a0<a title=\"Read Videoconfer\u00e8ncia\" href=\"http:\/\/serveiseducatius.xtec.cat\/badalona\/portada\/videoconferencia\/\" target=\"_blank\" data-saferedirecturl=\"https:\/\/www.google.com\/url?hl=ca&amp;q=http:\/\/serveiseducatius.xtec.cat\/badalona\/portada\/videoconferencia\/&amp;source=gmail&amp;ust=1484912376947000&amp;usg=AFQjCNHQFi9Iuk-1eKX1YQkAL11IgFH2Dg\">Llegeix m\u00e9s\u00bb<\/a><\/span><\/p>\n<\/div>\n<\/div>\n<div>\n<header class=\"m_-4922120787721606191m_-4312442328085115759m_262570211435340889entry-header\">\n<h2 class=\"m_-4922120787721606191m_-4312442328085115759m_262570211435340889entry-title\"><span style=\"font-size: 12pt; font-family: verdana, geneva, sans-serif;\"><a title=\"Cicle de confer\u00e8ncies: \u201cAnar a mar\u201d\" href=\"http:\/\/serveiseducatius.xtec.cat\/badalona\/portada\/cicle-de-conferencies-anar-a-mar\/\" target=\"_blank\" rel=\"bookmark\" data-saferedirecturl=\"https:\/\/www.google.com\/url?hl=ca&amp;q=http:\/\/serveiseducatius.xtec.cat\/badalona\/portada\/cicle-de-conferencies-anar-a-mar\/&amp;source=gmail&amp;ust=1484912376947000&amp;usg=AFQjCNFJobM75Lwzu9xNLDDE8ZN2LNMpsg\">Cicle de confer\u00e8ncies: \u201cAnar a mar\u201d<\/a><\/span><\/h2>\n<div class=\"m_-4922120787721606191m_-4312442328085115759m_262570211435340889entry-original-featured-image\"><span style=\"font-size: 10pt; font-family: verdana, geneva, sans-serif;\"><img loading=\"lazy\" decoding=\"async\" class=\"CToWUd alignright\" src=\"https:\/\/ci5.googleusercontent.com\/proxy\/TvMAEHty3qFeq3oa34tgoAt787LdGSFNIsulGUQ0CqeAvUN7egNSd41e6cKVimxp0ULn6lxIYXzOhzvHBgkx0j-1waQsqGvHPiJV3tyLQH061hGPf6JoZF3bVeGLANIQqt615CuM2uPN1uRChYK0-rIowk073T3_qDSeqKhZNqQ=s0-d-e1-ft#http:\/\/serveiseducatius.xtec.cat\/badalona\/wp-content\/uploads\/usu1088\/2016\/11\/anar-a-mar-e1478677695354.jpg\" width=\"97\" height=\"97\" \/><\/span><\/div>\n<\/header>\n<div class=\"m_-4922120787721606191m_-4312442328085115759m_262570211435340889entry-summary\">\n<p><span style=\"font-size: 10pt; font-family: verdana, geneva, sans-serif;\">L\u2019Escola del Mar, Centre d\u2019Estudis Marins de Badalona i Marina de Badalona inicien, el proper dijous 17 de novembre, la 2a edici\u00f3 del cicle de confer\u00e8ncies \u201cAnar a Mar\u201d on especialistes de diferents disciplines abordaran temes d\u2019actualitat o d\u2019investigaci\u00f3 vinculats amb el mar.\u2026\u00a0<a title=\"Read Cicle de confer\u00e8ncies: \u201cAnar a mar\u201d\" href=\"http:\/\/serveiseducatius.xtec.cat\/badalona\/portada\/cicle-de-conferencies-anar-a-mar\/\" target=\"_blank\" data-saferedirecturl=\"https:\/\/www.google.com\/url?hl=ca&amp;q=http:\/\/serveiseducatius.xtec.cat\/badalona\/portada\/cicle-de-conferencies-anar-a-mar\/&amp;source=gmail&amp;ust=1484912376947000&amp;usg=AFQjCNFJobM75Lwzu9xNLDDE8ZN2LNMpsg\">Llegeix m\u00e9s\u00bb<\/a><\/span><\/p>\n<\/div>\n<\/div>\n<div>\n<header class=\"m_-4922120787721606191m_-4312442328085115759m_262570211435340889entry-header m_-4922120787721606191m_-4312442328085115759m_262570211435340889gmail-fullwidth\">\n<h2 class=\"m_-4922120787721606191m_-4312442328085115759m_262570211435340889entry-title\"><span style=\"font-size: 12pt; font-family: verdana, geneva, sans-serif;\"><a title=\"Setmana de la ci\u00e8ncia\" href=\"http:\/\/serveiseducatius.xtec.cat\/badalona\/portada\/setmana-de-la-ciencia\/\" target=\"_blank\" rel=\"bookmark\" data-saferedirecturl=\"https:\/\/www.google.com\/url?hl=ca&amp;q=http:\/\/serveiseducatius.xtec.cat\/badalona\/portada\/setmana-de-la-ciencia\/&amp;source=gmail&amp;ust=1484912376947000&amp;usg=AFQjCNGVBFpQ10STuYGbOiU5SfyvxgKKJA\">Setmana de la ci\u00e8ncia<\/a><\/span><\/h2>\n<\/header>\n<div class=\"m_-4922120787721606191m_-4312442328085115759m_262570211435340889gmail-large-12 m_-4922120787721606191m_-4312442328085115759m_262570211435340889gmail-columns\">\n<div class=\"m_-4922120787721606191m_-4312442328085115759m_262570211435340889entry-original-featured-image\"><span style=\"font-size: 10pt; font-family: verdana, geneva, sans-serif;\"><img decoding=\"async\" class=\"CToWUd alignleft\" src=\"https:\/\/ci5.googleusercontent.com\/proxy\/gbx1khZdXhKDTnnSQmMng8FkrAFi_V7vyj8tvOEovYZt_AXTpTDRiMS3VwYZ65OuNfIW0njimhCiTF2f2u7PZ18LdfJ__r7-xXrZRtdXojaYSFTHThNteX_7r28-npz-p-_V4kKdn7ygjz6YZdPPmHXPkAmrh1NZWd4=s0-d-e1-ft#http:\/\/serveiseducatius.xtec.cat\/badalona\/wp-content\/uploads\/usu1088\/2016\/11\/sc16-e1478676905483.jpg\" \/><\/span><\/div>\n<\/div>\n<div class=\"m_-4922120787721606191m_-4312442328085115759m_262570211435340889entry-summary\">\n<p><span style=\"font-size: 10pt; font-family: verdana, geneva, sans-serif;\">Accions integrades en el programa d\u2019activitats del IV Congr\u00e9s de Ci\u00e8ncia d\u2019Educaci\u00f3 Infantil i Prim\u00e0ria i de les XXXI Jornades Cient\u00edfiques d\u2019Ensenyament Secundari de Badalona.<\/span><\/p>\n<p><span style=\"font-size: 10pt; font-family: verdana, geneva, sans-serif;\"><a href=\"https:\/\/serveiseducatius.xtec.cat\/badalona\/docs\/setmana-de-la-ciencia-2016\/?bp-attachment=Setmana-de-la-Ci%C3%A8ncia-Badalona-2016-A3.pdf\" target=\"_blank\" data-saferedirecturl=\"https:\/\/www.google.com\/url?hl=ca&amp;q=https:\/\/serveiseducatius.xtec.cat\/badalona\/docs\/setmana-de-la-ciencia-2016\/?bp-attachment%3DSetmana-de-la-Ci%25C3%25A8ncia-Badalona-2016-A3.pdf&amp;source=gmail&amp;ust=1484912376947000&amp;usg=AFQjCNH_ayMozVzW4fCgo0gDj28z42DlSw\">P\u00f2ster de les activitats programades<\/a>\u00a0<\/span><\/p>\n<\/div>\n<\/div>\n<div>\n<header class=\"m_-4922120787721606191m_-4312442328085115759m_262570211435340889entry-header\">\n<h2 class=\"m_-4922120787721606191m_-4312442328085115759m_262570211435340889entry-title\"><span style=\"font-size: 12pt; font-family: verdana, geneva, sans-serif;\"><a title=\"Jornada Pedag\u00f2gica:  L\u2019escola p\u00fablica que volem\" href=\"http:\/\/serveiseducatius.xtec.cat\/badalona\/portada\/jornada-pedagogica-lescola-publica-que-volem\/\" target=\"_blank\" rel=\"bookmark\" data-saferedirecturl=\"https:\/\/www.google.com\/url?hl=ca&amp;q=http:\/\/serveiseducatius.xtec.cat\/badalona\/portada\/jornada-pedagogica-lescola-publica-que-volem\/&amp;source=gmail&amp;ust=1484912376947000&amp;usg=AFQjCNH8Im0Cp3QVU2J-iJQH5yL2TP0X8A\">Jornada Pedag\u00f2gica: L\u2019escola p\u00fablica que volem<\/a><\/span><\/h2>\n<\/header>\n<div class=\"m_-4922120787721606191m_-4312442328085115759m_262570211435340889entry-summary\">\n<p><span style=\"font-size: 10pt; font-family: verdana, geneva, sans-serif;\">L\u2019escola ELS PINETONS de Ripollet (Vall\u00e8s Occidental) vol compartir la JORNADA PEDAG\u00d2GICA: L\u2019ESCOLA P\u00daBLICA QUE VOLEM , que ha organitzat amb motiu de la celebraci\u00f3 dels 10 ANYS D\u2019ESCOLA.<\/span><br \/>\n<span style=\"font-size: 10pt; font-family: verdana, geneva, sans-serif;\">Han preparat un programa molt interessant .<\/span><br \/>\n<span style=\"font-size: 10pt; font-family: verdana, geneva, sans-serif;\">\u2026\u00a0<a title=\"Read Jornada Pedag\u00f2gica:  L\u2019escola p\u00fablica que volem\" href=\"http:\/\/serveiseducatius.xtec.cat\/badalona\/portada\/jornada-pedagogica-lescola-publica-que-volem\/\" target=\"_blank\" data-saferedirecturl=\"https:\/\/www.google.com\/url?hl=ca&amp;q=http:\/\/serveiseducatius.xtec.cat\/badalona\/portada\/jornada-pedagogica-lescola-publica-que-volem\/&amp;source=gmail&amp;ust=1484912376947000&amp;usg=AFQjCNH8Im0Cp3QVU2J-iJQH5yL2TP0X8A\">Llegeix m\u00e9s\u00bb<\/a><\/span><\/p>\n<\/div>\n<\/div>\n<div>\n<header class=\"m_-4922120787721606191m_-4312442328085115759m_262570211435340889entry-header\">\n<h2 class=\"m_-4922120787721606191m_-4312442328085115759m_262570211435340889entry-title\"><span style=\"font-size: 12pt; font-family: verdana, geneva, sans-serif;\"><a title=\"Jornades d\u2019innovaci\u00f3 democr\u00e0tica 2016\" href=\"http:\/\/serveiseducatius.xtec.cat\/badalona\/portada\/jornades-dinnovacio-democratica-2016\/\" target=\"_blank\" rel=\"bookmark\" data-saferedirecturl=\"https:\/\/www.google.com\/url?hl=ca&amp;q=http:\/\/serveiseducatius.xtec.cat\/badalona\/portada\/jornades-dinnovacio-democratica-2016\/&amp;source=gmail&amp;ust=1484912376947000&amp;usg=AFQjCNErjtrEt6B-s5NOVCB_o4Je8MON-w\">Jornades d\u2019innovaci\u00f3 democr\u00e0tica 2016<\/a><\/span><\/h2>\n<div class=\"m_-4922120787721606191m_-4312442328085115759m_262570211435340889entry-original-featured-image\"><span style=\"font-size: 10pt; font-family: verdana, geneva, sans-serif;\"><img loading=\"lazy\" decoding=\"async\" class=\"CToWUd alignright\" src=\"https:\/\/ci4.googleusercontent.com\/proxy\/9lAMzknL2lBvXTGs5o-ZL9J7Ul_HdDsRi5-2bDBMqBi0BmTmtMdiqKPRBp1gps1eZTtcZ5yHG8NN510fisiaxydr6w0Ic8ACJvR_D__pRl0sGLP0JNvGMwMkvqN87R5u_aPfm2-gZvVEyLcY2W-sWqyUScRmMdKHARzIQDeLPA=s0-d-e1-ft#http:\/\/serveiseducatius.xtec.cat\/badalona\/wp-content\/uploads\/usu1088\/2016\/10\/jorinndem-e1477642269195.png\" width=\"90\" height=\"98\" \/><\/span><\/div>\n<\/header>\n<div class=\"m_-4922120787721606191m_-4312442328085115759m_262570211435340889entry-summary\">\n<p><span style=\"font-size: 10pt; font-family: verdana, geneva, sans-serif;\">L\u2018escola, espai per a l\u2019educaci\u00f3 en la participaci\u00f3<\/span><br \/>\n<span style=\"font-size: 10pt; font-family: verdana, geneva, sans-serif;\">Dia: Dissabte, 19 de novembre de 2016<\/span><br \/>\n<span style=\"font-size: 10pt; font-family: verdana, geneva, sans-serif;\">Hora: 9 a 1 4h<\/span><br \/>\n<span style=\"font-size: 10pt; font-family: verdana, geneva, sans-serif;\">Lloc: Sala d\u2019actes. INS Eugeni d\u2019Ors<\/span><br \/>\n<span style=\"font-size: 10pt; font-family: verdana, geneva, sans-serif;\"><a href=\"https:\/\/aplicacions.gestioeducativa.gencat.cat\/pls\/soloas\/pk_for_mod_ins.p_for_detall_activitat?p_header=Llista%20d%27activitats%5Epk_for_mod_ins.p_for_cons_activitats?p_poblacio=08015%26p_any=2016-2017%26p_modalitat=50%26p_totes=s%26p_inici=1%26p_excloure_crp_rec=F&amp;p_codi=9002430541&amp;p_curs=2016-2017&amp;p_excloure_crp_rec=F\" target=\"_blank\" data-saferedirecturl=\"https:\/\/www.google.com\/url?hl=ca&amp;q=https:\/\/aplicacions.gestioeducativa.gencat.cat\/pls\/soloas\/pk_for_mod_ins.p_for_detall_activitat?p_header%3DLlista%2520d%2527activitats%255Epk_for_mod_ins.p_for_cons_activitats?p_poblacio%3D08015%2526p_any%3D2016-2017%2526p_modalitat%3D50%2526p_totes%3Ds%2526p_inici%3D1%2526p_excloure_crp_rec%3DF%26p_codi%3D9002430541%26p_curs%3D2016-2017%26p_excloure_crp_rec%3DF&amp;source=gmail&amp;ust=1484912376947000&amp;usg=AFQjCNGlYimgB90DXzKKCB9e1wq4RGYtpg\">INSCRIPCI\u00d3<br \/>\n<\/a>En el\u00a0<a href=\"https:\/\/serveiseducatius.xtec.cat\/badalona\/docs\/jornades-dinnovacio-democratica-2016\/?bp-attachment=Jornades-ID-2016.docx\" target=\"_blank\" data-saferedirecturl=\"https:\/\/www.google.com\/url?hl=ca&amp;q=https:\/\/serveiseducatius.xtec.cat\/badalona\/docs\/jornades-dinnovacio-democratica-2016\/?bp-attachment%3DJornades-ID-2016.docx&amp;source=gmail&amp;ust=1484912376947000&amp;usg=AFQjCNE-g8bRY2GP2eOtCHo_iwMrA2BW3Q\">document adjunt<\/a>\u00a0trobar\u00e0s el PROGRAMA i OBJECTIUS de la Jornada<\/span><\/p>\n<\/div>\n<\/div>\n<\/div>\n<\/div>\n<\/div>\n<\/div>\n<\/div>\n<\/div>\n<\/div>\n<\/div>\n","protected":false},"excerpt":{"rendered":"<p>Confer\u00e8ncia: \u201cAprendre ci\u00e8ncia des del n\u00e9ixer \u201c Reflexions al voltant de les ci\u00e8ncies i els infants a partir de pr\u00e0ctiques [&hellip;]<\/p>\n","protected":false},"author":9,"featured_media":6001,"comment_status":"open","ping_status":"open","sticky":false,"template":"","format":"standard","meta":{"_bbp_topic_count":0,"_bbp_reply_count":0,"_bbp_total_topic_count":0,"_bbp_total_reply_count":0,"_bbp_voice_count":0,"_bbp_anonymous_reply_count":0,"_bbp_topic_count_hidden":0,"_bbp_reply_count_hidden":0,"_bbp_forum_subforum_count":0,"site-sidebar-layout":"default","site-content-layout":"","ast-site-content-layout":"","site-content-style":"default","site-sidebar-style":"default","ast-global-header-display":"","ast-banner-title-visibility":"","ast-main-header-display":"","ast-hfb-above-header-display":"","ast-hfb-below-header-display":"","ast-hfb-mobile-header-display":"","site-post-title":"","ast-breadcrumbs-content":"","ast-featured-img":"","footer-sml-layout":"","theme-transparent-header-meta":"","adv-header-id-meta":"","stick-header-meta":"","header-above-stick-meta":"","header-main-stick-meta":"","header-below-stick-meta":"","astra-migrate-meta-layouts":"default","ast-page-background-enabled":"default","ast-page-background-meta":{"desktop":{"background-color":"var(--ast-global-color-4)","background-image":"","background-repeat":"repeat","background-position":"center center","background-size":"auto","background-attachment":"scroll","background-type":"","background-media":"","overlay-type":"","overlay-color":"","overlay-opacity":"","overlay-gradient":""},"tablet":{"background-color":"","background-image":"","background-repeat":"repeat","background-position":"center center","background-size":"auto","background-attachment":"scroll","background-type":"","background-media":"","overlay-type":"","overlay-color":"","overlay-opacity":"","overlay-gradient":""},"mobile":{"background-color":"","background-image":"","background-repeat":"repeat","background-position":"center center","background-size":"auto","background-attachment":"scroll","background-type":"","background-media":"","overlay-type":"","overlay-color":"","overlay-opacity":"","overlay-gradient":""}},"ast-content-background-meta":{"desktop":{"background-color":"var(--ast-global-color-5)","background-image":"","background-repeat":"repeat","background-position":"center center","background-size":"auto","background-attachment":"scroll","background-type":"","background-media":"","overlay-type":"","overlay-color":"","overlay-opacity":"","overlay-gradient":""},"tablet":{"background-color":"var(--ast-global-color-5)","background-image":"","background-repeat":"repeat","background-position":"center center","background-size":"auto","background-attachment":"scroll","background-type":"","background-media":"","overlay-type":"","overlay-color":"","overlay-opacity":"","overlay-gradient":""},"mobile":{"background-color":"var(--ast-global-color-5)","background-image":"","background-repeat":"repeat","background-position":"center center","background-size":"auto","background-attachment":"scroll","background-type":"","background-media":"","overlay-type":"","overlay-color":"","overlay-opacity":"","overlay-gradient":""}},"footnotes":""},"categories":[254],"tags":[],"class_list":["post-6022","post","type-post","status-publish","format-standard","has-post-thumbnail","hentry","category-full-informatiu"],"post_mailing_queue_ids":[],"_links":{"self":[{"href":"https:\/\/serveiseducatius.xtec.cat\/badalona\/wp-json\/wp\/v2\/posts\/6022","targetHints":{"allow":["GET"]}}],"collection":[{"href":"https:\/\/serveiseducatius.xtec.cat\/badalona\/wp-json\/wp\/v2\/posts"}],"about":[{"href":"https:\/\/serveiseducatius.xtec.cat\/badalona\/wp-json\/wp\/v2\/types\/post"}],"author":[{"embeddable":true,"href":"https:\/\/serveiseducatius.xtec.cat\/badalona\/wp-json\/wp\/v2\/users\/9"}],"replies":[{"embeddable":true,"href":"https:\/\/serveiseducatius.xtec.cat\/badalona\/wp-json\/wp\/v2\/comments?post=6022"}],"version-history":[{"count":1,"href":"https:\/\/serveiseducatius.xtec.cat\/badalona\/wp-json\/wp\/v2\/posts\/6022\/revisions"}],"predecessor-version":[{"id":6023,"href":"https:\/\/serveiseducatius.xtec.cat\/badalona\/wp-json\/wp\/v2\/posts\/6022\/revisions\/6023"}],"wp:featuredmedia":[{"embeddable":true,"href":"https:\/\/serveiseducatius.xtec.cat\/badalona\/wp-json\/wp\/v2\/media\/6001"}],"wp:attachment":[{"href":"https:\/\/serveiseducatius.xtec.cat\/badalona\/wp-json\/wp\/v2\/media?parent=6022"}],"wp:term":[{"taxonomy":"category","embeddable":true,"href":"https:\/\/serveiseducatius.xtec.cat\/badalona\/wp-json\/wp\/v2\/categories?post=6022"},{"taxonomy":"post_tag","embeddable":true,"href":"https:\/\/serveiseducatius.xtec.cat\/badalona\/wp-json\/wp\/v2\/tags?post=6022"}],"curies":[{"name":"wp","href":"https:\/\/api.w.org\/{rel}","templated":true}]}}