{"id":6017,"date":"2016-10-28T14:29:53","date_gmt":"2016-10-28T12:29:53","guid":{"rendered":"http:\/\/serveiseducatius.xtec.cat\/badalona\/?p=6017"},"modified":"2017-01-19T14:35:50","modified_gmt":"2017-01-19T13:35:50","slug":"full-informatiu-se-badalona-del-24-al-28-doctubre-de-2016","status":"publish","type":"post","link":"https:\/\/serveiseducatius.xtec.cat\/badalona\/full-informatiu\/full-informatiu-se-badalona-del-24-al-28-doctubre-de-2016\/","title":{"rendered":"Full informatiu SE Badalona del 24 al 28 d&#8217;octubre de 2016"},"content":{"rendered":"<header class=\"m_7869110940303428441m_-8427512278154568478m_8483640210735626070entry-header\">\n<h2 class=\"m_7869110940303428441m_-8427512278154568478m_8483640210735626070entry-title\"><a title=\"Confer\u00e8ncia: Investigar en les Ci\u00e8ncies Socials per comprendre el m\u00f3n on vivim\" href=\"http:\/\/serveiseducatius.xtec.cat\/se-badalona\/general\/investigar-en-les-ciencies-socials-per-comprendre-el-mon-on-vivim\/\" target=\"_blank\" rel=\"bookmark\" data-saferedirecturl=\"https:\/\/www.google.com\/url?hl=ca&amp;q=http:\/\/serveiseducatius.xtec.cat\/se-badalona\/general\/investigar-en-les-ciencies-socials-per-comprendre-el-mon-on-vivim\/&amp;source=gmail&amp;ust=1484912378471000&amp;usg=AFQjCNGXUdHjAaDL1FOLAs2JUjsQHYTKlg\">Confer\u00e8ncia: Investigar en les Ci\u00e8ncies Socials per comprendre el m\u00f3n on vivim<\/a><\/h2>\n<div class=\"m_7869110940303428441m_-8427512278154568478m_8483640210735626070entry-original-featured-image\"><img decoding=\"async\" class=\"CToWUd\" src=\"https:\/\/ci3.googleusercontent.com\/proxy\/jyMpH72PZW44QHKWBdaAweiJC5d7ST1d3hb7d83cPTM2fpm4ljDO0_MNlrIGs_NT4L8TO7aDGAd92qvUch4jKyGDE0nBjN-k6Cafuet76i13d9p9ytZeTMapPr3Yj4kura5wB2mhRxovQ5WxgI8=s0-d-e1-ft#http:\/\/serveiseducatius.xtec.cat\/se-badalona\/wp-content\/uploads\/usu1088\/2016\/10\/medi.jpg\" \/><\/div>\n<\/header>\n<div class=\"m_7869110940303428441m_-8427512278154568478m_8483640210735626070entry-summary\">\n<p>Perqu\u00e8 els nostres alumnes comprenguin la realitat que ens envolta, sapiguen d\u2019on venim, entenguin el present i puguin plantejar com volen el futur, \u00e9s necessari introduir processos d\u2019investigaci\u00f3 a l\u2019aula.<br \/>\n\u2026\u00a0<a title=\"Read Confer\u00e8ncia: Investigar en les Ci\u00e8ncies Socials per comprendre el m\u00f3n on vivim\" href=\"http:\/\/serveiseducatius.xtec.cat\/se-badalona\/general\/investigar-en-les-ciencies-socials-per-comprendre-el-mon-on-vivim\/\" target=\"_blank\" data-saferedirecturl=\"https:\/\/www.google.com\/url?hl=ca&amp;q=http:\/\/serveiseducatius.xtec.cat\/se-badalona\/general\/investigar-en-les-ciencies-socials-per-comprendre-el-mon-on-vivim\/&amp;source=gmail&amp;ust=1484912378471000&amp;usg=AFQjCNGXUdHjAaDL1FOLAs2JUjsQHYTKlg\">Llegeix m\u00e9s\u00bb<\/a><\/p>\n<header class=\"m_7869110940303428441m_-8427512278154568478m_8483640210735626070entry-header\">\n<h2 class=\"m_7869110940303428441m_-8427512278154568478m_8483640210735626070entry-title\"><a title=\"Xerrada-taller del Programa Ci\u00e8ncia i Aula. FCRi\" href=\"http:\/\/serveiseducatius.xtec.cat\/se-badalona\/portada\/xerrada-taller-del-programa-ciencia-i-aula-fcri\/\" target=\"_blank\" rel=\"bookmark\" data-saferedirecturl=\"https:\/\/www.google.com\/url?hl=ca&amp;q=http:\/\/serveiseducatius.xtec.cat\/se-badalona\/portada\/xerrada-taller-del-programa-ciencia-i-aula-fcri\/&amp;source=gmail&amp;ust=1484912378471000&amp;usg=AFQjCNHXKcNKMdzz6pw4WrJQONYbZ0jkcw\">Xerrada-taller del Programa Ci\u00e8ncia i Aula. FCRi<\/a><\/h2>\n<header class=\"m_7869110940303428441m_-8427512278154568478m_8483640210735626070entry-header\">\n<div class=\"m_7869110940303428441m_-8427512278154568478m_8483640210735626070entry-thumbnail\"><\/div>\n<\/header>\n<div class=\"m_7869110940303428441m_-8427512278154568478m_8483640210735626070entry-summary\">\n<p>Adre\u00e7ada a docents d\u2019ESO i BTX, proposar\u00e0 un seguit d\u2019experiments senzills per a mesurar i relacionar variables en f\u00edsica \u2026\u00a0<a title=\"Read Xerrada-taller del Programa Ci\u00e8ncia i Aula. FCRi\" href=\"http:\/\/serveiseducatius.xtec.cat\/se-badalona\/portada\/xerrada-taller-del-programa-ciencia-i-aula-fcri\/\" target=\"_blank\" data-saferedirecturl=\"https:\/\/www.google.com\/url?hl=ca&amp;q=http:\/\/serveiseducatius.xtec.cat\/se-badalona\/portada\/xerrada-taller-del-programa-ciencia-i-aula-fcri\/&amp;source=gmail&amp;ust=1484912378471000&amp;usg=AFQjCNHXKcNKMdzz6pw4WrJQONYbZ0jkcw\">Llegeix m\u00e9s\u00bb<\/a><\/p>\n<\/div>\n<h2 class=\"m_7869110940303428441m_-8427512278154568478m_8483640210735626070entry-title\"><a title=\"Jornades d\u2019innovaci\u00f3 democr\u00e0tica 2016\" href=\"http:\/\/serveiseducatius.xtec.cat\/se-badalona\/portada\/jornades-dinnovacio-democratica-2016\/\" target=\"_blank\" rel=\"bookmark\" data-saferedirecturl=\"https:\/\/www.google.com\/url?hl=ca&amp;q=http:\/\/serveiseducatius.xtec.cat\/se-badalona\/portada\/jornades-dinnovacio-democratica-2016\/&amp;source=gmail&amp;ust=1484912378471000&amp;usg=AFQjCNEF7joiELpHK8N39dZUmVi0FX28lw\">Jornades d\u2019innovaci\u00f3 democr\u00e0tica 2016<\/a><\/h2>\n<div class=\"m_7869110940303428441m_-8427512278154568478m_8483640210735626070entry-summary\">\n<header class=\"m_7869110940303428441m_-8427512278154568478m_8483640210735626070entry-header\">\n<div class=\"m_7869110940303428441m_-8427512278154568478m_8483640210735626070entry-original-featured-image\"><img decoding=\"async\" class=\"CToWUd\" src=\"https:\/\/ci3.googleusercontent.com\/proxy\/9DB7b9uEpNdzGyzhuvaJOTz60mDqu3MfSbEYJBXe6O20i781y3eVTeUX9SpWIIIMEVm9Ee4R_w9wWyk4B4YA43_iH5Y2ymIgkvi_MCYmkdu1u5z0VRTtd61gLHEMbjihU6gQeT6ykqPrnFroz9Sf5oHhzV1bCqi9jWaJq52gbtCwJw=s0-d-e1-ft#http:\/\/serveiseducatius.xtec.cat\/se-badalona\/wp-content\/uploads\/usu1088\/2016\/10\/jorinndem-e1477642269195.png\" \/><\/div>\n<\/header>\n<div class=\"m_7869110940303428441m_-8427512278154568478m_8483640210735626070entry-summary\">\n<p>L\u2018escola, espai per a l\u2019educaci\u00f3 en la participaci\u00f3<br \/>\nDia: Dissabte, 19 de novembre de 2016<br \/>\nHora: 9 a 1 4h<br \/>\nLloc: Sala d\u2019actes. INS Eugeni d\u2019Ors<br \/>\n<a href=\"https:\/\/aplicacions.gestioeducativa.gencat.cat\/pls\/soloas\/pk_for_mod_ins.p_for_detall_activitat?p_header=Llista%20d%27activitats%5Epk_for_mod_ins.p_for_cons_activitats?p_poblacio=08015%26p_any=2016-2017%26p_modalitat=50%26p_totes=s%26p_inici=1%26p_excloure_crp_rec=F&amp;p_codi=9002430541&amp;p_curs=2016-2017&amp;p_excloure_crp_rec=F\" target=\"_blank\" data-saferedirecturl=\"https:\/\/www.google.com\/url?hl=ca&amp;q=https:\/\/aplicacions.gestioeducativa.gencat.cat\/pls\/soloas\/pk_for_mod_ins.p_for_detall_activitat?p_header%3DLlista%2520d%2527activitats%255Epk_for_mod_ins.p_for_cons_activitats?p_poblacio%3D08015%2526p_any%3D2016-2017%2526p_modalitat%3D50%2526p_totes%3Ds%2526p_inici%3D1%2526p_excloure_crp_rec%3DF%26p_codi%3D9002430541%26p_curs%3D2016-2017%26p_excloure_crp_rec%3DF&amp;source=gmail&amp;ust=1484912378471000&amp;usg=AFQjCNHFjsf5eIRzvi4HodqIhErODL2-BA\">INSCRIPCI\u00d3<br \/>\n<\/a>En el\u00a0<a href=\"https:\/\/serveiseducatius.xtec.cat\/se-badalona\/docs\/jornades-dinnovacio-democratica-2016\/?bp-attachment=Jornades-ID-2016.docx\" target=\"_blank\" data-saferedirecturl=\"https:\/\/www.google.com\/url?hl=ca&amp;q=https:\/\/serveiseducatius.xtec.cat\/se-badalona\/docs\/jornades-dinnovacio-democratica-2016\/?bp-attachment%3DJornades-ID-2016.docx&amp;source=gmail&amp;ust=1484912378471000&amp;usg=AFQjCNFxMVFWShCZWBU7bCLKOn06KHTM1w\">document adjunt<\/a>\u00a0trobar\u00e0s el PROGRAMA i OBJECTIUS de la Jornada<\/p>\n<\/div>\n<\/div>\n<h2 class=\"m_7869110940303428441m_-8427512278154568478m_8483640210735626070entry-title\"><a title=\"Vols saber qu\u00e8 \u00e9s el Big Bell Test?\" href=\"http:\/\/serveiseducatius.xtec.cat\/se-badalona\/general\/vols-saber-que-es-el-big-bell-test\/\" target=\"_blank\" rel=\"bookmark\" data-saferedirecturl=\"https:\/\/www.google.com\/url?hl=ca&amp;q=http:\/\/serveiseducatius.xtec.cat\/se-badalona\/general\/vols-saber-que-es-el-big-bell-test\/&amp;source=gmail&amp;ust=1484912378471000&amp;usg=AFQjCNEdznv8rHiqs7Lp-1AxOkL-d1Rekg\">Vols saber qu\u00e8 \u00e9s el Big Bell Test?<\/a><\/h2>\n<div class=\"m_7869110940303428441m_-8427512278154568478m_8483640210735626070entry-summary\">\n<div class=\"m_7869110940303428441m_-8427512278154568478m_8483640210735626070entry-summary\">\n<header class=\"m_7869110940303428441m_-8427512278154568478m_8483640210735626070entry-header\">\n<div class=\"m_7869110940303428441m_-8427512278154568478m_8483640210735626070entry-thumbnail\"><\/div>\n<\/header>\n<div class=\"m_7869110940303428441m_-8427512278154568478m_8483640210735626070entry-summary\">\n<p>El proper 30 de novembre tindr\u00e0 lloc un experiment de f\u00edsica qu\u00e0ntica que necessitar\u00e0 de l\u2019ajut del major nombre de persones possible: THE BIG BELL TEST\u2026<a title=\"Read Vols saber qu\u00e8 \u00e9s el Big Bell Test?\" href=\"http:\/\/serveiseducatius.xtec.cat\/se-badalona\/general\/vols-saber-que-es-el-big-bell-test\/\" target=\"_blank\" data-saferedirecturl=\"https:\/\/www.google.com\/url?hl=ca&amp;q=http:\/\/serveiseducatius.xtec.cat\/se-badalona\/general\/vols-saber-que-es-el-big-bell-test\/&amp;source=gmail&amp;ust=1484912378471000&amp;usg=AFQjCNEdznv8rHiqs7Lp-1AxOkL-d1Rekg\">Llegeix m\u00e9s\u00bb<\/a><\/p>\n<\/div>\n<\/div>\n<\/div>\n<h2 class=\"m_7869110940303428441m_-8427512278154568478m_8483640210735626070entry-title\"><a title=\"Trobada pedag\u00f2gica de formaci\u00f3 professional\" href=\"http:\/\/serveiseducatius.xtec.cat\/se-badalona\/portada\/trobada-pedagogica-de-formacio-professional\/\" target=\"_blank\" rel=\"bookmark\" data-saferedirecturl=\"https:\/\/www.google.com\/url?hl=ca&amp;q=http:\/\/serveiseducatius.xtec.cat\/se-badalona\/portada\/trobada-pedagogica-de-formacio-professional\/&amp;source=gmail&amp;ust=1484912378471000&amp;usg=AFQjCNEmH4bON23yKBEtD48ccqb21EoyLw\">Trobada pedag\u00f2gica de formaci\u00f3 professional<\/a><\/h2>\n<div class=\"m_7869110940303428441m_-8427512278154568478m_8483640210735626070entry-summary\">\n<div class=\"m_7869110940303428441m_-8427512278154568478m_8483640210735626070entry-summary\">\n<div class=\"m_7869110940303428441m_-8427512278154568478m_8483640210735626070entry-summary\">\n<header class=\"m_7869110940303428441m_-8427512278154568478m_8483640210735626070entry-header\">\n<div class=\"m_7869110940303428441m_-8427512278154568478m_8483640210735626070entry-original-featured-image\"><img decoding=\"async\" class=\"CToWUd\" src=\"https:\/\/ci4.googleusercontent.com\/proxy\/nlfZlsI-5HieAQy9t18zQeoAB3BuQNOgCvrczMFmj_O_csWBum7tu0f_RQE9jbYZKhbfTkNGO2WpTxKqC673K51XNX_-4DvYwrgLEV_7m9u-7CFLnbSVyLb8xBcsz5TjQz-JOk1t3y27GhsX=s0-d-e1-ft#http:\/\/serveiseducatius.xtec.cat\/se-badalona\/wp-content\/uploads\/usu1088\/2016\/10\/fp.jpg\" \/><\/div>\n<\/header>\n<div class=\"m_7869110940303428441m_-8427512278154568478m_8483640210735626070entry-summary\">\n<p>Adre\u00e7ada a professorat de FP\u00a0i d\u2019educaci\u00f3 secund\u00e0ria en general.<br \/>\nEs proposa compartir noves reflexions, eines i idees que millorin l\u2019impacte de la formaci\u00f3 de l\u2019alumnat.<br \/>\nDies: 9 de novembre de 2016 i 26 d\u2019abril de 2017<\/p>\n<p>Lloc: Biblioteca Singuerl\u00edn-Salvador Cabr\u00e9 de Santa Coloma de Gramenet<br \/>\nHora: de 13:30 a\u2026<a title=\"Read Trobada pedag\u00f2gica de formaci\u00f3 professional\" href=\"http:\/\/serveiseducatius.xtec.cat\/se-badalona\/portada\/trobada-pedagogica-de-formacio-professional\/\" target=\"_blank\" data-saferedirecturl=\"https:\/\/www.google.com\/url?hl=ca&amp;q=http:\/\/serveiseducatius.xtec.cat\/se-badalona\/portada\/trobada-pedagogica-de-formacio-professional\/&amp;source=gmail&amp;ust=1484912378471000&amp;usg=AFQjCNEmH4bON23yKBEtD48ccqb21EoyLw\">Llegeix m\u00e9s\u00bb<\/a><\/p>\n<\/div>\n<\/div>\n<\/div>\n<\/div>\n<h2 class=\"m_7869110940303428441m_-8427512278154568478m_8483640210735626070entry-title\"><a title=\"Cinema en versi\u00f3 original\" href=\"http:\/\/serveiseducatius.xtec.cat\/se-badalona\/portada\/cinema-en-versio-original\/\" target=\"_blank\" rel=\"bookmark\" data-saferedirecturl=\"https:\/\/www.google.com\/url?hl=ca&amp;q=http:\/\/serveiseducatius.xtec.cat\/se-badalona\/portada\/cinema-en-versio-original\/&amp;source=gmail&amp;ust=1484912378471000&amp;usg=AFQjCNHFHsyowu0cPRXa8GS2x3i1-LBg8Q\">Cinema en versi\u00f3 original<\/a><\/h2>\n<div class=\"m_7869110940303428441m_-8427512278154568478m_8483640210735626070entry-summary\">\n<div class=\"m_7869110940303428441m_-8427512278154568478m_8483640210735626070entry-summary\">\n<div class=\"m_7869110940303428441m_-8427512278154568478m_8483640210735626070entry-summary\">\n<div class=\"m_7869110940303428441m_-8427512278154568478m_8483640210735626070entry-summary\">\n<header class=\"m_7869110940303428441m_-8427512278154568478m_8483640210735626070entry-header\">\n<div class=\"m_7869110940303428441m_-8427512278154568478m_8483640210735626070entry-thumbnail\"><\/div>\n<\/header>\n<div class=\"m_7869110940303428441m_-8427512278154568478m_8483640210735626070entry-summary\">\n<p>Cada primer divendres de mes<br \/>\namb la col\u00b7laboraci\u00f3 de la EOI de Badalona<br \/>\nDivendres 4 de novembre a les 20:00 h a M\u00e0gic Megacine<\/p>\n<\/div>\n<\/div>\n<\/div>\n<\/div>\n<\/div>\n<\/header>\n<\/div>\n","protected":false},"excerpt":{"rendered":"<p>Confer\u00e8ncia: Investigar en les Ci\u00e8ncies Socials per comprendre el m\u00f3n on vivim Perqu\u00e8 els nostres alumnes comprenguin la realitat que [&hellip;]<\/p>\n","protected":false},"author":9,"featured_media":6006,"comment_status":"open","ping_status":"open","sticky":false,"template":"","format":"standard","meta":{"_bbp_topic_count":0,"_bbp_reply_count":0,"_bbp_total_topic_count":0,"_bbp_total_reply_count":0,"_bbp_voice_count":0,"_bbp_anonymous_reply_count":0,"_bbp_topic_count_hidden":0,"_bbp_reply_count_hidden":0,"_bbp_forum_subforum_count":0,"site-sidebar-layout":"default","site-content-layout":"","ast-site-content-layout":"","site-content-style":"default","site-sidebar-style":"default","ast-global-header-display":"","ast-banner-title-visibility":"","ast-main-header-display":"","ast-hfb-above-header-display":"","ast-hfb-below-header-display":"","ast-hfb-mobile-header-display":"","site-post-title":"","ast-breadcrumbs-content":"","ast-featured-img":"","footer-sml-layout":"","theme-transparent-header-meta":"","adv-header-id-meta":"","stick-header-meta":"","header-above-stick-meta":"","header-main-stick-meta":"","header-below-stick-meta":"","astra-migrate-meta-layouts":"default","ast-page-background-enabled":"default","ast-page-background-meta":{"desktop":{"background-color":"var(--ast-global-color-4)","background-image":"","background-repeat":"repeat","background-position":"center center","background-size":"auto","background-attachment":"scroll","background-type":"","background-media":"","overlay-type":"","overlay-color":"","overlay-opacity":"","overlay-gradient":""},"tablet":{"background-color":"","background-image":"","background-repeat":"repeat","background-position":"center center","background-size":"auto","background-attachment":"scroll","background-type":"","background-media":"","overlay-type":"","overlay-color":"","overlay-opacity":"","overlay-gradient":""},"mobile":{"background-color":"","background-image":"","background-repeat":"repeat","background-position":"center center","background-size":"auto","background-attachment":"scroll","background-type":"","background-media":"","overlay-type":"","overlay-color":"","overlay-opacity":"","overlay-gradient":""}},"ast-content-background-meta":{"desktop":{"background-color":"var(--ast-global-color-5)","background-image":"","background-repeat":"repeat","background-position":"center center","background-size":"auto","background-attachment":"scroll","background-type":"","background-media":"","overlay-type":"","overlay-color":"","overlay-opacity":"","overlay-gradient":""},"tablet":{"background-color":"var(--ast-global-color-5)","background-image":"","background-repeat":"repeat","background-position":"center center","background-size":"auto","background-attachment":"scroll","background-type":"","background-media":"","overlay-type":"","overlay-color":"","overlay-opacity":"","overlay-gradient":""},"mobile":{"background-color":"var(--ast-global-color-5)","background-image":"","background-repeat":"repeat","background-position":"center center","background-size":"auto","background-attachment":"scroll","background-type":"","background-media":"","overlay-type":"","overlay-color":"","overlay-opacity":"","overlay-gradient":""}},"footnotes":""},"categories":[254],"tags":[],"class_list":["post-6017","post","type-post","status-publish","format-standard","has-post-thumbnail","hentry","category-full-informatiu"],"post_mailing_queue_ids":[],"_links":{"self":[{"href":"https:\/\/serveiseducatius.xtec.cat\/badalona\/wp-json\/wp\/v2\/posts\/6017","targetHints":{"allow":["GET"]}}],"collection":[{"href":"https:\/\/serveiseducatius.xtec.cat\/badalona\/wp-json\/wp\/v2\/posts"}],"about":[{"href":"https:\/\/serveiseducatius.xtec.cat\/badalona\/wp-json\/wp\/v2\/types\/post"}],"author":[{"embeddable":true,"href":"https:\/\/serveiseducatius.xtec.cat\/badalona\/wp-json\/wp\/v2\/users\/9"}],"replies":[{"embeddable":true,"href":"https:\/\/serveiseducatius.xtec.cat\/badalona\/wp-json\/wp\/v2\/comments?post=6017"}],"version-history":[{"count":1,"href":"https:\/\/serveiseducatius.xtec.cat\/badalona\/wp-json\/wp\/v2\/posts\/6017\/revisions"}],"predecessor-version":[{"id":6018,"href":"https:\/\/serveiseducatius.xtec.cat\/badalona\/wp-json\/wp\/v2\/posts\/6017\/revisions\/6018"}],"wp:featuredmedia":[{"embeddable":true,"href":"https:\/\/serveiseducatius.xtec.cat\/badalona\/wp-json\/wp\/v2\/media\/6006"}],"wp:attachment":[{"href":"https:\/\/serveiseducatius.xtec.cat\/badalona\/wp-json\/wp\/v2\/media?parent=6017"}],"wp:term":[{"taxonomy":"category","embeddable":true,"href":"https:\/\/serveiseducatius.xtec.cat\/badalona\/wp-json\/wp\/v2\/categories?post=6017"},{"taxonomy":"post_tag","embeddable":true,"href":"https:\/\/serveiseducatius.xtec.cat\/badalona\/wp-json\/wp\/v2\/tags?post=6017"}],"curies":[{"name":"wp","href":"https:\/\/api.w.org\/{rel}","templated":true}]}}