{"id":6015,"date":"2016-10-21T14:23:20","date_gmt":"2016-10-21T12:23:20","guid":{"rendered":"http:\/\/serveiseducatius.xtec.cat\/badalona\/?p=6015"},"modified":"2017-01-19T14:25:58","modified_gmt":"2017-01-19T13:25:58","slug":"full-informatiu-se-badalona-del-17-al-21-doctubre-de-2016","status":"publish","type":"post","link":"https:\/\/serveiseducatius.xtec.cat\/badalona\/full-informatiu\/full-informatiu-se-badalona-del-17-al-21-doctubre-de-2016\/","title":{"rendered":"Full informatiu SE Badalona del 17 al 21 d&#8217;octubre de 2016"},"content":{"rendered":"<div>\n<div class=\"m_7484109620128843826entry-summary\">\n<header class=\"m_7484109620128843826entry-header\">\n<h2 class=\"m_7484109620128843826entry-title\"><a title=\"Dia de la Biblioteca: 24 d\u2019octubre\" href=\"http:\/\/serveiseducatius.xtec.cat\/se-badalona\/general\/dia-de-la-biblioteca\/\" target=\"_blank\" rel=\"bookmark\" data-saferedirecturl=\"https:\/\/www.google.com\/url?hl=ca&amp;q=http:\/\/serveiseducatius.xtec.cat\/se-badalona\/general\/dia-de-la-biblioteca\/&amp;source=gmail&amp;ust=1484912378791000&amp;usg=AFQjCNEu-808oD_8XjOnYSsCyakPJEwbYA\">Dia de la Biblioteca: 24 d\u2019octubre<\/a><\/h2>\n<div class=\"m_7484109620128843826entry-thumbnail\"><\/div>\n<\/header>\n<div class=\"m_7484109620128843826entry-summary\">\n<p>Dia de la Biblioteca\u2026\u00a0<a title=\"Read Dia de la Biblioteca: 24 d\u2019octubre\" href=\"http:\/\/serveiseducatius.xtec.cat\/se-badalona\/general\/dia-de-la-biblioteca\/\" target=\"_blank\" data-saferedirecturl=\"https:\/\/www.google.com\/url?hl=ca&amp;q=http:\/\/serveiseducatius.xtec.cat\/se-badalona\/general\/dia-de-la-biblioteca\/&amp;source=gmail&amp;ust=1484912378791000&amp;usg=AFQjCNEu-808oD_8XjOnYSsCyakPJEwbYA\">Llegeix m\u00e9s\u00bb<\/a><\/p>\n<header class=\"m_7484109620128843826entry-header\">\n<h2 class=\"m_7484109620128843826entry-title\"><a title=\"XIII Certamen de lectura en veu alta\" href=\"http:\/\/serveiseducatius.xtec.cat\/se-badalona\/general\/xiii-certamen-de-lectura-en-veu-alta\/\" target=\"_blank\" rel=\"bookmark\" data-saferedirecturl=\"https:\/\/www.google.com\/url?hl=ca&amp;q=http:\/\/serveiseducatius.xtec.cat\/se-badalona\/general\/xiii-certamen-de-lectura-en-veu-alta\/&amp;source=gmail&amp;ust=1484912378792000&amp;usg=AFQjCNF84l9yufC6ESQwZ1rvwafUXeMGiA\">XIII Certamen de lectura en veu alta<\/a><\/h2>\n<div class=\"m_7484109620128843826edit-link\"><img loading=\"lazy\" decoding=\"async\" class=\"CToWUd alignleft\" src=\"https:\/\/ci5.googleusercontent.com\/proxy\/PYYWZW9xm5UAHMKcuD22cvLeKzCyzxdcP9y_zZ-GUgOcj2FtzF5KI_yVlZDFrwvR5fgobg-kLHnpL7YIwNbUJjKGQybLIRqmzDGPhvFlgb1cjtW1EhpOZWcsQtEB2to2nWdUs9DeUBJ797NSKQ=s0-d-e1-ft#http:\/\/serveiseducatius.xtec.cat\/se-badalona\/wp-content\/uploads\/usu1088\/2016\/10\/lva.jpg\" width=\"104\" height=\"104\" \/><\/div>\n<\/header>\n<div class=\"m_7484109620128843826entry-summary\">\n<p>XIII Certamen de lectura en veu alta\u2026<a title=\"Read XIII Certamen de lectura en veu alta\" href=\"http:\/\/serveiseducatius.xtec.cat\/se-badalona\/general\/xiii-certamen-de-lectura-en-veu-alta\/\" target=\"_blank\" data-saferedirecturl=\"https:\/\/www.google.com\/url?hl=ca&amp;q=http:\/\/serveiseducatius.xtec.cat\/se-badalona\/general\/xiii-certamen-de-lectura-en-veu-alta\/&amp;source=gmail&amp;ust=1484912378792000&amp;usg=AFQjCNF84l9yufC6ESQwZ1rvwafUXeMGiA\">Llegeix m\u00e9s\u00bb<\/a><\/p>\n<header class=\"m_7484109620128843826entry-header\">\n<h2 class=\"m_7484109620128843826entry-title\"><\/h2>\n<h2 class=\"m_7484109620128843826entry-title\"><\/h2>\n<h2 class=\"m_7484109620128843826entry-title\"><a title=\"Activitats de Medi Ambient a Badalona per al proper 23 d\u2019octubre\" href=\"http:\/\/serveiseducatius.xtec.cat\/se-badalona\/portada\/activitats-de-medi-ambient-a-badalona-per-al-proper-23-doctubre\/\" target=\"_blank\" rel=\"bookmark\" data-saferedirecturl=\"https:\/\/www.google.com\/url?hl=ca&amp;q=http:\/\/serveiseducatius.xtec.cat\/se-badalona\/portada\/activitats-de-medi-ambient-a-badalona-per-al-proper-23-doctubre\/&amp;source=gmail&amp;ust=1484912378792000&amp;usg=AFQjCNEMY0g5M3-1nSJbfpaify_R47exBA\">Activitats de Medi Ambient a Badalona per al proper 23 d\u2019octubre<\/a><\/h2>\n<div class=\"m_7484109620128843826entry-thumbnail\"><\/div>\n<\/header>\n<div class=\"m_7484109620128843826entry-summary\">\n<p>Activitats de Medi Ambient que es faran a Badalona el proper diumenge, 23 d\u00b4octubre\u2026\u00a0<a title=\"Read Activitats de Medi Ambient a Badalona per al proper 23 d\u2019octubre\" href=\"http:\/\/serveiseducatius.xtec.cat\/se-badalona\/portada\/activitats-de-medi-ambient-a-badalona-per-al-proper-23-doctubre\/\" target=\"_blank\" data-saferedirecturl=\"https:\/\/www.google.com\/url?hl=ca&amp;q=http:\/\/serveiseducatius.xtec.cat\/se-badalona\/portada\/activitats-de-medi-ambient-a-badalona-per-al-proper-23-doctubre\/&amp;source=gmail&amp;ust=1484912378792000&amp;usg=AFQjCNEMY0g5M3-1nSJbfpaify_R47exBA\">Llegeix m\u00e9s\u00bb<\/a><\/p>\n<header class=\"m_7484109620128843826entry-header\">\n<h2 class=\"m_7484109620128843826entry-title\"><a title=\"Lliga de Debat de Secund\u00e0ria i Batxillerat\" href=\"http:\/\/serveiseducatius.xtec.cat\/se-badalona\/portada\/lliga-de-debat-de-secundaria-i-batxillerat\/\" target=\"_blank\" rel=\"bookmark\" data-saferedirecturl=\"https:\/\/www.google.com\/url?hl=ca&amp;q=http:\/\/serveiseducatius.xtec.cat\/se-badalona\/portada\/lliga-de-debat-de-secundaria-i-batxillerat\/&amp;source=gmail&amp;ust=1484912378792000&amp;usg=AFQjCNFnmiLqVK3clC04Wh0dZyMTYPLAEQ\">Lliga de Debat de Secund\u00e0ria i Batxillerat<\/a><\/h2>\n<div class=\"m_7484109620128843826edit-link\"><\/div>\n<\/header>\n<div class=\"m_7484109620128843826entry-summary\">\n<p>Lliga de Debat de Secund\u00e0ria i Batxillerat, una competici\u00f3 en la qual diversos equips d\u2019estudiants de 4t d\u2019ESO, batxillerat i cicles formatius (d\u2019edats entre 15 i 18 anys) de diferents centres docents debaten sobre un tema pol\u00e8mic i d\u2019actualitat.<br \/>\nEnguany debatrem sobre la q\u00fcesti\u00f3 seg\u00fcent: \u00abEls animals tenen drets?\u00bb.\u2026<a title=\"Read Lliga de Debat de Secund\u00e0ria i Batxillerat\" href=\"http:\/\/serveiseducatius.xtec.cat\/se-badalona\/portada\/lliga-de-debat-de-secundaria-i-batxillerat\/\" target=\"_blank\" data-saferedirecturl=\"https:\/\/www.google.com\/url?hl=ca&amp;q=http:\/\/serveiseducatius.xtec.cat\/se-badalona\/portada\/lliga-de-debat-de-secundaria-i-batxillerat\/&amp;source=gmail&amp;ust=1484912378792000&amp;usg=AFQjCNFnmiLqVK3clC04Wh0dZyMTYPLAEQ\">Llegeix m\u00e9s\u00bb<\/a><\/p>\n<header class=\"m_7484109620128843826entry-header\">\n<h2 class=\"m_7484109620128843826entry-title\"><a title=\"Mostra Sant Roc foto i dibuix\" href=\"http:\/\/serveiseducatius.xtec.cat\/se-badalona\/portada\/mostra-fotografica-sant-roc-50-anys-de-barri\/\" target=\"_blank\" rel=\"bookmark\" data-saferedirecturl=\"https:\/\/www.google.com\/url?hl=ca&amp;q=http:\/\/serveiseducatius.xtec.cat\/se-badalona\/portada\/mostra-fotografica-sant-roc-50-anys-de-barri\/&amp;source=gmail&amp;ust=1484912378792000&amp;usg=AFQjCNFnNuaWj9IRartC0GEBlkL5Tnswaw\">Mostra Sant Roc foto i dibuix<\/a><\/h2>\n<div class=\"m_7484109620128843826edit-link\">La Biblioteca de Sant Roc demana la participaci\u00f3 a joves de 12 a 20 anys per realitzar una Mostra fotogr\u00e0fica i de dibuix amb motiu del 50 aniversari del barri de Sant Roc.\u2026\u00a0<a title=\"Read Mostra Sant Roc foto i dibuix\" href=\"http:\/\/serveiseducatius.xtec.cat\/se-badalona\/portada\/mostra-fotografica-sant-roc-50-anys-de-barri\/\" target=\"_blank\" data-saferedirecturl=\"https:\/\/www.google.com\/url?hl=ca&amp;q=http:\/\/serveiseducatius.xtec.cat\/se-badalona\/portada\/mostra-fotografica-sant-roc-50-anys-de-barri\/&amp;source=gmail&amp;ust=1484912378792000&amp;usg=AFQjCNFnNuaWj9IRartC0GEBlkL5Tnswaw\">Llegeix m\u00e9s\u00bb<\/a><\/div>\n<div class=\"m_7484109620128843826edit-link\"><\/div>\n<\/header>\n<\/div>\n<\/div>\n<\/div>\n<\/div>\n<\/div>\n<\/div>\n<div>\n<div>\n<header class=\"m_7484109620128843826entry-header\">\n<h2 class=\"m_7484109620128843826entry-title\"><a title=\"Cicle de confer\u00e8ncies: Investigar en l\u2019\u00e0rea de coneixement del medi natural i social a educaci\u00f3 infantil i prim\u00e0ria\" href=\"http:\/\/serveiseducatius.xtec.cat\/se-badalona\/portada\/cicle-de-conferencies-investigar-en-larea-de-coneixement-del-medi-natural-i-social-a-educacio-infantil-i-primaria\/\" target=\"_blank\" rel=\"bookmark\" data-saferedirecturl=\"https:\/\/www.google.com\/url?hl=ca&amp;q=http:\/\/serveiseducatius.xtec.cat\/se-badalona\/portada\/cicle-de-conferencies-investigar-en-larea-de-coneixement-del-medi-natural-i-social-a-educacio-infantil-i-primaria\/&amp;source=gmail&amp;ust=1484912378792000&amp;usg=AFQjCNEcGiFBXWR3hQwPpWqPOEDY_8n2cg\">Cicle de confer\u00e8ncies: Investigar en l\u2019\u00e0rea de coneixement del medi natural i social a educaci\u00f3 infantil i prim\u00e0ria<\/a><\/h2>\n<div class=\"m_7484109620128843826edit-link\">\u00a0<img loading=\"lazy\" decoding=\"async\" class=\"CToWUd a6T alignleft\" tabindex=\"0\" src=\"https:\/\/ci3.googleusercontent.com\/proxy\/Box7n-aZ5YfXwleuxsFg2r2FgtJ--7CR8qSytZPJugBR-14dTyXg4d_Qzd2yYx0TwaRuXFht2ENuPa-uGUC5HFFdU9NE6wW0zLB9F9M_3Q7zPBmjmARugujcbJcFnrEZUJ7vmjg_07BWkQBzgmjooqk=s0-d-e1-ft#http:\/\/serveiseducatius.xtec.cat\/se-badalona\/wp-content\/uploads\/usu1088\/2016\/10\/CIENCIA.jpg\" width=\"228\" height=\"63\" \/><\/div>\n<\/header>\n<div class=\"m_7484109620128843826entry-summary\">\n<p>CICLE DE CONFER\u00c8NCIES<br \/>\nInvestigar en l\u2019\u00e0rea de coneixement del medi natural i social a educaci\u00f3 infantil i prim\u00e0ria\u2026\u00a0<a title=\"Read Cicle de confer\u00e8ncies: Investigar en l\u2019\u00e0rea de coneixement del medi natural i social a educaci\u00f3 infantil i prim\u00e0ria\" href=\"http:\/\/serveiseducatius.xtec.cat\/se-badalona\/portada\/cicle-de-conferencies-investigar-en-larea-de-coneixement-del-medi-natural-i-social-a-educacio-infantil-i-primaria\/\" target=\"_blank\" data-saferedirecturl=\"https:\/\/www.google.com\/url?hl=ca&amp;q=http:\/\/serveiseducatius.xtec.cat\/se-badalona\/portada\/cicle-de-conferencies-investigar-en-larea-de-coneixement-del-medi-natural-i-social-a-educacio-infantil-i-primaria\/&amp;source=gmail&amp;ust=1484912378792000&amp;usg=AFQjCNEcGiFBXWR3hQwPpWqPOEDY_8n2cg\">Llegeix m\u00e9s\u00bb<\/a><\/p>\n<\/div>\n<\/div>\n<\/div>\n","protected":false},"excerpt":{"rendered":"<p>Dia de la Biblioteca: 24 d\u2019octubre Dia de la Biblioteca\u2026\u00a0Llegeix m\u00e9s\u00bb XIII Certamen de lectura en veu alta XIII Certamen [&hellip;]<\/p>\n","protected":false},"author":9,"featured_media":6007,"comment_status":"open","ping_status":"open","sticky":false,"template":"","format":"standard","meta":{"_bbp_topic_count":0,"_bbp_reply_count":0,"_bbp_total_topic_count":0,"_bbp_total_reply_count":0,"_bbp_voice_count":0,"_bbp_anonymous_reply_count":0,"_bbp_topic_count_hidden":0,"_bbp_reply_count_hidden":0,"_bbp_forum_subforum_count":0,"site-sidebar-layout":"default","site-content-layout":"","ast-site-content-layout":"","site-content-style":"default","site-sidebar-style":"default","ast-global-header-display":"","ast-banner-title-visibility":"","ast-main-header-display":"","ast-hfb-above-header-display":"","ast-hfb-below-header-display":"","ast-hfb-mobile-header-display":"","site-post-title":"","ast-breadcrumbs-content":"","ast-featured-img":"","footer-sml-layout":"","theme-transparent-header-meta":"","adv-header-id-meta":"","stick-header-meta":"","header-above-stick-meta":"","header-main-stick-meta":"","header-below-stick-meta":"","astra-migrate-meta-layouts":"default","ast-page-background-enabled":"default","ast-page-background-meta":{"desktop":{"background-color":"var(--ast-global-color-4)","background-image":"","background-repeat":"repeat","background-position":"center center","background-size":"auto","background-attachment":"scroll","background-type":"","background-media":"","overlay-type":"","overlay-color":"","overlay-opacity":"","overlay-gradient":""},"tablet":{"background-color":"","background-image":"","background-repeat":"repeat","background-position":"center center","background-size":"auto","background-attachment":"scroll","background-type":"","background-media":"","overlay-type":"","overlay-color":"","overlay-opacity":"","overlay-gradient":""},"mobile":{"background-color":"","background-image":"","background-repeat":"repeat","background-position":"center center","background-size":"auto","background-attachment":"scroll","background-type":"","background-media":"","overlay-type":"","overlay-color":"","overlay-opacity":"","overlay-gradient":""}},"ast-content-background-meta":{"desktop":{"background-color":"var(--ast-global-color-5)","background-image":"","background-repeat":"repeat","background-position":"center center","background-size":"auto","background-attachment":"scroll","background-type":"","background-media":"","overlay-type":"","overlay-color":"","overlay-opacity":"","overlay-gradient":""},"tablet":{"background-color":"var(--ast-global-color-5)","background-image":"","background-repeat":"repeat","background-position":"center center","background-size":"auto","background-attachment":"scroll","background-type":"","background-media":"","overlay-type":"","overlay-color":"","overlay-opacity":"","overlay-gradient":""},"mobile":{"background-color":"var(--ast-global-color-5)","background-image":"","background-repeat":"repeat","background-position":"center center","background-size":"auto","background-attachment":"scroll","background-type":"","background-media":"","overlay-type":"","overlay-color":"","overlay-opacity":"","overlay-gradient":""}},"footnotes":""},"categories":[254],"tags":[],"class_list":["post-6015","post","type-post","status-publish","format-standard","has-post-thumbnail","hentry","category-full-informatiu"],"post_mailing_queue_ids":[],"_links":{"self":[{"href":"https:\/\/serveiseducatius.xtec.cat\/badalona\/wp-json\/wp\/v2\/posts\/6015","targetHints":{"allow":["GET"]}}],"collection":[{"href":"https:\/\/serveiseducatius.xtec.cat\/badalona\/wp-json\/wp\/v2\/posts"}],"about":[{"href":"https:\/\/serveiseducatius.xtec.cat\/badalona\/wp-json\/wp\/v2\/types\/post"}],"author":[{"embeddable":true,"href":"https:\/\/serveiseducatius.xtec.cat\/badalona\/wp-json\/wp\/v2\/users\/9"}],"replies":[{"embeddable":true,"href":"https:\/\/serveiseducatius.xtec.cat\/badalona\/wp-json\/wp\/v2\/comments?post=6015"}],"version-history":[{"count":1,"href":"https:\/\/serveiseducatius.xtec.cat\/badalona\/wp-json\/wp\/v2\/posts\/6015\/revisions"}],"predecessor-version":[{"id":6016,"href":"https:\/\/serveiseducatius.xtec.cat\/badalona\/wp-json\/wp\/v2\/posts\/6015\/revisions\/6016"}],"wp:featuredmedia":[{"embeddable":true,"href":"https:\/\/serveiseducatius.xtec.cat\/badalona\/wp-json\/wp\/v2\/media\/6007"}],"wp:attachment":[{"href":"https:\/\/serveiseducatius.xtec.cat\/badalona\/wp-json\/wp\/v2\/media?parent=6015"}],"wp:term":[{"taxonomy":"category","embeddable":true,"href":"https:\/\/serveiseducatius.xtec.cat\/badalona\/wp-json\/wp\/v2\/categories?post=6015"},{"taxonomy":"post_tag","embeddable":true,"href":"https:\/\/serveiseducatius.xtec.cat\/badalona\/wp-json\/wp\/v2\/tags?post=6015"}],"curies":[{"name":"wp","href":"https:\/\/api.w.org\/{rel}","templated":true}]}}