{"id":5681,"date":"2016-12-19T13:30:51","date_gmt":"2016-12-19T12:30:51","guid":{"rendered":"http:\/\/serveiseducatius.xtec.cat\/badalona\/?p=5681"},"modified":"2016-12-19T13:30:51","modified_gmt":"2016-12-19T12:30:51","slug":"investigar-en-larea-de-coneixement-del-medi-natural-i-social-a-educacio-infantil-i-primaria","status":"publish","type":"post","link":"https:\/\/serveiseducatius.xtec.cat\/badalona\/dinamitzacio\/activitats-steam\/congres-ciencia\/investigar-en-larea-de-coneixement-del-medi-natural-i-social-a-educacio-infantil-i-primaria\/","title":{"rendered":"&#8220;Investigar en l&#8217;\u00e0rea de coneixement del medi natural i social a educaci\u00f3 infantil i prim\u00e0ria&#8221;"},"content":{"rendered":"<p><strong>3 de novembre<br \/>\n<span style=\"color: #ff0000; font-family: verdana, sans-serif;\">Fer ci\u00e8ncies a Prim\u00e0ria. Aprendre a investigar i investigar per comprendre<\/span><a href=\"https:\/\/aplicacions.gestioeducativa.gencat.cat\/pls\/soloas\/pk_for_mod_ins.p_for_detall_activitat?p_header=Llista%20d%27activitats%5Epk_for_mod_ins.p_for_cons_activitats?p_poblacio=08015%26p_any=2016-2017%26p_modalitat=50%26p_totes=s%26p_inici=1%26p_excloure_crp_rec=F&amp;p_codi=2040731204&amp;p_curs=2016-2017&amp;p_excloure_crp_rec=F\" rel=\"nofollow\">\u00a0<\/a>\u00a0\u00a0<\/strong><strong><br \/>\n<\/strong><em><span style=\"color: #222222;\">Jordi Mart\u00ed, UVic-Universitat Central de Catalunya \u00a0 \u00a0 \u00a0<\/span><span style=\"color: #ff0000;\">*\u00a0<\/span><span style=\"font-size: small;\"><b><a href=\"https:\/\/drive.google.com\/file\/d\/0B7qH-_CioD5AM3ZnaTFrQTlGVm8\/view?usp=sharing\" target=\"_blank\">Veure la presentaci<\/a>\u00f3<\/b><\/span><br \/>\n<\/em>Es pot fer ci\u00e8ncies a prim\u00e0ria? Quin model de ci\u00e8ncia escolar podem plantejar en aquesta etapa.Qu\u00e8 necessiten els mestres per dur-la a terme?<\/p>\n<p><strong>10 de novembre<\/strong><br \/>\n<b><span style=\"color: #ff0000; font-family: verdana, sans-serif;\">Investigar amb les ci\u00e8ncies socials per comprendre el m\u00f3n on vivim<\/span><\/b><a href=\"https:\/\/aplicacions.gestioeducativa.gencat.cat\/pls\/soloas\/pk_for_mod_ins.p_for_detall_activitat?p_header=Llista%20d%27activitats%5Epk_for_mod_ins.p_for_cons_activitats?p_poblacio=08015%26p_any=2016-2017%26p_modalitat=50%26p_totes=s%26p_inici=1%26p_excloure_crp_rec=F&amp;p_codi=2040741204&amp;p_curs=2016-2017&amp;p_excloure_crp_rec=F\" rel=\"nofollow\">\u00a0<\/a>\u00a0\u00a0<i>\u00a0<\/i><i><span style=\"color: #ff0000;\">*<b>\u00a0<\/b><\/span><\/i><span style=\"color: #3d85c6; font-size: small;\"><a href=\"https:\/\/drive.google.com\/file\/d\/0B7qH-_CioD5AbV92RXd3ZDBPV0k\/view?usp=sharing\" target=\"_blank\"><i>Veure la presentaci\u00f3<\/i><\/a><\/span><i><br \/>\n<\/i><em>Maria Feliu, Universitat de Barcelona<br \/>\n<\/em>Les ci\u00e8ncies socials s\u00f3n fonamentals per a comprendre la realitat que ens envolta. Entendre d\u2019on venim\u00a0ens ajuda a saber com funciona el m\u00f3n present i a plantejar com volem que sigui el futur. Per fer tots\u00a0aquests processos de comprensi\u00f3 de l\u2019entorn \u00e9s necessari introduir el proc\u00e9s d\u2019investigaci\u00f3 a l\u2019aula i poder\u00a0interpretar el passat, en el cas hist\u00f2ric, o l\u2019entorn, en el cas geogr\u00e0fic.<\/p>\n<p><strong>17 de novembre<br \/>\n<\/strong><strong><span style=\"color: #ff0000;\">Ens plantegem una pregunta&#8230; cerquem la resposta<\/span>\u00a0 \u00a0*\u00a0<a href=\"https:\/\/drive.google.com\/file\/d\/0B7qH-_CioD5AWDBpQ1ZJR2RHSGs\/view?usp=sharing\" target=\"_blank\"><span style=\"font-size: small;\"><i>Veure la presentaci\u00f3<\/i><\/span><\/a><br \/>\n<\/strong><em>N\u00faria L\u00f3pez, CESIRE<br \/>\n<\/em>Una situaci\u00f3 viscuda, un article de premsa, una endevinalla ens poden portar a la formulaci\u00f3 de preguntes.Per poder trobar les respostes cal plantejar un proc\u00e9s d\u2019indagaci\u00f3 que condueixi des de les idees pr\u00e8viesi les experi\u00e8ncies personals a la construcci\u00f3 d\u2019un coneixement compartit i que s\u2019apropi cada vegada m\u00e9s\u00a0al model de ci\u00e8ncia escolar. En aquest cam\u00ed, els alumnes hauran de planificar, dissenyar experiments,\u00a0recollir dades, relacionar, treure conclusions.<\/p>\n<p><strong>24 de novembre<\/strong><br \/>\n<strong><span style=\"color: #ff0000; font-family: verdana, sans-serif;\">Aprendre ci\u00e8ncia des del n\u00e9ixer<\/span><span style=\"color: #ff0000;\">\u00a0<\/span><\/strong><strong>\u00a0 *<\/strong><strong><span style=\"color: #ff0000;\">\u00a0<\/span><\/strong><strong><span style=\"font-size: small;\"><i><a href=\"https:\/\/docs.google.com\/file\/d\/0B8iO_h_UisQhOWNFb2N3bTZOUTA\/view\" target=\"_blank\">Veure la presentaci\u00f3<\/a><\/i><\/span><\/strong><\/p>\n<p><em>Montserrat Pedreira, UVic-Universitat Central de Catalunya. Lab 0-6<\/em><br \/>\nQu\u00e8 vol dir aprendre ci\u00e8ncies a les primeres edats? Quin \u00e9s el paper de l\u2019escola per afavorir la reflexi\u00f3\u00a0sobre els fen\u00f2mens del m\u00f3n?<br \/>\nCom plantejar el treball experimental amb sentit a partir de la realitat?<br \/>\nQuin ha de ser el paper de l\u2019adult? Reflexions al voltant de les ci\u00e8ncies i els infants a partir de pr\u00e0ctiques\u00a0d\u2019aula que aporten pistes per a aconseguir una ci\u00e8ncia seductora i emocionant a l\u2019educaci\u00f3 infantil.<\/p>\n<p><strong>1 de desembre<\/strong><br \/>\n<strong><span style=\"color: #ff0000; font-family: verdana, sans-serif;\">Presentaci\u00f3 del KitCaixa Curiosity<\/span><span style=\"font-family: 'Helvetica Neue', Helvetica, Helvetica, Arial, sans-serif;\">\u00a0<\/span>\u00a0\u00a0<\/strong><strong>\u00a0*<\/strong><strong><span style=\"color: #ff0000;\">\u00a0<\/span><\/strong><strong><span style=\"font-size: small;\"><i><a href=\"https:\/\/drive.google.com\/file\/d\/0B8iO_h_UisQhT0NBSklPYlctdkk\/view?usp=sharing\" target=\"_blank\">Veure la presentaci\u00f3<\/a><\/i><\/span><\/strong><br \/>\n<em>EduCaixa<br \/>\n<\/em>Materials per treballar la ci\u00e8ncia des d\u2019un enfocament de \u201crecerca i innovaci\u00f3 responsable\u201di facilitar a l\u2019alumnat l\u2019inici d\u2019investigacions senzilles.<\/p>\n","protected":false},"excerpt":{"rendered":"<p>Presentacions de les confer\u00e8ncies del cicle &#8220;Investigar en l&#8217;\u00e0rea de coneixement del medi natural i social a educaci\u00f3 infantil i prim\u00e0ria&#8221;<\/p>\n","protected":false},"author":1,"featured_media":4922,"comment_status":"open","ping_status":"open","sticky":false,"template":"","format":"standard","meta":{"_bbp_topic_count":0,"_bbp_reply_count":0,"_bbp_total_topic_count":0,"_bbp_total_reply_count":0,"_bbp_voice_count":0,"_bbp_anonymous_reply_count":0,"_bbp_topic_count_hidden":0,"_bbp_reply_count_hidden":0,"_bbp_forum_subforum_count":0,"site-sidebar-layout":"default","site-content-layout":"","ast-site-content-layout":"","site-content-style":"default","site-sidebar-style":"default","ast-global-header-display":"","ast-banner-title-visibility":"","ast-main-header-display":"","ast-hfb-above-header-display":"","ast-hfb-below-header-display":"","ast-hfb-mobile-header-display":"","site-post-title":"","ast-breadcrumbs-content":"","ast-featured-img":"","footer-sml-layout":"","theme-transparent-header-meta":"","adv-header-id-meta":"","stick-header-meta":"","header-above-stick-meta":"","header-main-stick-meta":"","header-below-stick-meta":"","astra-migrate-meta-layouts":"default","ast-page-background-enabled":"default","ast-page-background-meta":{"desktop":{"background-color":"var(--ast-global-color-4)","background-image":"","background-repeat":"repeat","background-position":"center center","background-size":"auto","background-attachment":"scroll","background-type":"","background-media":"","overlay-type":"","overlay-color":"","overlay-opacity":"","overlay-gradient":""},"tablet":{"background-color":"","background-image":"","background-repeat":"repeat","background-position":"center center","background-size":"auto","background-attachment":"scroll","background-type":"","background-media":"","overlay-type":"","overlay-color":"","overlay-opacity":"","overlay-gradient":""},"mobile":{"background-color":"","background-image":"","background-repeat":"repeat","background-position":"center center","background-size":"auto","background-attachment":"scroll","background-type":"","background-media":"","overlay-type":"","overlay-color":"","overlay-opacity":"","overlay-gradient":""}},"ast-content-background-meta":{"desktop":{"background-color":"var(--ast-global-color-5)","background-image":"","background-repeat":"repeat","background-position":"center center","background-size":"auto","background-attachment":"scroll","background-type":"","background-media":"","overlay-type":"","overlay-color":"","overlay-opacity":"","overlay-gradient":""},"tablet":{"background-color":"var(--ast-global-color-5)","background-image":"","background-repeat":"repeat","background-position":"center center","background-size":"auto","background-attachment":"scroll","background-type":"","background-media":"","overlay-type":"","overlay-color":"","overlay-opacity":"","overlay-gradient":""},"mobile":{"background-color":"var(--ast-global-color-5)","background-image":"","background-repeat":"repeat","background-position":"center center","background-size":"auto","background-attachment":"scroll","background-type":"","background-media":"","overlay-type":"","overlay-color":"","overlay-opacity":"","overlay-gradient":""}},"footnotes":""},"categories":[418],"tags":[],"class_list":["post-5681","post","type-post","status-publish","format-standard","has-post-thumbnail","hentry","category-congres-ciencia"],"post_mailing_queue_ids":[],"_links":{"self":[{"href":"https:\/\/serveiseducatius.xtec.cat\/badalona\/wp-json\/wp\/v2\/posts\/5681","targetHints":{"allow":["GET"]}}],"collection":[{"href":"https:\/\/serveiseducatius.xtec.cat\/badalona\/wp-json\/wp\/v2\/posts"}],"about":[{"href":"https:\/\/serveiseducatius.xtec.cat\/badalona\/wp-json\/wp\/v2\/types\/post"}],"author":[{"embeddable":true,"href":"https:\/\/serveiseducatius.xtec.cat\/badalona\/wp-json\/wp\/v2\/users\/1"}],"replies":[{"embeddable":true,"href":"https:\/\/serveiseducatius.xtec.cat\/badalona\/wp-json\/wp\/v2\/comments?post=5681"}],"version-history":[{"count":1,"href":"https:\/\/serveiseducatius.xtec.cat\/badalona\/wp-json\/wp\/v2\/posts\/5681\/revisions"}],"predecessor-version":[{"id":5682,"href":"https:\/\/serveiseducatius.xtec.cat\/badalona\/wp-json\/wp\/v2\/posts\/5681\/revisions\/5682"}],"wp:featuredmedia":[{"embeddable":true,"href":"https:\/\/serveiseducatius.xtec.cat\/badalona\/wp-json\/wp\/v2\/media\/4922"}],"wp:attachment":[{"href":"https:\/\/serveiseducatius.xtec.cat\/badalona\/wp-json\/wp\/v2\/media?parent=5681"}],"wp:term":[{"taxonomy":"category","embeddable":true,"href":"https:\/\/serveiseducatius.xtec.cat\/badalona\/wp-json\/wp\/v2\/categories?post=5681"},{"taxonomy":"post_tag","embeddable":true,"href":"https:\/\/serveiseducatius.xtec.cat\/badalona\/wp-json\/wp\/v2\/tags?post=5681"}],"curies":[{"name":"wp","href":"https:\/\/api.w.org\/{rel}","templated":true}]}}