{"id":4921,"date":"2016-11-14T11:15:16","date_gmt":"2016-11-14T10:15:16","guid":{"rendered":"http:\/\/serveiseducatius.xtec.cat\/badalona\/?p=4921"},"modified":"2016-11-25T08:35:11","modified_gmt":"2016-11-25T07:35:11","slug":"cicle-de-conferencies-investigar-en-larea-de-coneixement-del-medi-natural-i-social-a-educacio-infantil-i-primaria","status":"publish","type":"post","link":"https:\/\/serveiseducatius.xtec.cat\/badalona\/portada\/cicle-de-conferencies-investigar-en-larea-de-coneixement-del-medi-natural-i-social-a-educacio-infantil-i-primaria\/","title":{"rendered":"Confer\u00e8ncia: &#8220;Aprendre ci\u00e8ncia des del n\u00e9ixer &#8220;"},"content":{"rendered":"<p>&nbsp;<\/p>\n<p><strong><br \/>\n<span style=\"font-size: 10pt;\"><span style=\"font-size: 14pt;\"><a href=\"https:\/\/aplicacions.gestioeducativa.gencat.cat\/pls\/soloas\/pk_for_mod_ins.p_for_detall_activitat?p_header=Llista%20d%27activitats%5Epk_for_mod_ins.p_for_cons_activitats?p_poblacio=08015%26p_any=2016-2017%26p_modalitat=50%26p_totes=s%26p_inici=1%26p_excloure_crp_rec=F&amp;p_codi=2040761204&amp;p_curs=2016-2017&amp;p_excloure_crp_rec=F\" rel=\"nofollow\"><span style=\"color: #ff0000; font-family: verdana, sans-serif;\">Aprendre ci\u00e8ncia des del n\u00e9ixer<\/span><span style=\"color: #ff0000;\">\u00a0\u00a0<\/span><\/a><\/span><\/span><br \/>\nCRP Badalona (Av. Maresme, 212)<br \/>\n<\/strong><span style=\"font-size: 10pt;\"><strong>Dijous, 24\u00a0de novembre. A les 17:30 h<br \/>\n<\/strong><\/span><span style=\"color: #333333;\"><strong><span style=\"font-size: 10pt;\"><span style=\"font-size: 14pt;\"><a href=\"https:\/\/aplicacions.gestioeducativa.gencat.cat\/pls\/soloas\/pk_for_mod_ins.p_for_detall_activitat?p_header=Llista%20d%27activitats%5Epk_for_mod_ins.p_for_cons_activitats?p_poblacio=08015%26p_any=2016-2017%26p_modalitat=50%26p_totes=s%26p_inici=1%26p_excloure_crp_rec=F&amp;p_codi=2040761204&amp;p_curs=2016-2017&amp;p_excloure_crp_rec=F\" rel=\"nofollow\">Inscripci\u00f3<\/a><\/span><\/span><\/strong><br \/>\n<span style=\"font-size: 10pt; font-family: tahoma, arial, helvetica, sans-serif;\">Qu\u00e8 vol dir aprendre ci\u00e8ncies a les primeres edats? Quin \u00e9s el paper de l\u2019escola per afavorir la reflexi\u00f3\u00a0sobre els fen\u00f2mens del m\u00f3n?<\/span><br \/>\n<span style=\"font-size: 10pt; font-family: tahoma, arial, helvetica, sans-serif;\">Com plantejar el treball experimental amb sentit a partir de la realitat?<\/span><br \/>\n<span style=\"font-size: 10pt; font-family: tahoma, arial, helvetica, sans-serif;\">Quin ha de ser el paper de l\u2019adult? Reflexions al voltant de les ci\u00e8ncies i els infants a partir de pr\u00e0ctiques\u00a0d\u2019aula que aporten pistes per a aconseguir una ci\u00e8ncia seductora i emocionant a l\u2019educaci\u00f3 infantil.<\/span><\/span><\/p>\n<p><span style=\"font-size: 12pt;\"><span style=\"font-size: 10pt;\"><em>A c\u00e0rrec de<\/em><\/span><em><span style=\"font-size: 10pt;\">:<\/span> <b>Montserrat Pedreira<\/b><\/em><\/span><\/p>\n<p><img loading=\"lazy\" decoding=\"async\" class=\"alignleft wp-image-5218\" src=\"http:\/\/serveiseducatius.xtec.cat\/badalona\/wp-content\/uploads\/usu1088\/2016\/10\/pedreira.jpg\" alt=\"pedreira\" width=\"82\" height=\"94\" srcset=\"https:\/\/serveiseducatius.xtec.cat\/badalona\/wp-content\/uploads\/usu1088\/2016\/10\/pedreira.jpg 306w, https:\/\/serveiseducatius.xtec.cat\/badalona\/wp-content\/uploads\/usu1088\/2016\/10\/pedreira-262x300.jpg 262w\" sizes=\"auto, (max-width: 82px) 100vw, 82px\" \/><\/p>\n<p><span style=\"font-size: 10pt;\">Montserrat Pedreira<br \/>\nMestra, llicenciada en psicologia i Doctora en Educaci\u00f3.<br \/>\n&#8211;\u00a0<a href=\"http:\/\/www.umanresa.cat\/es\/lab-06\" target=\"_blank\"><strong>Lab 0-6<\/strong>.<\/a>\u00a0Centre de descoberta, recerca i documentaci\u00f3 per a l&#8217;educaci\u00f3 cient\u00edfica a les primeres edats.<\/span><span style=\"font-size: 10pt; font-family: inherit;\"><br \/>\n<\/span><span style=\"font-size: 10pt; font-family: inherit;\">&#8211; Imparteix doc\u00e8ncia en el grau d\u2019Educaci\u00f3 Infantil a la Facultat de Ci\u00e8ncies Socials de Manresa de la UVic-UCC, i s\u2019ha especialitzat en l\u2019\u00e0mbit de la Did\u00e0ctica de les Ci\u00e8ncies.<br \/>\n&#8211; Formadora del Cesire CDEC ( Centre de Documentaci\u00f3 i Experimentaci\u00f3 en Ci\u00e8ncies. Departament d\u2019Educaci\u00f3)\u00a0del 2002-2009\u00a0<\/span><\/p>\n<p><strong> <span style=\"font-size: 10pt;\">Recerca<\/span><br \/>\n<\/strong><span style=\"font-size: 10pt;\">Grups d\u2019investigaci\u00f3: Grup de recerca en Experimentaci\u00f3 i Aprenentatge<\/span><br \/>\n<span style=\"font-size: 10pt;\">L\u00ednies d\u2019investigaci\u00f3: Experimentaci\u00f3 i aprenentatge. Did\u00e0ctica de les ci\u00e8ncies . Educaci\u00f3 infantil<\/span><\/p>\n<p><span style=\"font-size: 10pt;\"><strong>Publicacions (entre d&#8217;altres)<\/strong><\/span><br \/>\n<span style=\"font-size: 10pt;\">&#8211; Pedreira, M. (2015). Espacios de ciencia generadores de conocimiento<em> Cuadernos de Pedagogia.<br \/>\n<\/em>&#8211; M\u00e1rquez, C., &amp; Pedreira, M. (2011). Per qu\u00e8 insistim a conversar per aprendre ci\u00e8ncies?<em> Articles de \u00a0 \u00a0Did\u00e0ctica de la Llengua i de la Literatura, (54), 29-36.<br \/>\n<\/em>&#8211; Pedreira, M. (2010). Semblants per\u00f2 diferents: una experi\u00e8ncia sobre materials al parvulari. EduQ, 6<\/span><\/p>\n<p><span style=\"font-size: 10pt;\">* Aquesta confer\u00e8ncia forma part del cicle: <strong>&#8220;<a href=\"http:\/\/serveiseducatius.xtec.cat\/badalona\/portada\/cicle-de-conferencies-investigar-en-larea-de-coneixement-del-medi-natural-i-social-a-educacio-infantil-i-primaria\/\" target=\"_blank\">Investigar en l\u2019\u00e0rea de coneixement del medi natural i social a educaci\u00f3 infantil i prim\u00e0ria<\/a>&#8220;<\/strong><\/span><\/p>\n<p>&nbsp;<\/p>\n<p>&nbsp;<\/p>\n<p><img loading=\"lazy\" decoding=\"async\" class=\"alignleft size-full wp-image-4980\" src=\"http:\/\/serveiseducatius.xtec.cat\/badalona\/wp-content\/uploads\/usu1088\/2016\/10\/organitza.jpg\" alt=\"organitza\" width=\"559\" height=\"103\" srcset=\"https:\/\/serveiseducatius.xtec.cat\/badalona\/wp-content\/uploads\/usu1088\/2016\/10\/organitza.jpg 559w, https:\/\/serveiseducatius.xtec.cat\/badalona\/wp-content\/uploads\/usu1088\/2016\/10\/organitza-300x55.jpg 300w\" sizes=\"auto, (max-width: 559px) 100vw, 559px\" \/><\/p>\n","protected":false},"excerpt":{"rendered":"<p>Reflexions al voltant de les ci\u00e8ncies i els infants a partir de pr\u00e0ctiques d\u2019aula que aporten pistes per a aconseguir una ci\u00e8ncia seductora i emocionant a l\u2019ed. infantil.<br \/>\nA c\u00e0rrec de: Montserrat Pedreira<\/p>\n","protected":false},"author":1,"featured_media":5219,"comment_status":"open","ping_status":"open","sticky":false,"template":"","format":"standard","meta":{"_bbp_topic_count":0,"_bbp_reply_count":0,"_bbp_total_topic_count":0,"_bbp_total_reply_count":0,"_bbp_voice_count":0,"_bbp_anonymous_reply_count":0,"_bbp_topic_count_hidden":0,"_bbp_reply_count_hidden":0,"_bbp_forum_subforum_count":0,"site-sidebar-layout":"default","site-content-layout":"","ast-site-content-layout":"","site-content-style":"default","site-sidebar-style":"default","ast-global-header-display":"","ast-banner-title-visibility":"","ast-main-header-display":"","ast-hfb-above-header-display":"","ast-hfb-below-header-display":"","ast-hfb-mobile-header-display":"","site-post-title":"","ast-breadcrumbs-content":"","ast-featured-img":"","footer-sml-layout":"","theme-transparent-header-meta":"","adv-header-id-meta":"","stick-header-meta":"","header-above-stick-meta":"","header-main-stick-meta":"","header-below-stick-meta":"","astra-migrate-meta-layouts":"default","ast-page-background-enabled":"default","ast-page-background-meta":{"desktop":{"background-color":"var(--ast-global-color-4)","background-image":"","background-repeat":"repeat","background-position":"center center","background-size":"auto","background-attachment":"scroll","background-type":"","background-media":"","overlay-type":"","overlay-color":"","overlay-opacity":"","overlay-gradient":""},"tablet":{"background-color":"","background-image":"","background-repeat":"repeat","background-position":"center center","background-size":"auto","background-attachment":"scroll","background-type":"","background-media":"","overlay-type":"","overlay-color":"","overlay-opacity":"","overlay-gradient":""},"mobile":{"background-color":"","background-image":"","background-repeat":"repeat","background-position":"center center","background-size":"auto","background-attachment":"scroll","background-type":"","background-media":"","overlay-type":"","overlay-color":"","overlay-opacity":"","overlay-gradient":""}},"ast-content-background-meta":{"desktop":{"background-color":"var(--ast-global-color-5)","background-image":"","background-repeat":"repeat","background-position":"center center","background-size":"auto","background-attachment":"scroll","background-type":"","background-media":"","overlay-type":"","overlay-color":"","overlay-opacity":"","overlay-gradient":""},"tablet":{"background-color":"var(--ast-global-color-5)","background-image":"","background-repeat":"repeat","background-position":"center center","background-size":"auto","background-attachment":"scroll","background-type":"","background-media":"","overlay-type":"","overlay-color":"","overlay-opacity":"","overlay-gradient":""},"mobile":{"background-color":"var(--ast-global-color-5)","background-image":"","background-repeat":"repeat","background-position":"center center","background-size":"auto","background-attachment":"scroll","background-type":"","background-media":"","overlay-type":"","overlay-color":"","overlay-opacity":"","overlay-gradient":""}},"footnotes":""},"categories":[165,29],"tags":[],"class_list":["post-4921","post","type-post","status-publish","format-standard","has-post-thumbnail","hentry","category-formacio","category-portada"],"post_mailing_queue_ids":[],"_links":{"self":[{"href":"https:\/\/serveiseducatius.xtec.cat\/badalona\/wp-json\/wp\/v2\/posts\/4921","targetHints":{"allow":["GET"]}}],"collection":[{"href":"https:\/\/serveiseducatius.xtec.cat\/badalona\/wp-json\/wp\/v2\/posts"}],"about":[{"href":"https:\/\/serveiseducatius.xtec.cat\/badalona\/wp-json\/wp\/v2\/types\/post"}],"author":[{"embeddable":true,"href":"https:\/\/serveiseducatius.xtec.cat\/badalona\/wp-json\/wp\/v2\/users\/1"}],"replies":[{"embeddable":true,"href":"https:\/\/serveiseducatius.xtec.cat\/badalona\/wp-json\/wp\/v2\/comments?post=4921"}],"version-history":[{"count":4,"href":"https:\/\/serveiseducatius.xtec.cat\/badalona\/wp-json\/wp\/v2\/posts\/4921\/revisions"}],"predecessor-version":[{"id":5380,"href":"https:\/\/serveiseducatius.xtec.cat\/badalona\/wp-json\/wp\/v2\/posts\/4921\/revisions\/5380"}],"wp:featuredmedia":[{"embeddable":true,"href":"https:\/\/serveiseducatius.xtec.cat\/badalona\/wp-json\/wp\/v2\/media\/5219"}],"wp:attachment":[{"href":"https:\/\/serveiseducatius.xtec.cat\/badalona\/wp-json\/wp\/v2\/media?parent=4921"}],"wp:term":[{"taxonomy":"category","embeddable":true,"href":"https:\/\/serveiseducatius.xtec.cat\/badalona\/wp-json\/wp\/v2\/categories?post=4921"},{"taxonomy":"post_tag","embeddable":true,"href":"https:\/\/serveiseducatius.xtec.cat\/badalona\/wp-json\/wp\/v2\/tags?post=4921"}],"curies":[{"name":"wp","href":"https:\/\/api.w.org\/{rel}","templated":true}]}}