{"id":4830,"date":"2016-09-26T07:39:34","date_gmt":"2016-09-26T06:39:34","guid":{"rendered":"http:\/\/serveiseducatius.xtec.cat\/badalona\/?p=4830"},"modified":"2017-01-19T13:04:36","modified_gmt":"2017-01-19T12:04:36","slug":"capsules-de-ciencia-trobada-pedagogica","status":"publish","type":"post","link":"https:\/\/serveiseducatius.xtec.cat\/badalona\/portada\/capsules-de-ciencia-trobada-pedagogica\/","title":{"rendered":"C\u00e0psules de ci\u00e8ncia (Trobada pedag\u00f2gica)"},"content":{"rendered":"<p><a href=\"https:\/\/aplicacions.gestioeducativa.gencat.cat\/pls\/soloas\/pk_for_mod_ins.p_for_detall_activitat?p_codi=9005010532&amp;p_curs=2016-2017&amp;p_es_inscr=S\"><img loading=\"lazy\" decoding=\"async\" class=\"alignleft wp-image-4831\" src=\"http:\/\/serveiseducatius.xtec.cat\/badalona\/wp-content\/uploads\/usu1088\/2016\/09\/ciencia.jpg\" alt=\"ciencia\" width=\"143\" height=\"143\" srcset=\"https:\/\/serveiseducatius.xtec.cat\/badalona\/wp-content\/uploads\/usu1088\/2016\/09\/ciencia.jpg 515w, https:\/\/serveiseducatius.xtec.cat\/badalona\/wp-content\/uploads\/usu1088\/2016\/09\/ciencia-150x150.jpg 150w, https:\/\/serveiseducatius.xtec.cat\/badalona\/wp-content\/uploads\/usu1088\/2016\/09\/ciencia-300x300.jpg 300w\" sizes=\"auto, (max-width: 143px) 100vw, 143px\" \/><\/a><strong>Trobada pedag\u00f2gica. Educaci\u00f3 Infantil-Prim\u00e0ria<br \/>\n<\/strong><\/p>\n<p><strong>Del 29\/10\/2016 al 30\/6\/2017 (\u00a06 hores &#8211; 3 sessions\u00a0)\u00a0de 18:00h a 20:00h<\/strong><br \/>\nDep. CESIRE (CRP espec\u00edfic de suport a la innovaci\u00b4\u00f1o i recerca educativa)<\/p>\n<p><strong><a href=\"https:\/\/aplicacions.gestioeducativa.gencat.cat\/pls\/soloas\/pk_for_mod_ins.p_for_detall_activitat?p_codi=9005010532&amp;p_curs=2016-2017&amp;p_es_inscr=S\">INSCRIPCI\u00d3<\/a><\/strong><\/p>\n<p>Aquestes c\u00e0psules pretenen donar resposta a les necessitats d\u2019actualitzaci\u00f3 cient\u00edfica dels mestres aprofundint en alguns temes que es treballen a l\u2019escola i formen part dels curr\u00edculums d&#8217;Ed. Infantil i Prim\u00e0ria.<br \/>\nAquest curs proposem tres\u00a0c\u00e0psules:<\/p>\n<p style=\"padding-left: 30px;\">&#8211; Microbiologia: veure el que no es veu (data per determinar)<br \/>\n&#8211; Prim\u00e0ria al nanomon: La revoluci\u00f3 de les nanotecnologies (08-03-2017)<br \/>\n&#8211; Descobrim els ecosistemes(04-05-2017)<\/p>\n","protected":false},"excerpt":{"rendered":"<p>Aquestes c\u00e0psules pretenen donar resposta a les necessitats d\u2019actualitzaci\u00f3 cient\u00edfica dels mestres aprofundint en alguns temes que es treballen a l\u2019escola i formen part dels curr\u00edculums d&#8217;Ed. Infantil i Prim\u00e0ria.<\/p>\n","protected":false},"author":1,"featured_media":4831,"comment_status":"open","ping_status":"open","sticky":false,"template":"","format":"standard","meta":{"_bbp_topic_count":0,"_bbp_reply_count":0,"_bbp_total_topic_count":0,"_bbp_total_reply_count":0,"_bbp_voice_count":0,"_bbp_anonymous_reply_count":0,"_bbp_topic_count_hidden":0,"_bbp_reply_count_hidden":0,"_bbp_forum_subforum_count":0,"site-sidebar-layout":"default","site-content-layout":"","ast-site-content-layout":"","site-content-style":"default","site-sidebar-style":"default","ast-global-header-display":"","ast-banner-title-visibility":"","ast-main-header-display":"","ast-hfb-above-header-display":"","ast-hfb-below-header-display":"","ast-hfb-mobile-header-display":"","site-post-title":"","ast-breadcrumbs-content":"","ast-featured-img":"","footer-sml-layout":"","theme-transparent-header-meta":"","adv-header-id-meta":"","stick-header-meta":"","header-above-stick-meta":"","header-main-stick-meta":"","header-below-stick-meta":"","astra-migrate-meta-layouts":"default","ast-page-background-enabled":"default","ast-page-background-meta":{"desktop":{"background-color":"var(--ast-global-color-4)","background-image":"","background-repeat":"repeat","background-position":"center center","background-size":"auto","background-attachment":"scroll","background-type":"","background-media":"","overlay-type":"","overlay-color":"","overlay-opacity":"","overlay-gradient":""},"tablet":{"background-color":"","background-image":"","background-repeat":"repeat","background-position":"center center","background-size":"auto","background-attachment":"scroll","background-type":"","background-media":"","overlay-type":"","overlay-color":"","overlay-opacity":"","overlay-gradient":""},"mobile":{"background-color":"","background-image":"","background-repeat":"repeat","background-position":"center center","background-size":"auto","background-attachment":"scroll","background-type":"","background-media":"","overlay-type":"","overlay-color":"","overlay-opacity":"","overlay-gradient":""}},"ast-content-background-meta":{"desktop":{"background-color":"var(--ast-global-color-5)","background-image":"","background-repeat":"repeat","background-position":"center center","background-size":"auto","background-attachment":"scroll","background-type":"","background-media":"","overlay-type":"","overlay-color":"","overlay-opacity":"","overlay-gradient":""},"tablet":{"background-color":"var(--ast-global-color-5)","background-image":"","background-repeat":"repeat","background-position":"center center","background-size":"auto","background-attachment":"scroll","background-type":"","background-media":"","overlay-type":"","overlay-color":"","overlay-opacity":"","overlay-gradient":""},"mobile":{"background-color":"var(--ast-global-color-5)","background-image":"","background-repeat":"repeat","background-position":"center center","background-size":"auto","background-attachment":"scroll","background-type":"","background-media":"","overlay-type":"","overlay-color":"","overlay-opacity":"","overlay-gradient":""}},"footnotes":""},"categories":[29],"tags":[],"class_list":["post-4830","post","type-post","status-publish","format-standard","has-post-thumbnail","hentry","category-portada"],"post_mailing_queue_ids":[],"_links":{"self":[{"href":"https:\/\/serveiseducatius.xtec.cat\/badalona\/wp-json\/wp\/v2\/posts\/4830","targetHints":{"allow":["GET"]}}],"collection":[{"href":"https:\/\/serveiseducatius.xtec.cat\/badalona\/wp-json\/wp\/v2\/posts"}],"about":[{"href":"https:\/\/serveiseducatius.xtec.cat\/badalona\/wp-json\/wp\/v2\/types\/post"}],"author":[{"embeddable":true,"href":"https:\/\/serveiseducatius.xtec.cat\/badalona\/wp-json\/wp\/v2\/users\/1"}],"replies":[{"embeddable":true,"href":"https:\/\/serveiseducatius.xtec.cat\/badalona\/wp-json\/wp\/v2\/comments?post=4830"}],"version-history":[{"count":2,"href":"https:\/\/serveiseducatius.xtec.cat\/badalona\/wp-json\/wp\/v2\/posts\/4830\/revisions"}],"predecessor-version":[{"id":5981,"href":"https:\/\/serveiseducatius.xtec.cat\/badalona\/wp-json\/wp\/v2\/posts\/4830\/revisions\/5981"}],"wp:featuredmedia":[{"embeddable":true,"href":"https:\/\/serveiseducatius.xtec.cat\/badalona\/wp-json\/wp\/v2\/media\/4831"}],"wp:attachment":[{"href":"https:\/\/serveiseducatius.xtec.cat\/badalona\/wp-json\/wp\/v2\/media?parent=4830"}],"wp:term":[{"taxonomy":"category","embeddable":true,"href":"https:\/\/serveiseducatius.xtec.cat\/badalona\/wp-json\/wp\/v2\/categories?post=4830"},{"taxonomy":"post_tag","embeddable":true,"href":"https:\/\/serveiseducatius.xtec.cat\/badalona\/wp-json\/wp\/v2\/tags?post=4830"}],"curies":[{"name":"wp","href":"https:\/\/api.w.org\/{rel}","templated":true}]}}