{"id":4464,"date":"2016-09-13T12:37:34","date_gmt":"2016-09-13T11:37:34","guid":{"rendered":"http:\/\/serveiseducatius.xtec.cat\/badalona\/?p=4464"},"modified":"2016-09-13T12:38:57","modified_gmt":"2016-09-13T11:38:57","slug":"tallers-de-sostenibilitat-per-a-primaria","status":"publish","type":"post","link":"https:\/\/serveiseducatius.xtec.cat\/badalona\/general\/tallers-de-sostenibilitat-per-a-primaria\/","title":{"rendered":"Tallers de sostenibilitat per a prim\u00e0ria"},"content":{"rendered":"<p>L&#8217;empresa <a href=\"http:\/\/www.leroymerlin.es\/\" target=\"_blank\"><strong>Leroy Merlin<\/strong><\/a> en col\u00b7laboraci\u00f3 amb el <strong>CRP Ciutat de Badalona<\/strong>\u00a0ofereix la possibilitat d&#8217;impartir durant aquest curs escolar un <a href=\"https:\/\/serveiseducatius.xtec.cat\/badalona\/docs\/taller-de-sostenibilitat-leroy-merlin\/?bp-attachment=Tallers-de-Sostenibilitat-Leroy-Merlin.pdf\"><span style=\"color: #800000;\"><strong>Taller de sostenibilitat<\/strong><\/span><\/a> dirigit a alumnes de <strong><span style=\"color: #800000;\">3r i 4t de prim\u00e0ria<\/span><\/strong>, d&#8217;una hora de durada. Aquests tallers s&#8217;impartiran en el propi centre amb materials que portaran des de Leroy Merlin. El tallers es comen\u00e7aran a impartir a partir del mes d&#8217;octubre, i fins al maig del 2017.<\/p>\n<p>Aquells centres que hi esteu interessats heu d&#8217;omplir aquest <a href=\"https:\/\/docs.google.com\/forms\/d\/e\/1FAIpQLSdUGREdkqm9qqvoc6T9ttlD3xlCnZminpwYYhk2-paRshJoMQ\/viewform\" target=\"_blank\"><strong>formulari<\/strong><\/a>, abans del <strong>30 de setembre<\/strong>.<\/p>\n<p>Podeu veure el contingut del taller <a href=\"https:\/\/serveiseducatius.xtec.cat\/badalona\/docs\/taller-de-sostenibilitat-leroy-merlin\/?bp-attachment=Tallers-de-Sostenibilitat-Leroy-Merlin.pdf\" target=\"_blank\"><strong>aqu\u00ed<\/strong><\/a>.<\/p>\n<p><img loading=\"lazy\" decoding=\"async\" class=\"alignnone\" src=\"http:\/\/ciudadverdesostenible.es\/wp-content\/uploads\/2016\/05\/LOGO-WEB-4.jpg\" width=\"345\" height=\"247\" \/><\/p>\n","protected":false},"excerpt":{"rendered":"<p>Tallers de sostenibilitat per a cicle mitj\u00e0 d&#8217;educaci\u00f3 prim\u00e0ria impartits per Leroy Merlin.<\/p>\n","protected":false},"author":1,"featured_media":4519,"comment_status":"open","ping_status":"open","sticky":false,"template":"","format":"standard","meta":{"_bbp_topic_count":0,"_bbp_reply_count":0,"_bbp_total_topic_count":0,"_bbp_total_reply_count":0,"_bbp_voice_count":0,"_bbp_anonymous_reply_count":0,"_bbp_topic_count_hidden":0,"_bbp_reply_count_hidden":0,"_bbp_forum_subforum_count":0,"site-sidebar-layout":"default","site-content-layout":"","ast-site-content-layout":"","site-content-style":"default","site-sidebar-style":"default","ast-global-header-display":"","ast-banner-title-visibility":"","ast-main-header-display":"","ast-hfb-above-header-display":"","ast-hfb-below-header-display":"","ast-hfb-mobile-header-display":"","site-post-title":"","ast-breadcrumbs-content":"","ast-featured-img":"","footer-sml-layout":"","theme-transparent-header-meta":"","adv-header-id-meta":"","stick-header-meta":"","header-above-stick-meta":"","header-main-stick-meta":"","header-below-stick-meta":"","astra-migrate-meta-layouts":"default","ast-page-background-enabled":"default","ast-page-background-meta":{"desktop":{"background-color":"var(--ast-global-color-4)","background-image":"","background-repeat":"repeat","background-position":"center center","background-size":"auto","background-attachment":"scroll","background-type":"","background-media":"","overlay-type":"","overlay-color":"","overlay-opacity":"","overlay-gradient":""},"tablet":{"background-color":"","background-image":"","background-repeat":"repeat","background-position":"center center","background-size":"auto","background-attachment":"scroll","background-type":"","background-media":"","overlay-type":"","overlay-color":"","overlay-opacity":"","overlay-gradient":""},"mobile":{"background-color":"","background-image":"","background-repeat":"repeat","background-position":"center center","background-size":"auto","background-attachment":"scroll","background-type":"","background-media":"","overlay-type":"","overlay-color":"","overlay-opacity":"","overlay-gradient":""}},"ast-content-background-meta":{"desktop":{"background-color":"var(--ast-global-color-5)","background-image":"","background-repeat":"repeat","background-position":"center center","background-size":"auto","background-attachment":"scroll","background-type":"","background-media":"","overlay-type":"","overlay-color":"","overlay-opacity":"","overlay-gradient":""},"tablet":{"background-color":"var(--ast-global-color-5)","background-image":"","background-repeat":"repeat","background-position":"center center","background-size":"auto","background-attachment":"scroll","background-type":"","background-media":"","overlay-type":"","overlay-color":"","overlay-opacity":"","overlay-gradient":""},"mobile":{"background-color":"var(--ast-global-color-5)","background-image":"","background-repeat":"repeat","background-position":"center center","background-size":"auto","background-attachment":"scroll","background-type":"","background-media":"","overlay-type":"","overlay-color":"","overlay-opacity":"","overlay-gradient":""}},"footnotes":""},"categories":[66,153,1,29],"tags":[166,312,306,179,164,189],"class_list":["post-4464","post","type-post","status-publish","format-standard","has-post-thumbnail","hentry","category-dinamitzacio","category-escoles-verdes","category-general","category-portada","tag-formacio","tag-leroy-merlin","tag-medi-ambient","tag-primaria","tag-sostenibilitat","tag-taller"],"post_mailing_queue_ids":[],"_links":{"self":[{"href":"https:\/\/serveiseducatius.xtec.cat\/badalona\/wp-json\/wp\/v2\/posts\/4464","targetHints":{"allow":["GET"]}}],"collection":[{"href":"https:\/\/serveiseducatius.xtec.cat\/badalona\/wp-json\/wp\/v2\/posts"}],"about":[{"href":"https:\/\/serveiseducatius.xtec.cat\/badalona\/wp-json\/wp\/v2\/types\/post"}],"author":[{"embeddable":true,"href":"https:\/\/serveiseducatius.xtec.cat\/badalona\/wp-json\/wp\/v2\/users\/1"}],"replies":[{"embeddable":true,"href":"https:\/\/serveiseducatius.xtec.cat\/badalona\/wp-json\/wp\/v2\/comments?post=4464"}],"version-history":[{"count":3,"href":"https:\/\/serveiseducatius.xtec.cat\/badalona\/wp-json\/wp\/v2\/posts\/4464\/revisions"}],"predecessor-version":[{"id":4521,"href":"https:\/\/serveiseducatius.xtec.cat\/badalona\/wp-json\/wp\/v2\/posts\/4464\/revisions\/4521"}],"wp:featuredmedia":[{"embeddable":true,"href":"https:\/\/serveiseducatius.xtec.cat\/badalona\/wp-json\/wp\/v2\/media\/4519"}],"wp:attachment":[{"href":"https:\/\/serveiseducatius.xtec.cat\/badalona\/wp-json\/wp\/v2\/media?parent=4464"}],"wp:term":[{"taxonomy":"category","embeddable":true,"href":"https:\/\/serveiseducatius.xtec.cat\/badalona\/wp-json\/wp\/v2\/categories?post=4464"},{"taxonomy":"post_tag","embeddable":true,"href":"https:\/\/serveiseducatius.xtec.cat\/badalona\/wp-json\/wp\/v2\/tags?post=4464"}],"curies":[{"name":"wp","href":"https:\/\/api.w.org\/{rel}","templated":true}]}}