{"id":3896,"date":"2016-07-26T08:45:00","date_gmt":"2016-07-26T07:45:00","guid":{"rendered":"http:\/\/serveiseducatius.xtec.cat\/badalona\/general\/a2aeasa-ajaoaranaaadaeasa-asaoabaraea-adaiadaacataiacaaa-adaeala-apalaeagaaata-apaeara-aaa-aeadauacaaadaoarasa-aaa-abaaadaaalaoanaaa\/"},"modified":"2016-09-12T13:04:42","modified_gmt":"2016-09-12T12:04:42","slug":"a2aeasa-ajaoaranaaadaeasa-asaoabaraea-adaiadaacataiacaaa-adaeala-apalaeagaaata-apaeara-aaa-aeadauacaaadaoarasa-aaa-abaaadaaalaoanaaa","status":"publish","type":"post","link":"https:\/\/serveiseducatius.xtec.cat\/badalona\/general\/a2aeasa-ajaoaranaaadaeasa-asaoabaraea-adaiadaacataiacaaa-adaeala-apalaeagaaata-apaeara-aaa-aeadauacaaadaoarasa-aaa-abaaadaaalaoanaaa\/","title":{"rendered":"2es Jornades sobre Did\u00e0ctica del Plegat"},"content":{"rendered":"<p><img loading=\"lazy\" decoding=\"async\" id=\"__wp-temp-img-id\" class=\"alignleft\" title=\"\" src=\"http:\/\/www.foldingdidactics.com\/wp-content\/uploads\/2015\/11\/DSCN6457-300x225.jpg\" alt=\"\" width=\"200\" height=\"150\" \/>El plegat de diversos materials s\u2019ha desenvolupat durant segles de generaci\u00f3 en generaci\u00f3.\u00a0L\u2019intercanvi d\u2019experi\u00e8ncies amb altres educadors pret\u00e9n enriquir i promoure la did\u00e0ctica del plegat \u00c9s de la m\u00e0xima import\u00e0ncia distingir que aquest projecte no est\u00e0 concebut de cap manera per aprendre a plegar, sin\u00f3 per\u00a0<strong>aprendre a ensenyar a plegar<\/strong>. Aquesta activitat va destinada a educadors actius, aix\u00ed com a estudiants de ci\u00e8ncies de l\u2019educaci\u00f3.<\/p>\n<p><em>Dies:<\/em>\u00a021, 22 i 23 d&#8217;octubre de 2016<\/p>\n<p><em>Lloc:\u00a0<\/em><a href=\"https:\/\/www.google.es\/maps\/place\/Institut+P%C3%BAblic+La+Llauna\/@41.4427505,2.2430587,17z\/data=!3m1!4b1!4m5!3m4!1s0x12a4bb14f1cedfc5:0xfab397b7a1a2f7e4!8m2!3d41.4427465!4d2.2452474?hl=ca&amp;shorturl=1\" target=\"_blank\">Institut La Llauna<\/a>\u00a0(C\/Sagunt 5, 08912 Badalona)<\/p>\n<p><strong><a href=\"https:\/\/aplicacions.gestioeducativa.gencat.cat\/pls\/soloas\/pk_for_mod_ins.p_for_cons_activitats?p_any=2016-2017&amp;p_modalitat=40&amp;p_totes=s&amp;p_poblacio=08015\" target=\"_blank\">INSCRIPCI\u00d3<\/a>\u00a0<\/strong>(<i>Activitat reconeguda dins del Pla de Formaci\u00f3 del Professorat de Badalon<\/i><i>a)<\/i><\/p>\n<p><strong><a href=\"http:\/\/www.foldingdidactics.com\/catalonia\/badalona-2016-2\/\" target=\"_blank\">Per a m\u00e9s informaci\u00f3<\/a><\/strong><\/p>\n<p><strong style=\"word-wrap: break-word;\">Tallers:<\/strong><br \/>\nLes jornades oferiran diverses\u00a0sessions de tallers. Cada sessi\u00f3 tindr\u00e0 un o m\u00e9s tallers, cadascun de 30, 45 o 90 minuts, que es realitzaran en temps paral\u00b7lels. La descripci\u00f3 dels tallers ser\u00e0 anunciada amb anterioritat als participants. Tots els temes exposats en els tallers es divideixen en les seg\u00fcents \u00e0rees:<\/p>\n<p># ABC de l\u2019ensenyament del plegat i m\u00e8todes did\u00e0ctics<br \/>\n# T\u00e8cniques de plegat i materials<br \/>\n# Did\u00e0ctica especial i terap\u00e8utica<br \/>\n# Matem\u00e0tica i geometria<br \/>\n# Projectes creatius, idees i happenings<br \/>\n# Hist\u00f2ria de l\u2019ensenyament del plegat<\/p>\n<p>Si t\u2019agradaria proposar un \u00e0mbit o tema del teu inter\u00e8s, ens ho pots fer saber enviant-nos un correu a: s a l l a s \u2013 o r i g a m i @ w e b . d e<\/p>\n<p><strong style=\"font-weight: bold; word-wrap: break-word;\">Talleristes:<\/strong><br \/>\nLa llista de talleristes ser\u00e0 publicada en aquesta p\u00e0gina.<br \/>\nSi t\u2019agradaria fer un taller o una confer\u00e8ncia, envia la teva proposta\u00a0indicant el teu nom, el tema, la durada, i una m\u00ednima descripci\u00f3 a: \u00a0sallas\u2013origami@web.de<\/p>\n<p style=\"word-wrap: break-word; margin: 0px 0px 1em; color: #121212; font-family: Verdana, Geneva, Candara, sans-serif; font-size: 13px; font-style: normal; font-variant: normal; font-weight: normal; letter-spacing: normal; line-height: 19.5px; orphans: auto; text-align: start; text-indent: 0px; text-transform: none; white-space: normal; widows: 1; word-spacing: 0px; -webkit-text-stroke-width: 0px; background-color: #ffffff;\">\n","protected":false},"excerpt":{"rendered":"<p>Vols aprendre a ensenyar a plegar?<\/p>\n","protected":false},"author":1,"featured_media":4421,"comment_status":"open","ping_status":"open","sticky":false,"template":"","format":"standard","meta":{"_bbp_topic_count":0,"_bbp_reply_count":0,"_bbp_total_topic_count":0,"_bbp_total_reply_count":0,"_bbp_voice_count":0,"_bbp_anonymous_reply_count":0,"_bbp_topic_count_hidden":0,"_bbp_reply_count_hidden":0,"_bbp_forum_subforum_count":0,"site-sidebar-layout":"default","site-content-layout":"","ast-site-content-layout":"","site-content-style":"default","site-sidebar-style":"default","ast-global-header-display":"","ast-banner-title-visibility":"","ast-main-header-display":"","ast-hfb-above-header-display":"","ast-hfb-below-header-display":"","ast-hfb-mobile-header-display":"","site-post-title":"","ast-breadcrumbs-content":"","ast-featured-img":"","footer-sml-layout":"","theme-transparent-header-meta":"","adv-header-id-meta":"","stick-header-meta":"","header-above-stick-meta":"","header-main-stick-meta":"","header-below-stick-meta":"","astra-migrate-meta-layouts":"default","ast-page-background-enabled":"default","ast-page-background-meta":{"desktop":{"background-color":"var(--ast-global-color-4)","background-image":"","background-repeat":"repeat","background-position":"center center","background-size":"auto","background-attachment":"scroll","background-type":"","background-media":"","overlay-type":"","overlay-color":"","overlay-opacity":"","overlay-gradient":""},"tablet":{"background-color":"","background-image":"","background-repeat":"repeat","background-position":"center center","background-size":"auto","background-attachment":"scroll","background-type":"","background-media":"","overlay-type":"","overlay-color":"","overlay-opacity":"","overlay-gradient":""},"mobile":{"background-color":"","background-image":"","background-repeat":"repeat","background-position":"center center","background-size":"auto","background-attachment":"scroll","background-type":"","background-media":"","overlay-type":"","overlay-color":"","overlay-opacity":"","overlay-gradient":""}},"ast-content-background-meta":{"desktop":{"background-color":"var(--ast-global-color-5)","background-image":"","background-repeat":"repeat","background-position":"center center","background-size":"auto","background-attachment":"scroll","background-type":"","background-media":"","overlay-type":"","overlay-color":"","overlay-opacity":"","overlay-gradient":""},"tablet":{"background-color":"var(--ast-global-color-5)","background-image":"","background-repeat":"repeat","background-position":"center center","background-size":"auto","background-attachment":"scroll","background-type":"","background-media":"","overlay-type":"","overlay-color":"","overlay-opacity":"","overlay-gradient":""},"mobile":{"background-color":"var(--ast-global-color-5)","background-image":"","background-repeat":"repeat","background-position":"center center","background-size":"auto","background-attachment":"scroll","background-type":"","background-media":"","overlay-type":"","overlay-color":"","overlay-opacity":"","overlay-gradient":""}},"footnotes":""},"categories":[165,1,29],"tags":[166,205,208],"class_list":["post-3896","post","type-post","status-publish","format-standard","has-post-thumbnail","hentry","category-formacio","category-general","category-portada","tag-formacio","tag-intraweb","tag-noticies"],"post_mailing_queue_ids":[],"_links":{"self":[{"href":"https:\/\/serveiseducatius.xtec.cat\/badalona\/wp-json\/wp\/v2\/posts\/3896","targetHints":{"allow":["GET"]}}],"collection":[{"href":"https:\/\/serveiseducatius.xtec.cat\/badalona\/wp-json\/wp\/v2\/posts"}],"about":[{"href":"https:\/\/serveiseducatius.xtec.cat\/badalona\/wp-json\/wp\/v2\/types\/post"}],"author":[{"embeddable":true,"href":"https:\/\/serveiseducatius.xtec.cat\/badalona\/wp-json\/wp\/v2\/users\/1"}],"replies":[{"embeddable":true,"href":"https:\/\/serveiseducatius.xtec.cat\/badalona\/wp-json\/wp\/v2\/comments?post=3896"}],"version-history":[{"count":2,"href":"https:\/\/serveiseducatius.xtec.cat\/badalona\/wp-json\/wp\/v2\/posts\/3896\/revisions"}],"predecessor-version":[{"id":4463,"href":"https:\/\/serveiseducatius.xtec.cat\/badalona\/wp-json\/wp\/v2\/posts\/3896\/revisions\/4463"}],"wp:featuredmedia":[{"embeddable":true,"href":"https:\/\/serveiseducatius.xtec.cat\/badalona\/wp-json\/wp\/v2\/media\/4421"}],"wp:attachment":[{"href":"https:\/\/serveiseducatius.xtec.cat\/badalona\/wp-json\/wp\/v2\/media?parent=3896"}],"wp:term":[{"taxonomy":"category","embeddable":true,"href":"https:\/\/serveiseducatius.xtec.cat\/badalona\/wp-json\/wp\/v2\/categories?post=3896"},{"taxonomy":"post_tag","embeddable":true,"href":"https:\/\/serveiseducatius.xtec.cat\/badalona\/wp-json\/wp\/v2\/tags?post=3896"}],"curies":[{"name":"wp","href":"https:\/\/api.w.org\/{rel}","templated":true}]}}