{"id":3892,"date":"2016-06-30T11:06:42","date_gmt":"2016-06-30T10:06:42","guid":{"rendered":"http:\/\/serveiseducatius.xtec.cat\/badalona\/general\/avaiasaiataeasa-aeasacaoalaaarasa-aaa-alaaa-abaiabalaiaoataeacaaa-alalaeafaiaa-a-a-axaaavaiaeara-asaoataoa\/"},"modified":"2016-07-14T12:17:15","modified_gmt":"2016-07-14T11:17:15","slug":"avaiasaiataeasa-aeasacaoalaaarasa-aaa-alaaa-abaiabalaiaoataeacaaa-alalaeafaiaa-a-a-axaaavaiaeara-asaoataoa","status":"publish","type":"post","link":"https:\/\/serveiseducatius.xtec.cat\/badalona\/general\/avaiasaiataeasa-aeasacaoalaaarasa-aaa-alaaa-abaiabalaiaoataeacaaa-alalaeafaiaa-a-a-axaaavaiaeara-asaoataoa\/","title":{"rendered":"Visites escolars a la Biblioteca Llefi\u00e0 &#8211; Xavier Soto"},"content":{"rendered":"<table style=\"width: 600px;\" border=\"0\" cellspacing=\"5\" cellpadding=\"0\">\n<tbody>\n<tr>\n<td><\/td>\n<td>\n<p class=\"MsoNormal\" style=\"margin: 0px; color: #222222; font-family: arial, sans-serif; font-size: 12.8px; text-align: justify;\"><span lang=\"CA\" style=\"font-family: verdana, geneva; font-size: 10pt;\">Amb l\u2019objectiu de promoure i fomentar el gust per la lectura la <strong><a href=\"http:\/\/badabiblios.cat\/tag\/biblioteca-llefia-xavier-soto\/\" target=\"_blank\">Biblioteca Llefi\u00e0 &#8211; Xavier Soto,<\/a>\u00a0<\/strong>oferir\u00e0 el proper curs acad\u00e8mic 2016-17 les <span style=\"color: #993366;\"><strong>Visites Escolars<\/strong><\/span> per a tots els escolars del barri.<\/span><\/p>\n<p class=\"MsoNormal\" style=\"margin: 0px; color: #222222; font-family: arial, sans-serif; font-size: 12.8px; text-align: justify;\"><span lang=\"CA\" style=\"font-family: verdana, geneva; font-size: 10pt;\">Les visites es duran a terme <span style=\"color: #3366ff;\"><strong>entre el 27 de setembre i el 15 de juny.<\/strong><\/span><\/span><\/p>\n<p class=\"MsoNormal\" style=\"margin: 0px; color: #222222; font-family: arial, sans-serif; font-size: 12.8px; text-align: justify;\"><span lang=\"CA\" style=\"font-family: verdana, geneva; font-size: 10pt;\">Ens podeu fer arribar les vostres peticions abans del\u00a0<b><span style=\"color: #339966;\">dijous 30 de juliol.<\/span><\/b><\/span><\/p>\n<p class=\"MsoNormal\" style=\"margin: 0px 0px 0.0001pt; color: #222222; font-family: arial, sans-serif; font-size: 12.8px; text-align: center;\"><span style=\"font-family: verdana, geneva; font-size: 10pt; background-color: #ffff00;\"><b><span lang=\"CA\">CALENDARI DE VISITES<\/span><\/b><\/span><\/p>\n<p class=\"MsoNormal\" style=\"margin: 0px 0px 0.0001pt; color: #222222; font-family: arial, sans-serif; font-size: 12.8px; text-align: center;\"><span style=\"font-family: verdana, geneva; font-size: 10pt;\"><span style=\"background-color: #ffff00;\"><b><span lang=\"CA\">27 de setembre de 2016\u00a0al\u00a0<\/span><\/b><b><span lang=\"CA\">15 de juny de 2107<\/span><\/b><\/span><\/span><\/p>\n<\/td>\n<\/tr>\n<\/tbody>\n<\/table>\n<p><img loading=\"lazy\" decoding=\"async\" src=\"http:\/\/serveiseducatius.xtec.cat\/badalona\/wp-content\/uploads\/usu1088\/2016\/07\/llegir.jpg\" width=\"187\" height=\"201\" border=\"0\" \/><\/p>\n<ol>\n<li><span lang=\"CA\" style=\"font-size: 10pt; font-family: verdana, geneva;\">Matins de dimarts\u00a0<b>Prim\u00e0ria, Secund\u00e0ria, Batxillerat i ESO<\/b>\u00a0a les 10.00h o a les 11:00h<\/span><\/li>\n<li><span lang=\"CA\" style=\"font-size: 10pt; font-family: verdana, geneva;\">Matins de dijous\u00a0<b>Cicle Infantil\u00a0<\/b>a les<b>\u00a0<\/b>10.00h.<\/span><\/li>\n<\/ol>\n<p class=\"MsoNormal\" style=\"margin: 0px 0px 0.0001pt; color: #222222; font-family: arial, sans-serif; font-size: 12.8px; text-align: justify;\"><span lang=\"CA\" style=\"font-family: verdana, geneva; font-size: 10pt;\">\u00a0<\/span><\/p>\n<p class=\"MsoNormal\" style=\"margin: 0px 0px 0.0001pt; color: #222222; font-family: arial, sans-serif; font-size: 12.8px; text-align: justify;\"><span lang=\"CA\" style=\"font-family: verdana, geneva; font-size: 10pt;\">En el cas que necessiteu disposar d\u2019una altra franja hor\u00e0ria, indiqueu-la i us direm si est\u00e0 disponible.<\/span><\/p>\n<p class=\"MsoNormal\" style=\"margin: 0px 0px 0.0001pt; color: #222222; font-family: arial, sans-serif; font-size: 12.8px; text-align: justify;\"><span style=\"font-family: verdana, geneva; font-size: 10pt;\"><b><span lang=\"CA\">\u00a0<\/span><\/b><\/span><\/p>\n<p class=\"MsoNormal\" style=\"margin: 0px 0px 0.0001pt; color: #222222; font-family: arial, sans-serif; font-size: 12.8px; text-align: justify;\"><span lang=\"CA\" style=\"font-family: verdana, geneva; font-size: 10pt;\">Per planificar les visites necessitem les seg\u00fcents dades:<\/span><\/p>\n<p class=\"MsoNormal\" style=\"margin: 0px 0px 0.0001pt; color: #222222; font-family: arial, sans-serif; font-size: 12.8px; text-align: justify;\"><span style=\"font-family: verdana, geneva; font-size: 10pt;\"><b><span lang=\"CA\">\u00a0<\/span><\/b><\/span><\/p>\n<p class=\"MsoNormal\" style=\"margin: 0px 0px 0.0001pt; color: #222222; font-family: arial, sans-serif; font-size: 12.8px; text-align: justify;\"><span style=\"font-family: verdana, geneva; font-size: 10pt;\"><b><span lang=\"CA\">Data de la visita\u00a0<\/span><\/b><span lang=\"CA\">(Especifiqueu 2 dates possibles per fer la visita, aix\u00f2 ens ajudar\u00e0 a programar el<b>\u00a0<\/b>calendari.)<\/span><\/span><\/p>\n<p class=\"MsoNormal\" style=\"margin: 0px 0px 0.0001pt; color: #222222; font-family: arial, sans-serif; font-size: 12.8px; text-align: justify;\"><span lang=\"CA\" style=\"font-family: verdana, geneva; font-size: 10pt;\">\u00a0<\/span><\/p>\n<p class=\"MsoNormal\" style=\"margin: 0px 0px 0.0001pt; color: #222222; font-family: arial, sans-serif; font-size: 12.8px; text-align: justify;\"><span style=\"font-family: verdana, geneva; font-size: 10pt;\"><b><span lang=\"CA\">Data 1:<\/span><\/b><\/span><\/p>\n<p class=\"MsoNormal\" style=\"margin: 0px 0px 0.0001pt; color: #222222; font-family: arial, sans-serif; font-size: 12.8px; text-align: justify;\"><span style=\"font-family: verdana, geneva; font-size: 10pt;\"><b><span lang=\"CA\">Data 2:<\/span><\/b><\/span><\/p>\n<p class=\"MsoNormal\" style=\"margin: 0px 0px 0.0001pt; color: #222222; font-family: arial, sans-serif; font-size: 12.8px; text-align: justify;\"><span style=\"font-family: verdana, geneva; font-size: 10pt;\"><b><span lang=\"CA\">\u00a0<\/span><\/b><\/span><\/p>\n<p class=\"MsoNormal\" style=\"margin: 0px 0px 0.0001pt; color: #222222; font-family: arial, sans-serif; font-size: 12.8px; text-align: justify;\"><span style=\"font-family: verdana, geneva; font-size: 10pt;\"><b><span lang=\"CA\">Nom del centre:<\/span><\/b><\/span><\/p>\n<p class=\"MsoNormal\" style=\"margin: 0px 0px 0.0001pt; color: #222222; font-family: arial, sans-serif; font-size: 12.8px; text-align: justify;\"><span style=\"font-family: verdana, geneva; font-size: 10pt;\"><b><span lang=\"CA\">Curs:<\/span><\/b><\/span><\/p>\n<p class=\"MsoNormal\" style=\"margin: 0px 0px 0.0001pt; color: #222222; font-family: arial, sans-serif; font-size: 12.8px; text-align: justify;\"><span style=\"font-family: verdana, geneva; font-size: 10pt;\"><b><span lang=\"CA\">N\u00fam. d\u2019alumnes:<\/span><\/b><\/span><\/p>\n<p class=\"MsoNormal\" style=\"margin: 0px 0px 0.0001pt; color: #222222; font-family: arial, sans-serif; font-size: 12.8px; text-align: justify;\"><span style=\"font-family: verdana, geneva; font-size: 10pt;\"><b><span lang=\"CA\">N\u00fam. de l\u00ednies:<\/span><\/b><\/span><\/p>\n<p class=\"MsoNormal\" style=\"margin: 0px 0px 0.0001pt; color: #222222; font-family: arial, sans-serif; font-size: 12.8px; text-align: justify;\"><span style=\"font-family: verdana, geneva; font-size: 10pt;\"><b><span lang=\"CA\">Mestre responsable:<\/span><\/b><\/span><\/p>\n<p class=\"MsoNormal\" style=\"margin: 0px 0px 0.0001pt; color: #222222; font-family: arial, sans-serif; font-size: 12.8px; text-align: justify;\"><span style=\"font-family: verdana, geneva; font-size: 10pt;\"><b><span lang=\"CA\">Tel. de contacte:<\/span><\/b><\/span><\/p>\n<p class=\"MsoNormal\" style=\"margin: 0px 0px 0.0001pt; color: #222222; font-family: arial, sans-serif; font-size: 12.8px; text-align: justify;\"><span style=\"font-family: verdana, geneva; font-size: 10pt;\"><b><span lang=\"CA\">Correu electr\u00f2nic:<\/span><\/b><\/span><\/p>\n<p class=\"MsoNormal\" style=\"margin: 0px 0px 0.0001pt; color: #222222; font-family: arial, sans-serif; font-size: 12.8px; text-align: justify;\"><span style=\"font-family: verdana, geneva; font-size: 10pt;\"><b><span lang=\"CA\">Comentaris:<\/span><\/b><\/span><\/p>\n<p class=\"MsoNormal\" style=\"margin: 0px 0px 0.0001pt; color: #222222; font-family: arial, sans-serif; font-size: 12.8px; text-align: justify;\"><span style=\"font-family: verdana, geneva; font-size: 10pt;\"><b><span lang=\"CA\">\u00a0<\/span><\/b><\/span><\/p>\n<p class=\"MsoNormal\" style=\"margin: 0px 0px 0.0001pt; color: #222222; font-family: arial, sans-serif; font-size: 12.8px; text-align: justify;\"><span lang=\"CA\" style=\"font-family: verdana, geneva; font-size: 10pt;\">Ens podeu fer arribar la informaci\u00f3 per correu electr\u00f2nic, per tel\u00e8fon o presencialment.<\/span><\/p>\n<p class=\"MsoNormal\" style=\"margin: 0px 0px 0.0001pt; color: #222222; font-family: arial, sans-serif; font-size: 12.8px; text-align: justify;\"><span lang=\"CA\" style=\"font-family: verdana, geneva; font-size: 10pt;\">Tan aviat com tinguem aquesta informaci\u00f3, ens posarem en contacte amb vosaltres per concretar dia i hora de la visita a la biblioteca.<\/span><\/p>\n<p class=\"MsoNormal\" style=\"margin: 0px 0px 0.0001pt; color: #222222; font-family: arial, sans-serif; font-size: 12.8px; text-align: justify;\"><span lang=\"CA\" style=\"font-family: verdana, geneva; font-size: 10pt;\">\u00a0<\/span><\/p>\n<p class=\"MsoNormal\" style=\"margin: 0px 0px 0.0001pt; color: #222222; font-family: arial, sans-serif; font-size: 12.8px; text-align: justify;\"><span lang=\"CA\" style=\"font-family: verdana, geneva; font-size: 10pt;\">Si necessiteu qualsevol aclariment sobre les visites nom\u00e9s cal que ens ho digueu.<\/span><\/p>\n<p class=\"MsoNormal\" style=\"margin: 0px 0px 0.0001pt; color: #222222; font-family: arial, sans-serif; font-size: 12.8px; text-align: center; line-height: 12pt; background: #c9c9c9;\" align=\"center\"><b><span lang=\"CA\" style=\"font-size: 10pt; font-family: Arial, sans-serif; color: #007bbe;\">BIBLIOTECA LLEFI\u00c0-XAVIER SOTO\u00a0<\/span><\/b><b><span style=\"font-size: 10pt; font-family: Arial, sans-serif; color: #007bbe;\"><img loading=\"lazy\" decoding=\"async\" class=\"CToWUd\" src=\"https:\/\/mail.google.com\/mail\/u\/0\/?ui=2&amp;ik=afc74150a8&amp;view=fimg&amp;th=1559c5fdc37704ab&amp;attid=0.1&amp;disp=emb&amp;attbid=ANGjdJ8ggOmOS_iKqbNkQfFqKiWyl4bTVFHro_Zk9XMLDRt_swUihaL5Y7etlEcPg3jjcMFacEALbzewrynkZ-a1dwiAtGb5EA44ObRDVbNaFhUOa6dkdDmZjtzwxOI&amp;sz=w12-h10&amp;ats=1467274599730&amp;rm=1559c5fdc37704ab&amp;zw&amp;atsh=1\" alt=\"Finestra nova\" width=\"6\" height=\"5\" \/><\/span><\/b><b><\/b><\/p>\n<p class=\"MsoNormal\" style=\"margin: 0px 0px 12pt; color: #222222; font-family: arial, sans-serif; font-size: 12.8px; text-align: center; line-height: 12pt; background: #c9c9c9;\" align=\"center\"><b><span lang=\"CA\" style=\"font-size: 10pt; font-family: Arial, sans-serif; color: black;\">Tel\u00e8fon:<\/span><\/b><span lang=\"CA\" style=\"font-size: 10pt; font-family: Arial, sans-serif; color: black;\">\u00a0<\/span><b><span lang=\"CA\" style=\"font-size: 13.5pt; font-family: Arial, sans-serif; color: #666666;\">933832970<\/span><\/b><span lang=\"CA\" style=\"font-size: 10pt; font-family: Arial, sans-serif; color: black;\"><br \/>\n<b>Correu e.:<\/b>\u00a0<\/span><span lang=\"CA\"><a style=\"color: #1155cc;\" href=\"mailto:b.badalona.lle@diba.cat\" target=\"_blank\"><span style=\"font-size: 10pt; font-family: Arial, sans-serif; color: #007bbe;\">b.badalona.lle@diba.cat<\/span><\/a><\/span><span lang=\"CA\" style=\"font-size: 10pt; font-family: Arial, sans-serif; color: #007bbe;\">\u00a0\u00a0\u00a0<wbr \/>\u00a0\u00a0\u00a0\u00a0\u00a0<\/span><span lang=\"CA\" style=\"font-size: 10pt; font-family: Arial, sans-serif; color: black;\"><br \/>\n<b>Web:<\/b>\u00a0\u00a0<\/span><span lang=\"CA\"><a style=\"color: #1155cc;\" href=\"http:\/\/badabiblios.cat\/\" target=\"_blank\"><span style=\"font-size: 10pt; font-family: Arial, sans-serif; color: #007bbe;\">http:\/\/badabiblios.cat\/\u00a0<\/span><span lang=\"ES\" style=\"font-size: 10pt; font-family: Arial, sans-serif; color: #007bbe; text-decoration: none;\"><img loading=\"lazy\" decoding=\"async\" class=\"CToWUd\" src=\"https:\/\/mail.google.com\/mail\/u\/0\/?ui=2&amp;ik=afc74150a8&amp;view=fimg&amp;th=1559c5fdc37704ab&amp;attid=0.2&amp;disp=emb&amp;attbid=ANGjdJ8ENpJM4UP5baIqymeOLDZRDDXj7-wQWtmhIIkd20NrvjhWeduk8Mg2WU--4lx-In7Liefm6s07jFeQUnst0oFsV5TmGP834WpnVfqIr1_eoifFeXuJ-RdzapE&amp;sz=w24-h20&amp;ats=1467274599731&amp;rm=1559c5fdc37704ab&amp;zw&amp;atsh=1\" alt=\"Finestra nova\" width=\"12\" height=\"10\" border=\"0\" \/><\/span><span style=\"font-size: 10pt; font-family: Arial, sans-serif; color: #007bbe;\"><wbr \/>\u00a0<\/span><\/a><\/span><\/p>\n<p class=\"MsoNormal\" style=\"margin: 0px 0px 12pt; color: #222222; font-family: arial, sans-serif; font-size: 12.8px; text-align: center; line-height: 12pt; background: #c9c9c9;\" align=\"center\"><b><span lang=\"CA\" style=\"font-size: 10pt; font-family: Arial, sans-serif; color: black;\">Adre\u00e7a:<\/span><\/b><span lang=\"CA\" style=\"font-size: 10pt; font-family: Arial, sans-serif; color: black;\">\u00a0C\/ Planeta Mart, 2-10<br \/>\n<b>Codi postal:<\/b>\u00a008914<\/span><\/p>\n<p class=\"MsoNormal\" style=\"margin: 0px 0px 12pt; color: #222222; font-family: arial, sans-serif; font-size: 12.8px; text-align: center; line-height: 12pt; background: #c9c9c9;\" align=\"center\"><b><span lang=\"CA\" style=\"font-size: 10pt; font-family: Arial, sans-serif; color: black;\">Horari:<\/span><\/b><span lang=\"CA\" style=\"font-size: 10pt; font-family: Arial, sans-serif; color: black;\">\u00a0Dimarts, dijous i dissabtes 10 a 14 h i dilluns a divendres 16 a 20.30 h.<\/span><\/p>\n","protected":false},"excerpt":{"rendered":"<p>Amb l\u2019objectiu de promoure i fomentar el gust per la lectura la Biblioteca Llefi\u00e0 &#8211; Xavier Soto, oferir\u00e0 el proper curs acad\u00e8mic 2016-17 les Visites Escolars per a tots els escolars del barri.<\/p>\n","protected":false},"author":1,"featured_media":4272,"comment_status":"open","ping_status":"open","sticky":false,"template":"","format":"standard","meta":{"_bbp_topic_count":0,"_bbp_reply_count":0,"_bbp_total_topic_count":0,"_bbp_total_reply_count":0,"_bbp_voice_count":0,"_bbp_anonymous_reply_count":0,"_bbp_topic_count_hidden":0,"_bbp_reply_count_hidden":0,"_bbp_forum_subforum_count":0,"site-sidebar-layout":"default","site-content-layout":"","ast-site-content-layout":"","site-content-style":"default","site-sidebar-style":"default","ast-global-header-display":"","ast-banner-title-visibility":"","ast-main-header-display":"","ast-hfb-above-header-display":"","ast-hfb-below-header-display":"","ast-hfb-mobile-header-display":"","site-post-title":"","ast-breadcrumbs-content":"","ast-featured-img":"","footer-sml-layout":"","theme-transparent-header-meta":"","adv-header-id-meta":"","stick-header-meta":"","header-above-stick-meta":"","header-main-stick-meta":"","header-below-stick-meta":"","astra-migrate-meta-layouts":"default","ast-page-background-enabled":"default","ast-page-background-meta":{"desktop":{"background-color":"var(--ast-global-color-4)","background-image":"","background-repeat":"repeat","background-position":"center center","background-size":"auto","background-attachment":"scroll","background-type":"","background-media":"","overlay-type":"","overlay-color":"","overlay-opacity":"","overlay-gradient":""},"tablet":{"background-color":"","background-image":"","background-repeat":"repeat","background-position":"center center","background-size":"auto","background-attachment":"scroll","background-type":"","background-media":"","overlay-type":"","overlay-color":"","overlay-opacity":"","overlay-gradient":""},"mobile":{"background-color":"","background-image":"","background-repeat":"repeat","background-position":"center center","background-size":"auto","background-attachment":"scroll","background-type":"","background-media":"","overlay-type":"","overlay-color":"","overlay-opacity":"","overlay-gradient":""}},"ast-content-background-meta":{"desktop":{"background-color":"var(--ast-global-color-5)","background-image":"","background-repeat":"repeat","background-position":"center center","background-size":"auto","background-attachment":"scroll","background-type":"","background-media":"","overlay-type":"","overlay-color":"","overlay-opacity":"","overlay-gradient":""},"tablet":{"background-color":"var(--ast-global-color-5)","background-image":"","background-repeat":"repeat","background-position":"center center","background-size":"auto","background-attachment":"scroll","background-type":"","background-media":"","overlay-type":"","overlay-color":"","overlay-opacity":"","overlay-gradient":""},"mobile":{"background-color":"var(--ast-global-color-5)","background-image":"","background-repeat":"repeat","background-position":"center center","background-size":"auto","background-attachment":"scroll","background-type":"","background-media":"","overlay-type":"","overlay-color":"","overlay-opacity":"","overlay-gradient":""}},"footnotes":""},"categories":[66,1,81,29],"tags":[162,205,208,275,273],"class_list":["post-3892","post","type-post","status-publish","format-standard","has-post-thumbnail","hentry","category-dinamitzacio","category-general","category-biblioteca-escolar","category-portada","tag-biblioteca-escolar","tag-intraweb","tag-noticies","tag-temps-de-lectura","tag-xarxa-de-biblioteques"],"post_mailing_queue_ids":[],"_links":{"self":[{"href":"https:\/\/serveiseducatius.xtec.cat\/badalona\/wp-json\/wp\/v2\/posts\/3892","targetHints":{"allow":["GET"]}}],"collection":[{"href":"https:\/\/serveiseducatius.xtec.cat\/badalona\/wp-json\/wp\/v2\/posts"}],"about":[{"href":"https:\/\/serveiseducatius.xtec.cat\/badalona\/wp-json\/wp\/v2\/types\/post"}],"author":[{"embeddable":true,"href":"https:\/\/serveiseducatius.xtec.cat\/badalona\/wp-json\/wp\/v2\/users\/1"}],"replies":[{"embeddable":true,"href":"https:\/\/serveiseducatius.xtec.cat\/badalona\/wp-json\/wp\/v2\/comments?post=3892"}],"version-history":[{"count":2,"href":"https:\/\/serveiseducatius.xtec.cat\/badalona\/wp-json\/wp\/v2\/posts\/3892\/revisions"}],"predecessor-version":[{"id":4273,"href":"https:\/\/serveiseducatius.xtec.cat\/badalona\/wp-json\/wp\/v2\/posts\/3892\/revisions\/4273"}],"wp:featuredmedia":[{"embeddable":true,"href":"https:\/\/serveiseducatius.xtec.cat\/badalona\/wp-json\/wp\/v2\/media\/4272"}],"wp:attachment":[{"href":"https:\/\/serveiseducatius.xtec.cat\/badalona\/wp-json\/wp\/v2\/media?parent=3892"}],"wp:term":[{"taxonomy":"category","embeddable":true,"href":"https:\/\/serveiseducatius.xtec.cat\/badalona\/wp-json\/wp\/v2\/categories?post=3892"},{"taxonomy":"post_tag","embeddable":true,"href":"https:\/\/serveiseducatius.xtec.cat\/badalona\/wp-json\/wp\/v2\/tags?post=3892"}],"curies":[{"name":"wp","href":"https:\/\/api.w.org\/{rel}","templated":true}]}}