{"id":3881,"date":"2016-06-20T09:50:47","date_gmt":"2016-06-20T08:50:47","guid":{"rendered":"http:\/\/serveiseducatius.xtec.cat\/badalona\/general\/alaeasa-apaaradauaeasa-aia-aeala-adaoala-aeana-aeala-acaoanataeaxata-aeadauacaaataiaua\/"},"modified":"2016-07-14T12:30:59","modified_gmt":"2016-07-14T11:30:59","slug":"alaeasa-apaaradauaeasa-aia-aeala-adaoala-aeana-aeala-acaoanataeaxata-aeadauacaaataiaua","status":"publish","type":"post","link":"https:\/\/serveiseducatius.xtec.cat\/badalona\/general\/alaeasa-apaaradauaeasa-aia-aeala-adaoala-aeana-aeala-acaoanataeaxata-aeadauacaaataiaua\/","title":{"rendered":"Les p\u00e8rdues i el dol en el context educatiu"},"content":{"rendered":"<table class=\"htmtableborders\" style=\"height: 148px; width: 598px;\" border=\"0\">\n<tbody>\n<tr>\n<td><\/td>\n<td><span style=\"color: #3366ff;\"><strong><span style=\"font-family: verdana, geneva; font-size: 10pt;\">Les p\u00e8rdues i el dol en el context educatiu<\/span><\/strong><\/span><\/p>\n<p><span style=\"font-family: verdana, geneva; font-size: 10pt;\">Curs de 20 hores adre\u00e7at a totes les persones interessades en con\u00e8ixer tenir recursos per reelaborar les pr\u00f2pies p\u00e8rdues i el dol dels nens i nenes i els joves amb els que conviuen ( a casa, a l&#8217;escola&#8230;).<\/span><\/p>\n<p><span style=\"color: #3366ff; font-family: verdana, geneva; font-size: 10pt;\"><span style=\"color: #000000;\">Reconegut pel Departament d&#8217;Ensenyament.<\/span><\/span><\/p>\n<p><span style=\"color: #3366ff;\"><em><span style=\"font-family: verdana, geneva; font-size: 10pt;\">Nom\u00e9s des del &#8220;JO&#8221; podem fer l&#8217;abordatge del &#8220;NOSALTRES&#8221;.<\/span><\/em><\/span><\/p>\n<p><span style=\"color: #3366ff;\"><strong><span style=\"font-family: verdana, geneva; font-size: 10pt;\">Dates: <\/span><\/strong><span style=\"font-family: verdana, geneva; font-size: 10pt; color: #000000;\">4, 6 i 8 de juliol<\/span><\/span><br \/>\n<span style=\"color: #3366ff;\"><strong><span style=\"font-family: verdana, geneva; font-size: 10pt;\">Lloc:\u00a0<\/span><\/strong><\/span><span style=\"font-size: 10pt;\"><b style=\"color: #0b5394; font-size: large; font-family: Calibri, Arial, Helvetica, sans-serif;\">AVES\u00a0<\/b><\/span><span style=\"font-family: verdana, geneva; font-size: 10pt;\">Av. Diagonal, 512, 1r 2a .\u00a0Barcelona<\/span><\/td>\n<\/tr>\n<\/tbody>\n<\/table>\n<p><img loading=\"lazy\" decoding=\"async\" src=\"https:\/\/lh3.googleusercontent.com\/-yD_LLNBMBaA\/V2ecDS4XL4I\/AAAAAAAAAic\/Acxxn8L5zMcA-yc8uTIS8Ayncjn6zjJpgCCo\/s128\/dol%2Bi%2Bmort.jpg\" width=\"106\" height=\"150\" \/><\/p>\n<div style=\"font-family: Calibri, Arial, Helvetica, sans-serif; font-size: 16px;\">\n<div style=\"font-size: 12.8px;\"><span style=\"font-family: verdana, geneva; font-size: 10pt;\">Benvolguts,<\/span><\/div>\n<div style=\"font-size: 12.8px;\"><\/div>\n<div style=\"font-size: 12.8px;\"><span style=\"font-family: verdana, geneva; font-size: 10pt;\">La societat en la qual vivim necesita, cada cop m\u00e9s, viure les p\u00e8rdues i el dol com el que s\u00f3n; procesos naturals.\u00a0Els<\/span><\/div>\n<div style=\"font-size: 12.8px;\"><span style=\"font-size: 10pt; font-family: verdana, geneva;\">profesionals de l&#8217;ensenyament, des de la nostra posici\u00f3 privilegiada, podem aprendre els coneixements relacionats i<\/span><\/div>\n<div style=\"font-size: 12.8px;\"><span style=\"font-size: 10pt; font-family: verdana, geneva;\">vehicular-los des de la transversalitat per tal de promocionar futures persones sense por a viure i que s\u00e0piguen afrontar<\/span><\/div>\n<div style=\"font-size: 12.8px;\"><span style=\"font-size: 10pt; font-family: verdana, geneva;\">el sentiment de p\u00e9rdua i posicionar-se davant la mort.<\/span><\/div>\n<div style=\"font-size: 12.8px;\"><\/div>\n<div style=\"font-size: 12.8px;\"><span style=\"font-family: verdana, geneva; font-size: 10pt;\">Per aix\u00f2 en els nostres tallers d&#8217;ART I ABS\u00caNCIA us oferim treballar:<\/span><\/div>\n<div style=\"font-size: 12.8px;\"><span style=\"font-size: 10pt; font-family: verdana, geneva;\">&#8220;L&#8217;art de viure i veure l&#8217;abs\u00e8ncia&#8221; \u00a0Curs de 15 hores presencials i 5 no presencials<\/span><\/div>\n<div style=\"font-size: 12.8px;\"><span style=\"font-size: 10pt; font-family: verdana, geneva;\">&#8211; Coneixement de les emocions implicades.\u00a0<\/span><\/div>\n<div style=\"font-size: 12.8px;\"><span style=\"font-family: verdana, geneva; font-size: 10pt;\">&#8211; El vincle i la p\u00e8rdua.<\/span><\/div>\n<div style=\"font-size: 12.8px;\"><span style=\"font-family: verdana, geneva; font-size: 10pt;\">&#8211; Acompanyament en el dol.<\/span><\/div>\n<div style=\"font-size: 12.8px;\"><span style=\"font-family: verdana, geneva; font-size: 10pt;\">&#8211; Pedagogia de la vida i de la mort.<\/span><\/div>\n<div style=\"font-size: 12.8px;\"><span style=\"font-family: verdana, geneva; font-size: 10pt;\">&#8211; Pedagogia del dol.<\/span><\/div>\n<div style=\"font-size: 12.8px;\"><span style=\"font-family: verdana, geneva; font-size: 10pt;\">&#8211; Recursos per a la elaboraci\u00f3 de les p\u00e8rdues i el dol en la infantesa i la adolesc\u00e8ncia.<\/span><\/div>\n<\/div>\n<div style=\"font-family: Calibri, Arial, Helvetica, sans-serif; font-size: 12.8px;\"><\/div>\n<div style=\"font-family: Calibri, Arial, Helvetica, sans-serif; font-size: 12.8px;\"><span style=\"font-size: 10pt; font-family: verdana, geneva;\">Salutacions,<\/span><\/div>\n<div style=\"font-family: Calibri, Arial, Helvetica, sans-serif; font-size: 16px;\">\n<p>&nbsp;<\/p>\n<div>\n<div dir=\"ltr\">\n<div dir=\"ltr\">\n<div dir=\"ltr\">\n<div><span style=\"color: #0b5394; font-size: 10pt; font-family: verdana, geneva;\"><b><img loading=\"lazy\" decoding=\"async\" class=\"CToWUd\" src=\"https:\/\/ci5.googleusercontent.com\/proxy\/JvSZ_Wo28AWJ-6Lqrf1xGqGij0itCacaMOat3jH5SR0x9XC_K2USiHdMDCsD8w_UpFYS-DnSTFDMIAoiOX75JyiMKpg8VbSVLvJvVAO0Rr7NyoDSCza-AjXnjAszGvyEqElWx1bvKH7RfZ_H3khoWHKNzTE9VCs0Bnl0oC7RYxoG0eCW3qwK43iz2JU__JKKpZHEd-FAoqc1WTc=s0-d-e1-ft#https:\/\/docs.google.com\/uc?export=download&amp;id=0B8wWCMBq_0g0Wm9yRWZycjB2emM&amp;revid=0B8wWCMBq_0g0cFV6bGlGQUN5WGdqb1hXMncyRVZnWUFKVjNNPQ\" width=\"96\" height=\"74\" \/><br \/>\n<\/b><\/span><\/div>\n<div><span style=\"color: #0b5394; font-size: 10pt; font-family: verdana, geneva;\"><b>\u00a0<\/b><\/span><\/div>\n<div><span style=\"color: #0b5394; font-size: 10pt; font-family: verdana, geneva;\"><b>AVES<\/b><\/span><\/div>\n<div><span style=\"font-size: 10pt; font-family: verdana, geneva;\">Av. Diagonal, 512, 1r 2a<\/span><\/div>\n<div><span style=\"font-size: 10pt; font-family: verdana, geneva;\">08006 Barcelona<\/span><\/div>\n<div><span style=\"font-size: 10pt; font-family: verdana, geneva;\">932171150<\/span><\/div>\n<\/div>\n<\/div>\n<\/div>\n<\/div>\n<\/div>\n","protected":false},"excerpt":{"rendered":"<p>Les p\u00e8rdues i el dol en el context educatiu. Curs de 20 hores adre\u00e7at a totes les persones interessades en con\u00e8ixer tenir recursos per reelaborar les pr\u00f2pies p\u00e8rdues i el dol dels nens i nenes i els joves amb els que conviuen ( a casa, a l&#8217;escola&#8230;).<\/p>\n","protected":false},"author":1,"featured_media":4301,"comment_status":"open","ping_status":"open","sticky":false,"template":"","format":"standard","meta":{"_bbp_topic_count":0,"_bbp_reply_count":0,"_bbp_total_topic_count":0,"_bbp_total_reply_count":0,"_bbp_voice_count":0,"_bbp_anonymous_reply_count":0,"_bbp_topic_count_hidden":0,"_bbp_reply_count_hidden":0,"_bbp_forum_subforum_count":0,"site-sidebar-layout":"default","site-content-layout":"","ast-site-content-layout":"","site-content-style":"default","site-sidebar-style":"default","ast-global-header-display":"","ast-banner-title-visibility":"","ast-main-header-display":"","ast-hfb-above-header-display":"","ast-hfb-below-header-display":"","ast-hfb-mobile-header-display":"","site-post-title":"","ast-breadcrumbs-content":"","ast-featured-img":"","footer-sml-layout":"","theme-transparent-header-meta":"","adv-header-id-meta":"","stick-header-meta":"","header-above-stick-meta":"","header-main-stick-meta":"","header-below-stick-meta":"","astra-migrate-meta-layouts":"default","ast-page-background-enabled":"default","ast-page-background-meta":{"desktop":{"background-color":"var(--ast-global-color-4)","background-image":"","background-repeat":"repeat","background-position":"center center","background-size":"auto","background-attachment":"scroll","background-type":"","background-media":"","overlay-type":"","overlay-color":"","overlay-opacity":"","overlay-gradient":""},"tablet":{"background-color":"","background-image":"","background-repeat":"repeat","background-position":"center center","background-size":"auto","background-attachment":"scroll","background-type":"","background-media":"","overlay-type":"","overlay-color":"","overlay-opacity":"","overlay-gradient":""},"mobile":{"background-color":"","background-image":"","background-repeat":"repeat","background-position":"center center","background-size":"auto","background-attachment":"scroll","background-type":"","background-media":"","overlay-type":"","overlay-color":"","overlay-opacity":"","overlay-gradient":""}},"ast-content-background-meta":{"desktop":{"background-color":"var(--ast-global-color-5)","background-image":"","background-repeat":"repeat","background-position":"center center","background-size":"auto","background-attachment":"scroll","background-type":"","background-media":"","overlay-type":"","overlay-color":"","overlay-opacity":"","overlay-gradient":""},"tablet":{"background-color":"var(--ast-global-color-5)","background-image":"","background-repeat":"repeat","background-position":"center center","background-size":"auto","background-attachment":"scroll","background-type":"","background-media":"","overlay-type":"","overlay-color":"","overlay-opacity":"","overlay-gradient":""},"mobile":{"background-color":"var(--ast-global-color-5)","background-image":"","background-repeat":"repeat","background-position":"center center","background-size":"auto","background-attachment":"scroll","background-type":"","background-media":"","overlay-type":"","overlay-color":"","overlay-opacity":"","overlay-gradient":""}},"footnotes":""},"categories":[63,1,29,76],"tags":[205,208],"class_list":["post-3881","post","type-post","status-publish","format-standard","has-post-thumbnail","hentry","category-catalegs-tematics","category-general","category-portada","category-recursos","tag-intraweb","tag-noticies"],"post_mailing_queue_ids":[],"_links":{"self":[{"href":"https:\/\/serveiseducatius.xtec.cat\/badalona\/wp-json\/wp\/v2\/posts\/3881","targetHints":{"allow":["GET"]}}],"collection":[{"href":"https:\/\/serveiseducatius.xtec.cat\/badalona\/wp-json\/wp\/v2\/posts"}],"about":[{"href":"https:\/\/serveiseducatius.xtec.cat\/badalona\/wp-json\/wp\/v2\/types\/post"}],"author":[{"embeddable":true,"href":"https:\/\/serveiseducatius.xtec.cat\/badalona\/wp-json\/wp\/v2\/users\/1"}],"replies":[{"embeddable":true,"href":"https:\/\/serveiseducatius.xtec.cat\/badalona\/wp-json\/wp\/v2\/comments?post=3881"}],"version-history":[{"count":2,"href":"https:\/\/serveiseducatius.xtec.cat\/badalona\/wp-json\/wp\/v2\/posts\/3881\/revisions"}],"predecessor-version":[{"id":4302,"href":"https:\/\/serveiseducatius.xtec.cat\/badalona\/wp-json\/wp\/v2\/posts\/3881\/revisions\/4302"}],"wp:featuredmedia":[{"embeddable":true,"href":"https:\/\/serveiseducatius.xtec.cat\/badalona\/wp-json\/wp\/v2\/media\/4301"}],"wp:attachment":[{"href":"https:\/\/serveiseducatius.xtec.cat\/badalona\/wp-json\/wp\/v2\/media?parent=3881"}],"wp:term":[{"taxonomy":"category","embeddable":true,"href":"https:\/\/serveiseducatius.xtec.cat\/badalona\/wp-json\/wp\/v2\/categories?post=3881"},{"taxonomy":"post_tag","embeddable":true,"href":"https:\/\/serveiseducatius.xtec.cat\/badalona\/wp-json\/wp\/v2\/tags?post=3881"}],"curies":[{"name":"wp","href":"https:\/\/api.w.org\/{rel}","templated":true}]}}