{"id":27882,"date":"2026-06-12T15:00:08","date_gmt":"2026-06-12T13:00:08","guid":{"rendered":"https:\/\/serveiseducatius.xtec.cat\/badalona\/?p=27882"},"modified":"2026-06-12T15:00:59","modified_gmt":"2026-06-12T13:00:59","slug":"16a-marato-de-radio-escolar-de-badalona-compartint-veus-construint-comunitat","status":"publish","type":"post","link":"https:\/\/serveiseducatius.xtec.cat\/badalona\/general\/16a-marato-de-radio-escolar-de-badalona-compartint-veus-construint-comunitat\/","title":{"rendered":"16a Marat\u00f3 de R\u00e0dio escolar de Badalona: compartint veus, construint comunitat"},"content":{"rendered":"\n<figure class=\"wp-block-image alignright size-large is-resized\"><img loading=\"lazy\" decoding=\"async\" width=\"724\" height=\"1024\" src=\"https:\/\/serveiseducatius.xtec.cat\/badalona\/wp-content\/uploads\/usu1088\/2026\/06\/XVI-Marato-de-Radio-de-Badalona-4-724x1024.png\" alt=\"\" class=\"wp-image-27888\" style=\"width:300px;height:auto\" srcset=\"https:\/\/serveiseducatius.xtec.cat\/badalona\/wp-content\/uploads\/usu1088\/2026\/06\/XVI-Marato-de-Radio-de-Badalona-4-724x1024.png 724w, https:\/\/serveiseducatius.xtec.cat\/badalona\/wp-content\/uploads\/usu1088\/2026\/06\/XVI-Marato-de-Radio-de-Badalona-4-212x300.png 212w, https:\/\/serveiseducatius.xtec.cat\/badalona\/wp-content\/uploads\/usu1088\/2026\/06\/XVI-Marato-de-Radio-de-Badalona-4-768x1086.png 768w, https:\/\/serveiseducatius.xtec.cat\/badalona\/wp-content\/uploads\/usu1088\/2026\/06\/XVI-Marato-de-Radio-de-Badalona-4-1086x1536.png 1086w, https:\/\/serveiseducatius.xtec.cat\/badalona\/wp-content\/uploads\/usu1088\/2026\/06\/XVI-Marato-de-Radio-de-Badalona-4.png 1414w\" sizes=\"auto, (max-width: 724px) 100vw, 724px\" \/><\/figure>\n\n\n\n<p>El divendres 29 de maig vam gaudir d\u2019una jornada molt especial amb la <strong>celebraci\u00f3 de la XVI Marat\u00f3 de R\u00e0dio Escolar de Badalona<\/strong>, una edici\u00f3 compartint veus i construint comunitat.<\/p>\n\n\n\n<p>En aquesta jornada, han participat un total de <strong>19 centres i una fundaci\u00f3, aportant 33 programes radiof\u00f2nics, 10 dels quals es van emetre en directe<\/strong> des de la sala d&#8217;actes de l&#8217;Institut Eugeni d&#8217;Ors.<\/p>\n\n\n\n<p>Enguany, hi han pres part els centres: <strong>Escola Arrels Esperan\u00e7a, Escola Baldiri Reixac,  Escola Estalella i Graells, Institut Enric Borr\u00e0s, Institut Eugeni d&#8217;Ors, Escola Feliu i Vegu\u00e9s, Escola Garb\u00ed Pere Verg\u00e9s, Escola Gitanjali, Institut Escola Tur\u00f3 d&#8217;en Caritg, Escola Joan Coret, Escola Joan Mir\u00f3, Escola Josep Boada, Col\u00b7legi Lestonnac, Institut La Riera, CEE Maregassa, Institut Pompeu Fabra, Escola Pau Picasso, Col\u00b7legi Ramiro de Maeztu, Salesians Badalona i Fundaci\u00f3 Ateneu Sant Roc<\/strong>. A tots ells, volem expressar el nostre m\u00e9s sincer agra\u00efment pel seu esfor\u00e7, dedicaci\u00f3 i la feina feta.<\/p>\n\n\n\n<p>Com cada any, vam gaudir d&#8217;un magn\u00edfic equip de presentadors. Aquest any l&#8217;equip va estar format per alumnat de l&#8217;Institut Eugeni d&#8217;Ors de Badalona i per l&#8217;alumnat de l&#8217;escola Estalella i Graells de Vilafranca del Pened\u00e8s. A m\u00e9s, i vam comptar amb la col\u00b7laboraci\u00f3 d&#8217;un alumne de l&#8217;Institut Eugeni d&#8217;Ors fent de realitzador de les entrevistes en directe. <\/p>\n\n\n\n<figure class=\"wp-block-image alignleft size-large is-resized\"><img loading=\"lazy\" decoding=\"async\" width=\"1024\" height=\"572\" src=\"https:\/\/serveiseducatius.xtec.cat\/badalona\/wp-content\/uploads\/usu1088\/2026\/06\/gitanjali-1024x572.png\" alt=\"\" class=\"wp-image-27885\" style=\"width:535px;height:auto\" srcset=\"https:\/\/serveiseducatius.xtec.cat\/badalona\/wp-content\/uploads\/usu1088\/2026\/06\/gitanjali-1024x572.png 1024w, https:\/\/serveiseducatius.xtec.cat\/badalona\/wp-content\/uploads\/usu1088\/2026\/06\/gitanjali-300x167.png 300w, https:\/\/serveiseducatius.xtec.cat\/badalona\/wp-content\/uploads\/usu1088\/2026\/06\/gitanjali-768x429.png 768w, https:\/\/serveiseducatius.xtec.cat\/badalona\/wp-content\/uploads\/usu1088\/2026\/06\/gitanjali.png 1329w\" sizes=\"auto, (max-width: 1024px) 100vw, 1024px\" \/><\/figure>\n\n\n\n<p>Durant la jornada vam viure dos moments molt destacats. El primer ben aviat, on l&#8217;alumnat de l&#8217;<strong>escola Gitanjali, del CEE Maregassa i de l&#8217;Institut Pompeu Fabra<\/strong>, van tenir l&#8217;honor d&#8217;<strong>entrevistar en directe al dibuixant de c\u00f2mics Albert Monteys<\/strong>. Va ser una <strong>entrevista col\u00b7laborativa<\/strong>, on van  aprendre moltes coses del m\u00f3n del c\u00f2mic i la il\u00b7lustraci\u00f3. <\/p>\n\n\n\n<figure class=\"wp-block-image alignright size-large is-resized\"><img loading=\"lazy\" decoding=\"async\" width=\"1024\" height=\"571\" src=\"https:\/\/serveiseducatius.xtec.cat\/badalona\/wp-content\/uploads\/usu1088\/2026\/06\/Estalella-1024x571.png\" alt=\"\" class=\"wp-image-27884\" style=\"width:516px;height:auto\" srcset=\"https:\/\/serveiseducatius.xtec.cat\/badalona\/wp-content\/uploads\/usu1088\/2026\/06\/Estalella-1024x571.png 1024w, https:\/\/serveiseducatius.xtec.cat\/badalona\/wp-content\/uploads\/usu1088\/2026\/06\/Estalella-300x167.png 300w, https:\/\/serveiseducatius.xtec.cat\/badalona\/wp-content\/uploads\/usu1088\/2026\/06\/Estalella-768x428.png 768w, https:\/\/serveiseducatius.xtec.cat\/badalona\/wp-content\/uploads\/usu1088\/2026\/06\/Estalella.png 1329w\" sizes=\"auto, (max-width: 1024px) 100vw, 1024px\" \/><\/figure>\n\n\n\n<p><\/p>\n\n\n\n<p>El segon moment destacat va ser l&#8217;entrevista que van realitzar l&#8217;alumnat de l&#8217;<strong>escola Pau Picasso i l&#8217;Institut La Riera a l&#8217;alumnat de l&#8217;escola Estalella i Graells de Vilafranca del Pened\u00e8s<\/strong>. L&#8217;escola Estalella i Graells participa cada any des de fa molts, a la Marat\u00f3 de R\u00e0dio de Badalona emetent en directe des del seu centre. Aquesta vegada, s&#8217;han despla\u00e7at fins a Badalona i l&#8217;alumnat dels centres badalonins els ha pogut entrevistar i con\u00e8ixer com \u00e9s el seu projecte de r\u00e0dio escolar.  Aquesta entrevista col\u00b7laborativa, va ser moderada per en <strong>Pitu Mart\u00ednez<\/strong>, referent a les ones escolars a Catalunya.<\/p>\n\n\n\n<figure class=\"wp-block-image alignleft size-large is-resized\"><img loading=\"lazy\" decoding=\"async\" width=\"1024\" height=\"768\" src=\"https:\/\/serveiseducatius.xtec.cat\/badalona\/wp-content\/uploads\/usu1088\/2026\/06\/IMG_20260612_100953_927-1024x768.jpg\" alt=\"\" class=\"wp-image-27887\" style=\"width:533px;height:auto\" srcset=\"https:\/\/serveiseducatius.xtec.cat\/badalona\/wp-content\/uploads\/usu1088\/2026\/06\/IMG_20260612_100953_927-1024x768.jpg 1024w, https:\/\/serveiseducatius.xtec.cat\/badalona\/wp-content\/uploads\/usu1088\/2026\/06\/IMG_20260612_100953_927-300x225.jpg 300w, https:\/\/serveiseducatius.xtec.cat\/badalona\/wp-content\/uploads\/usu1088\/2026\/06\/IMG_20260612_100953_927-768x576.jpg 768w, https:\/\/serveiseducatius.xtec.cat\/badalona\/wp-content\/uploads\/usu1088\/2026\/06\/IMG_20260612_100953_927.jpg 1280w\" sizes=\"auto, (max-width: 1024px) 100vw, 1024px\" \/><\/figure>\n\n\n\n<p>Aquest any hem viscut diferents novetats en l&#8217;emissi\u00f3 i l&#8217;elaboraci\u00f3 de la Marat\u00f3. L&#8217;alumnat de m\u00fasica de l&#8217;<strong>Institut Eugeni d&#8217;Ors<\/strong> ens va oferir dues <strong>melodies <\/strong>que han servit de sintonia a les falques que han elaborat els<strong> companys i companyes de l&#8217;equip LIC del Servei Educatiu de Badalona<\/strong>. A m\u00e9s, i seguint la l\u00ednia del curs passat d&#8217;emetre en v\u00eddeo les emissions en directe, s&#8217;ha afegit una nova c\u00e0mera i s&#8217;ha tingut la figura d&#8217;un<strong> alumne fent de realitzador d&#8217;imatge<\/strong>. Creiem que aquesta proposta enriqueix m\u00e9s l&#8217;experi\u00e8ncia comunicativa de la Marat\u00f3. Tamb\u00e9 vam gaudir de <strong>concerts en directe<\/strong>, de la pres\u00e8ncia d&#8217;alumnat de <strong>p\u00fablic<\/strong> durant les diferents emissions i d&#8217;una m\u00e9s que bonica <strong>ambientaci\u00f3 de l&#8217;espai<\/strong>.<\/p>\n\n\n\n<p>Volem aprofitar aquest article per donar les <strong>gr\u00e0cies a totes les persones que han fet i heu fet possible aquesta Marat\u00f3<\/strong>, en especial a l&#8217;alumnat, el professorat, a en Salvi Canadell i a en Joan de Gr\u00e0cia del Departament d&#8217;Educaci\u00f3 i Formaci\u00f3 Professional. Gr\u00e0cies de nou a tots i totes.<\/p>\n\n\n\n<p>Si no la vau poder seguir en directe, la podeu escoltar\u00a0<a href=\"https:\/\/www.youtube.com\/watch?v=iHH8li2HoTY&amp;t=1581s\" target=\"_blank\" rel=\"noreferrer noopener\">aqu\u00ed<\/a>. I podeu trobar les marques de temps amb els diferents programes.<\/p>\n\n\n\n<figure class=\"wp-block-embed is-type-video is-provider-youtube wp-block-embed-youtube wp-embed-aspect-16-9 wp-has-aspect-ratio\"><div class=\"wp-block-embed__wrapper\">\n<div class=\"ast-oembed-container \" style=\"height: 100%;\"><iframe loading=\"lazy\" title=\"16a Marat\u00f3 de R\u00e0dio de Badalona. 29 de maig del 2026\" width=\"500\" height=\"281\" src=\"https:\/\/www.youtube.com\/embed\/iHH8li2HoTY?start=3185&#038;feature=oembed\" frameborder=\"0\" allow=\"accelerometer; autoplay; clipboard-write; encrypted-media; gyroscope; picture-in-picture; web-share\" referrerpolicy=\"strict-origin-when-cross-origin\" allowfullscreen><\/iframe><\/div>\n<\/div><\/figure>\n\n\n\n<p>Ens retrobem el curs vinent!<\/p>\n\n\n\n<figure class=\"wp-block-image aligncenter size-full is-resized\"><img loading=\"lazy\" decoding=\"async\" width=\"688\" height=\"925\" src=\"https:\/\/serveiseducatius.xtec.cat\/badalona\/wp-content\/uploads\/usu1088\/2026\/06\/albert.png\" alt=\"\" class=\"wp-image-27889\" style=\"width:377px;height:auto\" srcset=\"https:\/\/serveiseducatius.xtec.cat\/badalona\/wp-content\/uploads\/usu1088\/2026\/06\/albert.png 688w, https:\/\/serveiseducatius.xtec.cat\/badalona\/wp-content\/uploads\/usu1088\/2026\/06\/albert-223x300.png 223w\" sizes=\"auto, (max-width: 688px) 100vw, 688px\" \/><\/figure>\n\n\n\n<p>L&#8217;equip del CRP Ciutat de Badalona<\/p>\n\n\n\n<p><\/p>\n","protected":false},"excerpt":{"rendered":"<p>El divendres 29 de maig vam gaudir d\u2019una jornada molt especial amb la celebraci\u00f3 de la XVI Marat\u00f3 de R\u00e0dio [&hellip;]<\/p>\n","protected":false},"author":49,"featured_media":27886,"comment_status":"closed","ping_status":"open","sticky":false,"template":"","format":"standard","meta":{"_bbp_topic_count":0,"_bbp_reply_count":0,"_bbp_total_topic_count":0,"_bbp_total_reply_count":0,"_bbp_voice_count":0,"_bbp_anonymous_reply_count":0,"_bbp_topic_count_hidden":0,"_bbp_reply_count_hidden":0,"_bbp_forum_subforum_count":0,"site-sidebar-layout":"default","site-content-layout":"","ast-site-content-layout":"default","site-content-style":"default","site-sidebar-style":"default","ast-global-header-display":"","ast-banner-title-visibility":"","ast-main-header-display":"","ast-hfb-above-header-display":"","ast-hfb-below-header-display":"","ast-hfb-mobile-header-display":"","site-post-title":"","ast-breadcrumbs-content":"","ast-featured-img":"","footer-sml-layout":"","theme-transparent-header-meta":"","adv-header-id-meta":"","stick-header-meta":"","header-above-stick-meta":"","header-main-stick-meta":"","header-below-stick-meta":"","astra-migrate-meta-layouts":"set","ast-page-background-enabled":"default","ast-page-background-meta":{"desktop":{"background-color":"var(--ast-global-color-4)","background-image":"","background-repeat":"repeat","background-position":"center center","background-size":"auto","background-attachment":"scroll","background-type":"","background-media":"","overlay-type":"","overlay-color":"","overlay-opacity":"","overlay-gradient":""},"tablet":{"background-color":"","background-image":"","background-repeat":"repeat","background-position":"center center","background-size":"auto","background-attachment":"scroll","background-type":"","background-media":"","overlay-type":"","overlay-color":"","overlay-opacity":"","overlay-gradient":""},"mobile":{"background-color":"","background-image":"","background-repeat":"repeat","background-position":"center center","background-size":"auto","background-attachment":"scroll","background-type":"","background-media":"","overlay-type":"","overlay-color":"","overlay-opacity":"","overlay-gradient":""}},"ast-content-background-meta":{"desktop":{"background-color":"var(--ast-global-color-5)","background-image":"","background-repeat":"repeat","background-position":"center center","background-size":"auto","background-attachment":"scroll","background-type":"","background-media":"","overlay-type":"","overlay-color":"","overlay-opacity":"","overlay-gradient":""},"tablet":{"background-color":"var(--ast-global-color-5)","background-image":"","background-repeat":"repeat","background-position":"center center","background-size":"auto","background-attachment":"scroll","background-type":"","background-media":"","overlay-type":"","overlay-color":"","overlay-opacity":"","overlay-gradient":""},"mobile":{"background-color":"var(--ast-global-color-5)","background-image":"","background-repeat":"repeat","background-position":"center center","background-size":"auto","background-attachment":"scroll","background-type":"","background-media":"","overlay-type":"","overlay-color":"","overlay-opacity":"","overlay-gradient":""}},"footnotes":""},"categories":[2227,66,1,330,29],"tags":[37,706,2252],"class_list":["post-27882","post","type-post","status-publish","format-standard","has-post-thumbnail","hentry","category-audiovisuals","category-dinamitzacio","category-general","category-marato-de-radio","category-portada","tag-audiovisuals","tag-marato","tag-radio-2"],"post_mailing_queue_ids":[],"_links":{"self":[{"href":"https:\/\/serveiseducatius.xtec.cat\/badalona\/wp-json\/wp\/v2\/posts\/27882","targetHints":{"allow":["GET"]}}],"collection":[{"href":"https:\/\/serveiseducatius.xtec.cat\/badalona\/wp-json\/wp\/v2\/posts"}],"about":[{"href":"https:\/\/serveiseducatius.xtec.cat\/badalona\/wp-json\/wp\/v2\/types\/post"}],"author":[{"embeddable":true,"href":"https:\/\/serveiseducatius.xtec.cat\/badalona\/wp-json\/wp\/v2\/users\/49"}],"replies":[{"embeddable":true,"href":"https:\/\/serveiseducatius.xtec.cat\/badalona\/wp-json\/wp\/v2\/comments?post=27882"}],"version-history":[{"count":4,"href":"https:\/\/serveiseducatius.xtec.cat\/badalona\/wp-json\/wp\/v2\/posts\/27882\/revisions"}],"predecessor-version":[{"id":27893,"href":"https:\/\/serveiseducatius.xtec.cat\/badalona\/wp-json\/wp\/v2\/posts\/27882\/revisions\/27893"}],"wp:featuredmedia":[{"embeddable":true,"href":"https:\/\/serveiseducatius.xtec.cat\/badalona\/wp-json\/wp\/v2\/media\/27886"}],"wp:attachment":[{"href":"https:\/\/serveiseducatius.xtec.cat\/badalona\/wp-json\/wp\/v2\/media?parent=27882"}],"wp:term":[{"taxonomy":"category","embeddable":true,"href":"https:\/\/serveiseducatius.xtec.cat\/badalona\/wp-json\/wp\/v2\/categories?post=27882"},{"taxonomy":"post_tag","embeddable":true,"href":"https:\/\/serveiseducatius.xtec.cat\/badalona\/wp-json\/wp\/v2\/tags?post=27882"}],"curies":[{"name":"wp","href":"https:\/\/api.w.org\/{rel}","templated":true}]}}