{"id":27253,"date":"2026-02-24T16:43:24","date_gmt":"2026-02-24T15:43:24","guid":{"rendered":"https:\/\/serveiseducatius.xtec.cat\/badalona\/?p=27253"},"modified":"2026-02-24T16:43:24","modified_gmt":"2026-02-24T15:43:24","slug":"sessio-oberta-del-programa-en-residencia-artistes-als-instituts","status":"publish","type":"post","link":"https:\/\/serveiseducatius.xtec.cat\/badalona\/general\/sessio-oberta-del-programa-en-residencia-artistes-als-instituts\/","title":{"rendered":"Sessi\u00f3 Oberta del programa &#8220;En RESiD\u00c8NCiA. Artistes als instituts&#8221;"},"content":{"rendered":"<p style=\"text-align: left;\"><span style=\"font-size: 12pt;\"><span class=\"institut\"><img loading=\"lazy\" decoding=\"async\" class=\"wp-image-27257 alignleft\" src=\"https:\/\/serveiseducatius.xtec.cat\/badalona\/wp-content\/uploads\/usu1088\/2026\/02\/672be950-00e8-490a-9e10-dfcae8d08140-300x225.jpg\" alt=\"\" width=\"436\" height=\"327\" srcset=\"https:\/\/serveiseducatius.xtec.cat\/badalona\/wp-content\/uploads\/usu1088\/2026\/02\/672be950-00e8-490a-9e10-dfcae8d08140-300x225.jpg 300w, https:\/\/serveiseducatius.xtec.cat\/badalona\/wp-content\/uploads\/usu1088\/2026\/02\/672be950-00e8-490a-9e10-dfcae8d08140-1024x768.jpg 1024w, https:\/\/serveiseducatius.xtec.cat\/badalona\/wp-content\/uploads\/usu1088\/2026\/02\/672be950-00e8-490a-9e10-dfcae8d08140-768x576.jpg 768w, https:\/\/serveiseducatius.xtec.cat\/badalona\/wp-content\/uploads\/usu1088\/2026\/02\/672be950-00e8-490a-9e10-dfcae8d08140-1536x1152.jpg 1536w, https:\/\/serveiseducatius.xtec.cat\/badalona\/wp-content\/uploads\/usu1088\/2026\/02\/672be950-00e8-490a-9e10-dfcae8d08140.jpg 2000w\" sizes=\"auto, (max-width: 436px) 100vw, 436px\" \/><img loading=\"lazy\" decoding=\"async\" class=\" wp-image-27254 alignleft\" src=\"https:\/\/serveiseducatius.xtec.cat\/badalona\/wp-content\/uploads\/usu1088\/2026\/02\/d08407db-1c0f-43f0-80fe-3a71a96c7686-225x300.jpg\" alt=\"\" width=\"246\" height=\"328\" srcset=\"https:\/\/serveiseducatius.xtec.cat\/badalona\/wp-content\/uploads\/usu1088\/2026\/02\/d08407db-1c0f-43f0-80fe-3a71a96c7686-225x300.jpg 225w, https:\/\/serveiseducatius.xtec.cat\/badalona\/wp-content\/uploads\/usu1088\/2026\/02\/d08407db-1c0f-43f0-80fe-3a71a96c7686-768x1024.jpg 768w, https:\/\/serveiseducatius.xtec.cat\/badalona\/wp-content\/uploads\/usu1088\/2026\/02\/d08407db-1c0f-43f0-80fe-3a71a96c7686-1152x1536.jpg 1152w, https:\/\/serveiseducatius.xtec.cat\/badalona\/wp-content\/uploads\/usu1088\/2026\/02\/d08407db-1c0f-43f0-80fe-3a71a96c7686.jpg 1536w\" sizes=\"auto, (max-width: 246px) 100vw, 246px\" \/> \u00a0<\/span><\/span>Avui ha tingut lloc la Sessi\u00f3 Oberta del programa &#8220;En RESiD\u00c8NCiA. Artistes als instituts&#8221; a dos centres de la ciutat.<\/p>\n<p>Aquesta iniciativa estableix un <strong>vincle directe entre la creaci\u00f3 art\u00edstica contempor\u00e0nia i l&#8217;educaci\u00f3 secund\u00e0ria<\/strong>, integrant creadors professionals dins de les aules dels instituts. Mitjan\u00e7ant aquest model d&#8217;aprenentatge, els i les estudiants participen activament en el proc\u00e9s creatiu al costat de l&#8217;autor per fomentar la seva sensibilitat i capacitat cr\u00edtica.<\/p>\n<p>El prop\u00f2sit central del programa \u00e9s utilitzar el binomi\u00a0<strong>educaci\u00f3 i cultura<\/strong>\u00a0com una eina de transformaci\u00f3 social que estimuli la innovaci\u00f3 i el desenvolupament personal dels joves. Aquesta col\u00b7laboraci\u00f3 institucional busca, en darrera inst\u00e0ncia, consolidar\u00a0<strong>nous contextos de creaci\u00f3<\/strong>\u00a0que apropin l&#8217;art actual a les futures generacions d&#8217;una manera participativa i reflexiva.<\/p>\n<p>Durant els mesos de gener i febrer, i coincidint amb una fase de m\u00e9s concreci\u00f3 dels processos de creaci\u00f3, a cada institut participant ha tingut lloc una sessi\u00f3 orientada a compartir l&#8217;estat actual i l&#8217;horitz\u00f3 de la resid\u00e8ncia junt amb l&#8217;equip docent del centre. Es tracta de sessions que tenen un objectiu doble: comunicar el proc\u00e9s de la resid\u00e8ncia al professorat de l&#8217;institut i establir tota mena de col\u00b7laboracions amb vista que la resid\u00e8ncia s&#8217;expandeixi per tot el centre.<\/p>\n<p><span style=\"font-size: 12pt;\"><span class=\"autor\">En <strong>Jaume Clotet <\/strong><\/span>amb l&#8217;equip de mediaci\u00f3 art\u00edstica,\u00a0 l&#8217;alumnat i els docents de l&#8217;<strong>Institut <\/strong><span class=\"institut\"><strong>Barres i Ones<\/strong> han preparat una proposta art\u00edstica perform\u00e0tica per estacions fent participar als assistents del proc\u00e9s sobre el que estan reflexionant. Mentre que en <\/span><\/span><span style=\"font-size: 12pt;\"><span class=\"autor\"><strong>V\u00edctor Jaenada<\/strong>\u00a0amb l&#8217;equip de mediaci\u00f3 art\u00edstica, l&#8217;alumnat i docents de<\/span>\u00a0l&#8217;<strong>Institut\u00a0<\/strong><span class=\"institut\"><strong>Pompeu Fabra<\/strong> han treballat sobre el flamenc\u00a0i la posada en escena de &#8220;La casa de Bernarda Alba&#8221;. Han constru\u00eft els personatges i els han mostrat de forma sint\u00e8tica i personal.<\/span><\/span><\/p>\n<p>La documentaci\u00f3 del proc\u00e9s de creaci\u00f3 i la mostra davant de p\u00fablic a mig proc\u00e9s de les obres suposa una ocasi\u00f3 privilegiada per assistir al desenvolupament de projectes art\u00edstics . El fet de partir de la necessitat de transmissi\u00f3, a m\u00e9s, ha comportat una reflexi\u00f3 particular per part dels mateixos artistes sobre els seus m\u00e8todes i modes de creaci\u00f3.<\/p>\n<p style=\"text-align: center;\"><span style=\"font-size: 12pt;\"><span class=\"institut\">\u00a0 \u00a0<img loading=\"lazy\" decoding=\"async\" class=\"alignnone size-medium wp-image-27255\" src=\"https:\/\/serveiseducatius.xtec.cat\/badalona\/wp-content\/uploads\/usu1088\/2026\/02\/f9be9a6f-a94c-45cf-a504-2b939c66cb3e-225x300.jpg\" alt=\"\" width=\"225\" height=\"300\" srcset=\"https:\/\/serveiseducatius.xtec.cat\/badalona\/wp-content\/uploads\/usu1088\/2026\/02\/f9be9a6f-a94c-45cf-a504-2b939c66cb3e-225x300.jpg 225w, https:\/\/serveiseducatius.xtec.cat\/badalona\/wp-content\/uploads\/usu1088\/2026\/02\/f9be9a6f-a94c-45cf-a504-2b939c66cb3e-768x1024.jpg 768w, https:\/\/serveiseducatius.xtec.cat\/badalona\/wp-content\/uploads\/usu1088\/2026\/02\/f9be9a6f-a94c-45cf-a504-2b939c66cb3e-1152x1536.jpg 1152w, https:\/\/serveiseducatius.xtec.cat\/badalona\/wp-content\/uploads\/usu1088\/2026\/02\/f9be9a6f-a94c-45cf-a504-2b939c66cb3e.jpg 1536w\" sizes=\"auto, (max-width: 225px) 100vw, 225px\" \/>\u00a0 \u00a0 <img loading=\"lazy\" decoding=\"async\" class=\"alignnone size-medium wp-image-27256\" src=\"https:\/\/serveiseducatius.xtec.cat\/badalona\/wp-content\/uploads\/usu1088\/2026\/02\/efe0975e-6648-46a8-ad6f-22c9d246a43a-225x300.jpg\" alt=\"\" width=\"225\" height=\"300\" srcset=\"https:\/\/serveiseducatius.xtec.cat\/badalona\/wp-content\/uploads\/usu1088\/2026\/02\/efe0975e-6648-46a8-ad6f-22c9d246a43a-225x300.jpg 225w, https:\/\/serveiseducatius.xtec.cat\/badalona\/wp-content\/uploads\/usu1088\/2026\/02\/efe0975e-6648-46a8-ad6f-22c9d246a43a-768x1024.jpg 768w, https:\/\/serveiseducatius.xtec.cat\/badalona\/wp-content\/uploads\/usu1088\/2026\/02\/efe0975e-6648-46a8-ad6f-22c9d246a43a-1152x1536.jpg 1152w, https:\/\/serveiseducatius.xtec.cat\/badalona\/wp-content\/uploads\/usu1088\/2026\/02\/efe0975e-6648-46a8-ad6f-22c9d246a43a.jpg 1500w\" sizes=\"auto, (max-width: 225px) 100vw, 225px\" \/>\u00a0<\/span><\/span><\/p>\n<p>&nbsp;<\/p>\n","protected":false},"excerpt":{"rendered":"<p>\u00a0Avui ha tingut lloc la Sessi\u00f3 Oberta del programa &#8220;En RESiD\u00c8NCiA. Artistes als instituts&#8221; a dos centres de la ciutat. [&hellip;]<\/p>\n","protected":false},"author":51,"featured_media":27254,"comment_status":"closed","ping_status":"open","sticky":false,"template":"","format":"standard","meta":{"_bbp_topic_count":0,"_bbp_reply_count":0,"_bbp_total_topic_count":0,"_bbp_total_reply_count":0,"_bbp_voice_count":0,"_bbp_anonymous_reply_count":0,"_bbp_topic_count_hidden":0,"_bbp_reply_count_hidden":0,"_bbp_forum_subforum_count":0,"site-sidebar-layout":"default","site-content-layout":"","ast-site-content-layout":"default","site-content-style":"default","site-sidebar-style":"default","ast-global-header-display":"","ast-banner-title-visibility":"","ast-main-header-display":"","ast-hfb-above-header-display":"","ast-hfb-below-header-display":"","ast-hfb-mobile-header-display":"","site-post-title":"","ast-breadcrumbs-content":"","ast-featured-img":"","footer-sml-layout":"","theme-transparent-header-meta":"default","adv-header-id-meta":"","stick-header-meta":"","header-above-stick-meta":"","header-main-stick-meta":"","header-below-stick-meta":"","astra-migrate-meta-layouts":"set","ast-page-background-enabled":"default","ast-page-background-meta":{"desktop":{"background-color":"var(--ast-global-color-4)","background-image":"","background-repeat":"repeat","background-position":"center center","background-size":"auto","background-attachment":"scroll","background-type":"","background-media":"","overlay-type":"","overlay-color":"","overlay-opacity":"","overlay-gradient":""},"tablet":{"background-color":"","background-image":"","background-repeat":"repeat","background-position":"center center","background-size":"auto","background-attachment":"scroll","background-type":"","background-media":"","overlay-type":"","overlay-color":"","overlay-opacity":"","overlay-gradient":""},"mobile":{"background-color":"","background-image":"","background-repeat":"repeat","background-position":"center center","background-size":"auto","background-attachment":"scroll","background-type":"","background-media":"","overlay-type":"","overlay-color":"","overlay-opacity":"","overlay-gradient":""}},"ast-content-background-meta":{"desktop":{"background-color":"var(--ast-global-color-5)","background-image":"","background-repeat":"repeat","background-position":"center center","background-size":"auto","background-attachment":"scroll","background-type":"","background-media":"","overlay-type":"","overlay-color":"","overlay-opacity":"","overlay-gradient":""},"tablet":{"background-color":"var(--ast-global-color-5)","background-image":"","background-repeat":"repeat","background-position":"center center","background-size":"auto","background-attachment":"scroll","background-type":"","background-media":"","overlay-type":"","overlay-color":"","overlay-opacity":"","overlay-gradient":""},"mobile":{"background-color":"var(--ast-global-color-5)","background-image":"","background-repeat":"repeat","background-position":"center center","background-size":"auto","background-attachment":"scroll","background-type":"","background-media":"","overlay-type":"","overlay-color":"","overlay-opacity":"","overlay-gradient":""}},"footnotes":""},"categories":[2230,64,1662,1,29],"tags":[2207,2160],"class_list":["post-27253","post","type-post","status-publish","format-standard","has-post-thumbnail","hentry","category-activitats-dels-ambits-artistic-i-esportiu","category-comunitat","category-experiencies-de-centres","category-general","category-portada","tag-activitats-artistiques","tag-en-residencia"],"post_mailing_queue_ids":[],"_links":{"self":[{"href":"https:\/\/serveiseducatius.xtec.cat\/badalona\/wp-json\/wp\/v2\/posts\/27253","targetHints":{"allow":["GET"]}}],"collection":[{"href":"https:\/\/serveiseducatius.xtec.cat\/badalona\/wp-json\/wp\/v2\/posts"}],"about":[{"href":"https:\/\/serveiseducatius.xtec.cat\/badalona\/wp-json\/wp\/v2\/types\/post"}],"author":[{"embeddable":true,"href":"https:\/\/serveiseducatius.xtec.cat\/badalona\/wp-json\/wp\/v2\/users\/51"}],"replies":[{"embeddable":true,"href":"https:\/\/serveiseducatius.xtec.cat\/badalona\/wp-json\/wp\/v2\/comments?post=27253"}],"version-history":[{"count":6,"href":"https:\/\/serveiseducatius.xtec.cat\/badalona\/wp-json\/wp\/v2\/posts\/27253\/revisions"}],"predecessor-version":[{"id":27265,"href":"https:\/\/serveiseducatius.xtec.cat\/badalona\/wp-json\/wp\/v2\/posts\/27253\/revisions\/27265"}],"wp:featuredmedia":[{"embeddable":true,"href":"https:\/\/serveiseducatius.xtec.cat\/badalona\/wp-json\/wp\/v2\/media\/27254"}],"wp:attachment":[{"href":"https:\/\/serveiseducatius.xtec.cat\/badalona\/wp-json\/wp\/v2\/media?parent=27253"}],"wp:term":[{"taxonomy":"category","embeddable":true,"href":"https:\/\/serveiseducatius.xtec.cat\/badalona\/wp-json\/wp\/v2\/categories?post=27253"},{"taxonomy":"post_tag","embeddable":true,"href":"https:\/\/serveiseducatius.xtec.cat\/badalona\/wp-json\/wp\/v2\/tags?post=27253"}],"curies":[{"name":"wp","href":"https:\/\/api.w.org\/{rel}","templated":true}]}}