{"id":27203,"date":"2026-02-24T17:00:24","date_gmt":"2026-02-24T16:00:24","guid":{"rendered":"https:\/\/serveiseducatius.xtec.cat\/badalona\/?p=27203"},"modified":"2026-02-24T14:22:02","modified_gmt":"2026-02-24T13:22:02","slug":"xiii-jocs-florals-escolars-de-catalunya","status":"publish","type":"post","link":"https:\/\/serveiseducatius.xtec.cat\/badalona\/general\/xiii-jocs-florals-escolars-de-catalunya\/","title":{"rendered":"XIII Jocs Florals Escolars de Catalunya"},"content":{"rendered":"<p><img loading=\"lazy\" decoding=\"async\" class=\"size-full wp-image-27206 alignleft\" src=\"https:\/\/serveiseducatius.xtec.cat\/badalona\/wp-content\/uploads\/usu1088\/2026\/02\/Captura-de-pantalla-2026-02-18-120203-1.jpg\" alt=\"\" width=\"385\" height=\"216\" srcset=\"https:\/\/serveiseducatius.xtec.cat\/badalona\/wp-content\/uploads\/usu1088\/2026\/02\/Captura-de-pantalla-2026-02-18-120203-1.jpg 385w, https:\/\/serveiseducatius.xtec.cat\/badalona\/wp-content\/uploads\/usu1088\/2026\/02\/Captura-de-pantalla-2026-02-18-120203-1-300x168.jpg 300w\" sizes=\"auto, (max-width: 385px) 100vw, 385px\" \/><\/p>\n<p>Convocat\u00f2ria XIII Jocs Florals de Catalunya<\/p>\n<p>El Departament d\u2019Educaci\u00f3 i Formaci\u00f3 Professional convoca els XIII Jocs Florals Escolars de Catalunya amb l\u2019objectiu de promoure l\u2019escriptura tant en prosa com en poesia en infants i joves de sis a divuit anys.<\/p>\n<p>Aquestes s\u00f3n les\u00a0<a href=\"https:\/\/drive.google.com\/file\/d\/1L-i112UB1d_KP305jrOJ08cR6VY5Hes9\/view?usp=drive_link\">bases de participaci\u00f3<\/a>. Com podreu veure hi ha diferents categories per a Ed. Prim\u00e0ria i Ed. Secund\u00e0ria. Disposeu d\u2019un recull de\u00a0<a href=\"https:\/\/xtec.gencat.cat\/ca\/centres\/premis-i-concursos\/jocsflorals\/materials-i-recursos\/\" target=\"_blank\" rel=\"noreferrer noopener\">Material i recursos<\/a>\u00a0que podeu fer servir.<\/p>\n<p>Volem destacar la <strong>categoria H del conte il\u00b7lustrat<\/strong>. Est\u00e0 adre\u00e7ada a tot l\u2019alumnat de prim\u00e0ria. El prop\u00f2sit \u00e9s promoure la creaci\u00f3 liter\u00e0ria potenciant el treball interdisciplinari des de l\u2019\u00e0mbit ling\u00fc\u00edstic, l\u2019\u00e0mbit digital i l\u2019\u00e0mbit art\u00edstic. En el blog\u00a0\u00a0<a href=\"https:\/\/blocs.xtec.cat\/jocsflorals-conteaudiovisual\/projecte\/?_ga=2.94372700.1342445093.1706520847-1481174843.1625572030\" target=\"_blank\" rel=\"noreferrer noopener\">Conte audiovisual il\u00b7lustrat<\/a> \u00a0trobareu una proposta per treballar el conte audiovisual com a projecte de treball interdisciplinari, aix\u00ed com un llistat de recursos d\u2019\u00e0udio i v\u00eddeo. Aquesta categoria t\u00e9 una bases espec\u00edfiques que en breu es publicaran.\u00a0<\/p>\n<p>Els treballs presentats, un per categoria, han de ser:<\/p>\n<ul class=\"wp-block-list\">\n<li>Individuals o col\u00b7lectius a les categories A1, B1, C1, D1, D2, E1 i E2. Si el treball \u00e9s<br \/>\ncol\u00b7lectiu, han de ser m\u00ednim 3 alumnes i m\u00e0xim 5. No s\u2019acceptaran treballs amb un<br \/>\nnombre inferior o superior a aquests m\u00ednim i m\u00e0xim d\u2019alumnes. En el cas de les ZER,<br \/>\ns\u2019acceptaran treballs col\u00b7lectius de 2 alumnes.<\/li>\n<li>Individuals o col\u00b7lectius a les categories A2, B2 i C2. Si el treball \u00e9s col\u00b7lectiu, han de<br \/>\nser m\u00ednim 3 alumnes i m\u00e0xim 5. No s\u2019acceptaran treballs amb un nombre inferior o<br \/>\nsuperior a aquests m\u00ednim i m\u00e0xim d\u2019alumnes. En el cas de les ZER, s\u2019acceptaran<br \/>\ntreballs col\u00b7lectius de 2 alumnes.<\/li>\n<li>Individuals a les categories F1, F2, G1 i G2.<\/li>\n<\/ul>\n<p>Us animem a participar en aquesta edici\u00f3\u200b. El<strong>\u00a0lliurament,\u00a0<\/strong>si voleu participar-hi<strong>,<\/strong>\u00a0s\u2019ha de fer, seguint les indicacions de les bases,\u00a0\u200ba trav\u00e9s del seg\u00fcent\u00a0<a href=\"https:\/\/forms.gle\/2e8rULUBfs1qcF3m8\" target=\"_blank\" rel=\"noopener\"><strong>formulari<\/strong>\u00a0<\/a>abans del<strong> 24 d\u2019abril de 2026<\/strong><\/p>\n<div class=\"wp-block-buttons is-content-justification-center is-layout-flex wp-container-core-buttons-is-layout-1 wp-block-buttons-is-layout-flex\">\n<div class=\"wp-block-button\"><a href=\"https:\/\/forms.gle\/2e8rULUBfs1qcF3m8\" target=\"_blank\" rel=\"noopener\"><strong>Formulari d\u2019inscripci\u00f3 i lliurament<\/strong><\/a><\/div>\n<\/div>\n","protected":false},"excerpt":{"rendered":"<p>Convocat\u00f2ria XIII Jocs Florals de Catalunya El Departament d\u2019Educaci\u00f3 i Formaci\u00f3 Professional convoca els XIII Jocs Florals Escolars de Catalunya [&hellip;]<\/p>\n","protected":false},"author":50,"featured_media":27204,"comment_status":"closed","ping_status":"open","sticky":false,"template":"","format":"standard","meta":{"_bbp_topic_count":0,"_bbp_reply_count":0,"_bbp_total_topic_count":0,"_bbp_total_reply_count":0,"_bbp_voice_count":0,"_bbp_anonymous_reply_count":0,"_bbp_topic_count_hidden":0,"_bbp_reply_count_hidden":0,"_bbp_forum_subforum_count":0,"site-sidebar-layout":"default","site-content-layout":"","ast-site-content-layout":"default","site-content-style":"default","site-sidebar-style":"default","ast-global-header-display":"","ast-banner-title-visibility":"","ast-main-header-display":"","ast-hfb-above-header-display":"","ast-hfb-below-header-display":"","ast-hfb-mobile-header-display":"","site-post-title":"","ast-breadcrumbs-content":"","ast-featured-img":"","footer-sml-layout":"","theme-transparent-header-meta":"default","adv-header-id-meta":"","stick-header-meta":"","header-above-stick-meta":"","header-main-stick-meta":"","header-below-stick-meta":"","astra-migrate-meta-layouts":"set","ast-page-background-enabled":"default","ast-page-background-meta":{"desktop":{"background-color":"var(--ast-global-color-4)","background-image":"","background-repeat":"repeat","background-position":"center center","background-size":"auto","background-attachment":"scroll","background-type":"","background-media":"","overlay-type":"","overlay-color":"","overlay-opacity":"","overlay-gradient":""},"tablet":{"background-color":"","background-image":"","background-repeat":"repeat","background-position":"center center","background-size":"auto","background-attachment":"scroll","background-type":"","background-media":"","overlay-type":"","overlay-color":"","overlay-opacity":"","overlay-gradient":""},"mobile":{"background-color":"","background-image":"","background-repeat":"repeat","background-position":"center center","background-size":"auto","background-attachment":"scroll","background-type":"","background-media":"","overlay-type":"","overlay-color":"","overlay-opacity":"","overlay-gradient":""}},"ast-content-background-meta":{"desktop":{"background-color":"var(--ast-global-color-5)","background-image":"","background-repeat":"repeat","background-position":"center center","background-size":"auto","background-attachment":"scroll","background-type":"","background-media":"","overlay-type":"","overlay-color":"","overlay-opacity":"","overlay-gradient":""},"tablet":{"background-color":"var(--ast-global-color-5)","background-image":"","background-repeat":"repeat","background-position":"center center","background-size":"auto","background-attachment":"scroll","background-type":"","background-media":"","overlay-type":"","overlay-color":"","overlay-opacity":"","overlay-gradient":""},"mobile":{"background-color":"var(--ast-global-color-5)","background-image":"","background-repeat":"repeat","background-position":"center center","background-size":"auto","background-attachment":"scroll","background-type":"","background-media":"","overlay-type":"","overlay-color":"","overlay-opacity":"","overlay-gradient":""}},"footnotes":""},"categories":[1,71,29],"tags":[1640,38],"class_list":["post-27203","post","type-post","status-publish","format-standard","has-post-thumbnail","hentry","category-general","category-jocs-florals","category-portada","tag-jocs-florals-escolars-de-catalunya","tag-sant-jordi"],"post_mailing_queue_ids":[],"_links":{"self":[{"href":"https:\/\/serveiseducatius.xtec.cat\/badalona\/wp-json\/wp\/v2\/posts\/27203","targetHints":{"allow":["GET"]}}],"collection":[{"href":"https:\/\/serveiseducatius.xtec.cat\/badalona\/wp-json\/wp\/v2\/posts"}],"about":[{"href":"https:\/\/serveiseducatius.xtec.cat\/badalona\/wp-json\/wp\/v2\/types\/post"}],"author":[{"embeddable":true,"href":"https:\/\/serveiseducatius.xtec.cat\/badalona\/wp-json\/wp\/v2\/users\/50"}],"replies":[{"embeddable":true,"href":"https:\/\/serveiseducatius.xtec.cat\/badalona\/wp-json\/wp\/v2\/comments?post=27203"}],"version-history":[{"count":3,"href":"https:\/\/serveiseducatius.xtec.cat\/badalona\/wp-json\/wp\/v2\/posts\/27203\/revisions"}],"predecessor-version":[{"id":27239,"href":"https:\/\/serveiseducatius.xtec.cat\/badalona\/wp-json\/wp\/v2\/posts\/27203\/revisions\/27239"}],"wp:featuredmedia":[{"embeddable":true,"href":"https:\/\/serveiseducatius.xtec.cat\/badalona\/wp-json\/wp\/v2\/media\/27204"}],"wp:attachment":[{"href":"https:\/\/serveiseducatius.xtec.cat\/badalona\/wp-json\/wp\/v2\/media?parent=27203"}],"wp:term":[{"taxonomy":"category","embeddable":true,"href":"https:\/\/serveiseducatius.xtec.cat\/badalona\/wp-json\/wp\/v2\/categories?post=27203"},{"taxonomy":"post_tag","embeddable":true,"href":"https:\/\/serveiseducatius.xtec.cat\/badalona\/wp-json\/wp\/v2\/tags?post=27203"}],"curies":[{"name":"wp","href":"https:\/\/api.w.org\/{rel}","templated":true}]}}